{"id":34106,"date":"2020-04-06T16:28:35","date_gmt":"2020-04-06T14:28:35","guid":{"rendered":"http:\/\/www.invarena.cz\/?p=34106"},"modified":"2020-04-06T16:28:35","modified_gmt":"2020-04-06T14:28:35","slug":"trebon-mesto-prideli-dalsi-dotace-do-socialnich-sluzeb","status":"publish","type":"post","link":"https:\/\/www.invarena.cz\/?p=34106","title":{"rendered":"T\u0159ebo\u0148: M\u011bsto p\u0159id\u011bl\u00ed dal\u0161\u00ed dotace do soci\u00e1ln\u00edch slu\u017eeb"},"content":{"rendered":"\n<p>Radn\u00ed m\u011bsta T\u0159ebon\u011b na sv\u00e9m posledn\u00edm jedn\u00e1n\u00ed schv\u00e1lili poskytnut\u00ed n\u011bkolika dotac\u00ed do oblasti soci\u00e1ln\u00edch slu\u017eeb. M\u011bstu byly doru\u010deny dal\u0161\u00ed \u017e\u00e1dosti o poskytnut\u00ed individu\u00e1ln\u00edch dotac\u00ed.<\/p>\n\n\n\n<p>Cel\u00fd \u010dl\u00e1nek naleznete v Parlamentn\u00edch Listech: <a href=\"https:\/\/www.parlamentnilisty.cz\/politika\/obce-volicum\/Trebon-Mesto-prideli-dalsi-dotace-do-socialnich-sluzeb-619637\" target=\"_blank\" rel=\"noreferrer noopener\" aria-label=\" (otev\u0159e se na nov\u00e9 z\u00e1lo\u017ece)\">https:\/\/www.parlamentnilisty.cz\/politika\/obce-volicum\/Trebon-Mesto-prideli-dalsi-dotace-do-socialnich-sluzeb-619637<\/a><\/p>\n","protected":false},"excerpt":{"rendered":"<div class=\"mh-excerpt\"><p>Radn\u00ed m\u011bsta T\u0159ebon\u011b na sv\u00e9m posledn\u00edm jedn\u00e1n\u00ed schv\u00e1lili poskytnut\u00ed n\u011bkolika dotac\u00ed do oblasti soci\u00e1ln\u00edch slu\u017eeb. M\u011bstu byly doru\u010deny dal\u0161\u00ed \u017e\u00e1dosti o poskytnut\u00ed individu\u00e1ln\u00edch dotac\u00ed. Cel\u00fd <a class=\"mh-excerpt-more\" href=\"https:\/\/www.invarena.cz\/?p=34106\" title=\"T\u0159ebo\u0148: M\u011bsto p\u0159id\u011bl\u00ed dal\u0161\u00ed dotace do soci\u00e1ln\u00edch slu\u017eeb\">[&#8230;]<\/a><\/p>\n<\/div>","protected":false},"author":1,"featured_media":24717,"comment_status":"open","ping_status":"closed","sticky":false,"template":"","format":"standard","meta":{"footnotes":""},"categories":[9],"tags":[],"class_list":["post-34106","post","type-post","status-publish","format-standard","has-post-thumbnail","hentry","category-zpravy"],"_links":{"self":[{"href":"https:\/\/www.invarena.cz\/index.php?rest_route=\/wp\/v2\/posts\/34106","targetHints":{"allow":["GET"]}}],"collection":[{"href":"https:\/\/www.invarena.cz\/index.php?rest_route=\/wp\/v2\/posts"}],"about":[{"href":"https:\/\/www.invarena.cz\/index.php?rest_route=\/wp\/v2\/types\/post"}],"author":[{"embeddable":true,"href":"https:\/\/www.invarena.cz\/index.php?rest_route=\/wp\/v2\/users\/1"}],"replies":[{"embeddable":true,"href":"https:\/\/www.invarena.cz\/index.php?rest_route=%2Fwp%2Fv2%2Fcomments&post=34106"}],"version-history":[{"count":0,"href":"https:\/\/www.invarena.cz\/index.php?rest_route=\/wp\/v2\/posts\/34106\/revisions"}],"wp:featuredmedia":[{"embeddable":true,"href":"https:\/\/www.invarena.cz\/index.php?rest_route=\/wp\/v2\/media\/24717"}],"wp:attachment":[{"href":"https:\/\/www.invarena.cz\/index.php?rest_route=%2Fwp%2Fv2%2Fmedia&parent=34106"}],"wp:term":[{"taxonomy":"category","embeddable":true,"href":"https:\/\/www.invarena.cz\/index.php?rest_route=%2Fwp%2Fv2%2Fcategories&post=34106"},{"taxonomy":"post_tag","embeddable":true,"href":"https:\/\/www.invarena.cz\/index.php?rest_route=%2Fwp%2Fv2%2Ftags&post=34106"}],"curies":[{"name":"wp","href":"https:\/\/api.w.org\/{rel}","templated":true}]}}