{"id":34166,"date":"2020-04-14T09:45:52","date_gmt":"2020-04-14T07:45:52","guid":{"rendered":"http:\/\/www.invarena.cz\/?p=34166"},"modified":"2020-04-14T09:45:55","modified_gmt":"2020-04-14T07:45:55","slug":"domaci-pece-o-seniory-a-hendikepovane","status":"publish","type":"post","link":"https:\/\/www.invarena.cz\/?p=34166","title":{"rendered":"Dom\u00e1c\u00ed p\u00e9\u010de o seniory a hendikepovan\u00e9"},"content":{"rendered":"\n<p>Lid\u00e9 pracuj\u00edc\u00ed v dom\u00e1c\u00ed p\u00e9\u010di  upozor\u0148uj\u00ed na to, \u017ee senio\u0159i nebo handicapovan\u00ed \u017eij\u00edc\u00ed doma nemus\u00ed sv\u00fdm  pe\u010dovatelk\u00e1m hl\u00e1sit karant\u00e9nu ani n\u00e1kazu koronavirem. Zdravotn\u00edci se tak  dost\u00e1vaj\u00ed do rizikov\u00fdch situac\u00ed. Nav\u00edc nemaj\u00ed dostate\u010dn\u00e9 ochrann\u00e9  pom\u016fcky, a m\u016f\u017eou t\u00edm p\u00e1dem nakazit jak sebe, tak dal\u0161\u00ed pacienty. Zast\u00e1n\u00ed  hledaj\u00ed u Ministerstva pr\u00e1ce a soci\u00e1ln\u00edch v\u011bc\u00ed.  <br><br>redaktorka  <br>Jana  \u010cern\u00e1 se star\u00e1 o seniory v Rokytnici nad Jizerou. Mnohdy za nimi mus\u00ed  a\u017e daleko na samotu. Magdalena Poho\u0159al\u00e1 zase \u0161patn\u011b chod\u00ed. I oni se  star\u00e1 Jana \u010cern\u00e1. Z bytu se nedostala u\u017e 2 roky.  <br><br>Magdalena POHO\u0158AL\u00c1, seniorka  <br>Tohle  je moje spojen\u00ed se sv\u011btem. Pro\u010d bych m\u011bla j\u00edt do domova d\u016fchodc\u016f, j\u00e1  jenom mimoto, \u017ee nem\u016f\u017eu chodit, mysl\u00ed mne, to v\u0161echno.  <br><br> redaktorka  <br>Nav\u00edc  l\u00e9ta usiluje o poj\u00edzdnou plo\u0161inu za 400 000 K\u010d. Nadace Olgy Havlov\u00e9  proto zalo\u017eila sb\u00edrku. Sama pan\u00ed Poho\u0159al\u00e1 pracovala jako zdravotn\u00ed  sestra, a\u017e do 72 let.  <br><br>Magdalena POHO\u0158AL\u00c1, seniorka  <br>Kdy\u017e to \u0161lo, tak jsem se sna\u017eila ka\u017ed\u00fdmu pomoct.  <br><br>redaktor  <br>Ter\u00e9nn\u00ed  slu\u017eba se tady v Rokytnici nad Jizerou a v okol\u00ed star\u00e1 o 150 klient\u016f.  Pom\u00e1h\u00e1 jim s n\u00e1kupy, s o\u0161et\u0159ov\u00e1n\u00edm i osobn\u00ed hygienou. Sestry i  pe\u010dovatelky tak mus\u00ed vstupovat do dom\u00e1cnost\u00ed a dost\u00e1vaj\u00ed se do \u00fazk\u00e9ho  kontaktu s lidmi.  <br><br>Jana \u010cERN\u00c1, pe\u010dovatelsk\u00e1 slu\u017eba, Zdravo\u0161 p\u00e9\u010de  <br>To jsem vyr\u00e1b\u011bla j\u00e1 u\u017e p\u0159ed t\u0159emi t\u00fddny. Dezinfekce jsou to, rou\u0161ky.  <br><br>redaktorka  <br>Ter\u00e9nn\u00ed pracovn\u00edci po cel\u00e9 republice se mnohdy setk\u00e1vaj\u00ed s t\u00edm, \u017ee jim klienti nebo jejich rodiny zatajuj\u00ed rizika.  <br><br>Jana \u010cERN\u00c1, pe\u010dovatelsk\u00e1 slu\u017eba, Zdravo\u0161 p\u00e9\u010de  <br>Byla  n\u00e1m propu\u0161t\u011bna klientka z nemocnice bez potvrzen\u00e9ho testu. Dal\u0161\u00ed si  vyrazila, ani\u017e by cokoliv \u0159ekla, na kontrolu a druh\u00fd den m\u011bla teploty.  Ty d\u011bv\u010data jdou hol\u00fdma rukama proti neviditeln\u00e9mu nep\u0159\u00edteli.  <br><br>pe\u010dovatelsk\u00e1 slu\u017eba  <br>My se stra\u0161n\u011b boj\u00edme, ale bohu\u017eel s t\u00edm ale nic nem\u016f\u017eeme nad\u011blat.  <br><br>redaktorka  <br>proto odeslali dopis ministryni pr\u00e1ce a soci\u00e1ln\u00edch v\u011bc\u00ed. Cht\u011bj\u00ed, aby  byla uz\u00e1kon\u011bna povinnost klienta informovat dom\u00e1c\u00ed p\u00e9\u010di o karant\u00e9n\u011b nebo  n\u00e1kaze. To je podle resortu zat\u00edm mo\u017en\u00e9 d\u00e1t pouze po dohod\u011b do smlouvy.   <br><br>pe\u010dovatelsk\u00e1 slu\u017eba  <br>Nev\u00edme nikdy, kdo u toho klienta  chv\u00edli p\u0159ed n\u00e1mi byl, jestli nebyl naka\u017een, u prov\u00e1d\u011bn\u00ed osobn\u00ed hygieny  vlastn\u011b ten klient nem\u016f\u017ee m\u00edt rou\u0161ku, tak\u017ee je to velik\u00fd probl\u00e9m.  <br><br>redaktorka  <br>D\u00e1le  \u017e\u00e1daj\u00ed, aby lid\u00e9 byli testov\u00e1n\u00ed po n\u00e1vratu z nemocnice nebo LDN. Stejn\u011b  jako v domovech pro seniory, <\/p>\n\n\n\n<p> \u010cesk\u00e1  televize.  <br><\/p>\n","protected":false},"excerpt":{"rendered":"<div class=\"mh-excerpt\"><p>Lid\u00e9 pracuj\u00edc\u00ed v dom\u00e1c\u00ed p\u00e9\u010di upozor\u0148uj\u00ed na to, \u017ee senio\u0159i nebo handicapovan\u00ed \u017eij\u00edc\u00ed doma nemus\u00ed sv\u00fdm pe\u010dovatelk\u00e1m hl\u00e1sit karant\u00e9nu ani n\u00e1kazu koronavirem. Zdravotn\u00edci se tak <a class=\"mh-excerpt-more\" href=\"https:\/\/www.invarena.cz\/?p=34166\" title=\"Dom\u00e1c\u00ed p\u00e9\u010de o seniory a hendikepovan\u00e9\">[&#8230;]<\/a><\/p>\n<\/div>","protected":false},"author":1,"featured_media":19048,"comment_status":"open","ping_status":"closed","sticky":false,"template":"","format":"standard","meta":{"footnotes":""},"categories":[7],"tags":[],"class_list":["post-34166","post","type-post","status-publish","format-standard","has-post-thumbnail","hentry","category-spolecnost"],"_links":{"self":[{"href":"https:\/\/www.invarena.cz\/index.php?rest_route=\/wp\/v2\/posts\/34166","targetHints":{"allow":["GET"]}}],"collection":[{"href":"https:\/\/www.invarena.cz\/index.php?rest_route=\/wp\/v2\/posts"}],"about":[{"href":"https:\/\/www.invarena.cz\/index.php?rest_route=\/wp\/v2\/types\/post"}],"author":[{"embeddable":true,"href":"https:\/\/www.invarena.cz\/index.php?rest_route=\/wp\/v2\/users\/1"}],"replies":[{"embeddable":true,"href":"https:\/\/www.invarena.cz\/index.php?rest_route=%2Fwp%2Fv2%2Fcomments&post=34166"}],"version-history":[{"count":0,"href":"https:\/\/www.invarena.cz\/index.php?rest_route=\/wp\/v2\/posts\/34166\/revisions"}],"wp:featuredmedia":[{"embeddable":true,"href":"https:\/\/www.invarena.cz\/index.php?rest_route=\/wp\/v2\/media\/19048"}],"wp:attachment":[{"href":"https:\/\/www.invarena.cz\/index.php?rest_route=%2Fwp%2Fv2%2Fmedia&parent=34166"}],"wp:term":[{"taxonomy":"category","embeddable":true,"href":"https:\/\/www.invarena.cz\/index.php?rest_route=%2Fwp%2Fv2%2Fcategories&post=34166"},{"taxonomy":"post_tag","embeddable":true,"href":"https:\/\/www.invarena.cz\/index.php?rest_route=%2Fwp%2Fv2%2Ftags&post=34166"}],"curies":[{"name":"wp","href":"https:\/\/api.w.org\/{rel}","templated":true}]}}