{"id":34169,"date":"2020-04-15T13:24:34","date_gmt":"2020-04-15T11:24:34","guid":{"rendered":"http:\/\/www.invarena.cz\/?p=34169"},"modified":"2020-04-15T13:24:35","modified_gmt":"2020-04-15T11:24:35","slug":"hiporehabilitacni-centra-volaji-o-pomoc-pacienti-o-ne-mohou-prijit-natrvalo","status":"publish","type":"post","link":"https:\/\/www.invarena.cz\/?p=34169","title":{"rendered":"Hiporehabilita\u010dn\u00ed centra volaj\u00ed o pomoc. Pacienti o n\u011b mohou p\u0159ij\u00edt natrvalo"},"content":{"rendered":"\n<p>\u017de jsou kv\u016fli pandemii koronaviru zav\u0159en\u00e9 podniky, lid\u00e9 ch\u00e1pou. Zav\u0159en\u00e9 jsou ale i n\u011bkter\u00e9 instituce, kter\u00e9 za norm\u00e1ln\u00edch okolnost\u00ed slou\u017e\u00ed p\u0159i zlep\u0161ov\u00e1n\u00ed zdrav\u00ed \u2013 nap\u0159\u00edklad hiporehabilita\u010dn\u00ed centra, je\u017e pom\u00e1haj\u00ed posti\u017een\u00fdm navracet hybnost pomoc\u00ed j\u00edzdy na koni. Jejich sdru\u017een\u00ed varuje: bez pomoci m\u016f\u017ee \u0159ada center skon\u010dit, co\u017e u\u0161kod\u00ed zejm\u00e9na handicapovan\u00fdm. <br><br>&#8222;Na\u0161e st\u0159ediska musela od 12. b\u0159ezna prakticky utlumit svoj\u00ed \u010dinnost a jejich obnoven\u00ed je v nedohlednu. T\u00edm se zastavil p\u0159\u00edsun financ\u00ed od klient\u016f, kter\u00fd tvo\u0159\u00ed zna\u010dnou \u010d\u00e1st zdroj\u016f pro financov\u00e1n\u00ed \u010dinnosti,&#8220; uv\u00e1d\u00ed \u010cesk\u00e1 hiporehabilita\u010dn\u00ed spole\u010dnost, je\u017e sdru\u017euje 57 \u010dlensk\u00fdch st\u0159edisek a des\u00edtky individu\u00e1ln\u00edch \u010dlen\u016f a registruje 280 hiporehabilita\u010dn\u00edch kon\u00ed.<\/p>\n\n\n\n<p>Podle p\u0159edsedkyn\u011b spole\u010dnosti V\u011bry Lantelme m\u00e1 sice hiporehabilitace v ucelen\u00e9 rehabilitaci d\u016fle\u017eit\u00e9 m\u00edsto, ale p\u0159esto nen\u00ed hrazena z ve\u0159ejn\u00e9ho zdravotnictv\u00ed &#8211; na ka\u017edou jednotku hiporehabilitace mus\u00ed st\u0159edisko z\u00edskat na pokryt\u00ed n\u00e1klad\u016f od sponzor\u016f a z grant\u016f 50 a\u017e 60 procent, zbytek hrad\u00ed klienti, co\u017e jsou v\u011bt\u0161inou rodi\u010de d\u011bt\u00ed. Pr\u00e1v\u011b u d\u011bt\u00ed hraje hiporehabilitace v\u00fdznamnou roli. <br><br>&#8222;D\u00edt\u011b se m\u016f\u017ee poda\u0159it rozchodit, i kdy\u017e nad n\u00edm u\u017e zdravotnick\u00fd syst\u00e9m zlomil h\u016fl,&#8220; podot\u00fdk\u00e1 p\u0159edsedkyn\u011b \u010cesk\u00e9 hiporehabilita\u010dn\u00ed spole\u010dnosti.<\/p>\n\n\n\n<p>Pot\u0159ebovala rozvinout motoriku<\/p>\n\n\n\n<p>Hol\u010di\u010dka Em\u010da se v \u00fanoru 2013, kdy j\u00ed bylo 17 m\u011bs\u00edc\u016f, dostala kv\u016fli opo\u017ed\u011bn\u00e9mu psychomotorick\u00e9mu v\u00fdvoji do hiporehabilita\u010dn\u00edho Sdru\u017een\u00ed Sraz, funguj\u00edc\u00edm ve statku Toulc\u016fv dv\u016fr v pra\u017esk\u00e9 Hostiva\u0159i.<\/p>\n\n\n\n<p>&#8222;V dev\u00edti m\u011bs\u00edc\u00edch v\u011bku motoricky odpov\u00eddala \u0161estim\u011bs\u00ed\u010dn\u00edmu miminku. Oto\u010dila se na b\u0159\u00ed\u0161ko a zvl\u00e1dla \u00b4p\u00e1st kon\u00edky\u00b4, ale na kol\u00ednka se nedostala a ani se neplazila,&#8220; popisuje pro Den\u00edk Monika \u0160\u0165astn\u00e1 Kohoutov\u00e1, ergoterapeutka (terapeutka zam\u011b\u0159en\u00e1 na rozvoj schopnost\u00ed) a specialistka pro hipoterapii.<\/p>\n\n\n\n<p>V 17 m\u011bs\u00edc\u00edch proto hol\u010di\u010dka za\u010dala doch\u00e1zet dvakr\u00e1t a\u017e t\u0159ikr\u00e1t t\u00fddn\u011b na hipoterapii neboli 15 minut j\u00edzdy na koni. <br><br>&#8222;Za\u010d\u00ednali jsme polohovat na ko\u0148sk\u00e9m h\u0159betu vle\u017ee na b\u0159\u00ed\u0161ku, abychom nastartovali lezen\u00ed. Zpo\u010d\u00e1tku se j\u00ed to nel\u00edbilo \u2013 cht\u011bla rad\u011bji sed\u011bt, ale po p\u00e1r lekc\u00edch si tuto pozici obl\u00edbila. Koncem b\u0159ezna se byla schopn\u00e1 udr\u017eet op\u0159en\u00e1 o kol\u00ednka a ruce (p\u0159\u00edprava na lezen\u00ed), v dubnu za\u010dala l\u00e9zt a do kv\u011btna to zvl\u00e1dla i v ter\u00e9nu,&#8220; popisuje terapeutka.<\/p>\n\n\n\n<p>V l\u00e9t\u011b hol\u010di\u010dka pokra\u010dovala v ostatn\u00edch rehabilitac\u00edch v\u010detn\u011b plav\u00e1n\u00ed, od z\u00e1\u0159\u00ed 2013 za\u010dala jezdit vsed\u011b. Kon\u011b si obl\u00edbila, t\u011b\u0161ila se na n\u011b a hl\u00eddala, aby pro n\u011b m\u011bla co nejv\u011bt\u0161\u00ed mrkev. &#8222;V \u0159\u00edjnu 2013 ud\u011blala doma sv\u00e9 prvn\u00ed kr\u016f\u010dky, koncem \u0159\u00edjna ji\u017e zvl\u00e1dla doma obej\u00edt st\u016fl. V listopadu za\u010dala doma chodit s d\u011btsk\u00fdm chod\u00edtkem \u2013 vzala si bat\u016f\u017eek, chod\u00edtko a \u0161la \u00b4na vandr\u00b4. V p\u016flce listopadu se zvl\u00e1dla postavit a v lednu 2014 zvl\u00e1dla prvn\u00ed samostatn\u00e9 kr\u016f\u010dky v prostoru &#8211; bylo j\u00ed 2,5 roku. V \u010dervnu dokonce u\u017e zvl\u00e1dla vyj\u00edt i schody. B\u011bhem necel\u00e9ho roku se dostala d\u00edky hipoterapii ve sv\u00e9m v\u00fdvoji tam, kde m\u011bla spr\u00e1vn\u011b b\u00fdt a kde by nejsp\u00ed\u0161 bez kon\u00ed nebyla,&#8220; podot\u00fdk\u00e1 Kohoutov\u00e1.<\/p>\n\n\n\n<p>Pot\u0159eba je kontinuita<\/p>\n\n\n\n<p>U \u0159ady d\u011btsk\u00fdch &#8222;klient\u016f&#8220; je p\u0159itom d\u016fle\u017eit\u00e1 kontinuita terapie, aby d\u00edt\u011b mohlo procvi\u010dovan\u00e9 svaly opakovan\u011b zapojovat. O tom hovo\u0159ila s Den\u00edkem dal\u0161\u00ed specialistka na hipoterapii Michaela Ma\u0161kov\u00e1, provozuj\u00edc\u00ed rodinn\u00e9 hipoteraputick\u00e9 st\u0159edisko Jezdectvo v Lochovic\u00edch na Berounsku.<\/p>\n\n\n\n<p>&#8222;M\u011bli jsme tu chlape\u010dka Mi\u0161ka narozen\u00e9ho v prosinci 2013 s diagnostikovanou Duchenovou svalovou dystrofi\u00ed, co\u017e je vrozen\u00e9 progresivn\u00ed onemocn\u011bn\u00ed, u n\u011bho\u017e st\u00e1le nen\u00ed dostupn\u00e1 c\u00edlen\u00e1 l\u00e9\u010dba. K tomu se soub\u011b\u017en\u011b projevil d\u011btsk\u00fd autismus,&#8220; popisuje Ma\u0161kov\u00e1. &#8222;U tohoto onemocn\u011bn\u00ed je velmi d\u016fle\u017eit\u00e9 rozvinout v ran\u00e9m d\u011btstv\u00ed schopnost udr\u017eet se ve svisl\u00e9 poloze a hrubou motoriku. Ve\u0161ker\u00e9 pohybov\u00e9 vzorce se mus\u00ed pravideln\u011b nacvi\u010dovat. Je odk\u00e1z\u00e1n na fyzioterapii a ka\u017edodenn\u00ed dom\u00e1c\u00ed cvi\u010den\u00ed. Ka\u017ed\u00fd sval se mus\u00ed vycvi\u010dit. P\u0159i\u010dem\u017e doch\u00e1z\u00ed k rychl\u00e9 \u00fanav\u011b. Jeliko\u017e je chlape\u010dek je\u0161t\u011b autista, nezvl\u00e1d\u00e1 cvi\u010den\u00ed na pokyn \u010di podle n\u00e1pov\u011bdy,&#8220; vysv\u011btluje. <br><br>Pr\u00e1v\u011b proto je pro n\u011bj podle n\u00ed vhodn\u00e1 hiporehabilitace. &#8222;Procvi\u010duje rovnov\u00e1hu a koordinaci i s\u00edlu sval\u016f bez nutnosti v\u011bdom\u00e9 spolupr\u00e1ce. Kontakt se zv\u00ed\u0159etem nav\u00edc u chlapce rozv\u00edj\u00ed socializaci, tedy schopnost p\u0159izp\u016fsobit se kontaktu s lidmi a zvl\u00e1dat ka\u017edodenn\u00ed \u010dinnosti. Na kon\u00edky doch\u00e1z\u00ed pravideln\u011b a je zn\u00e1t velk\u00fd pohybov\u00fd pokrok. Jak v rovnov\u00e1ze p\u0159i ch\u016fzi, tak i ve stabilit\u011b na nerovn\u00e9m podkladu. U\u017e zvl\u00e1d\u00e1 b\u011bhat i sk\u00e1kat,&#8220; \u0159\u00edk\u00e1 Michaela Ma\u0161kov\u00e1.<\/p>\n\n\n\n<p>&#8222;J\u00edzda syna opravdu stimuluje ve v\u0161ech sm\u011brech, je pak i kontaktn\u011bj\u0161\u00ed ve vztahu k lidem,&#8220; podot\u00fdk\u00e1 chlapcova matka. &#8222;Pro autistu jste p\u0159edm\u011bt, ale jak le\u017e\u00ed na ko\u0148sk\u00e9m h\u0159bet\u011b, m\u00e1 ke zv\u00ed\u0159eti bl\u00ed\u017e, a to ho stimuluje i v tom, \u017ee v\u00e1s dok\u00e1\u017ee vn\u00edmat jako \u010dlov\u011bka. V\u00edc d\u016fv\u011b\u0159uje lidem, je socializovan\u011bj\u0161\u00ed,&#8220; vysv\u011btluje. <br><br>Duchennova nemoc neboli Duchennova muskul\u00e1rn\u00ed dystrofie je vrozen\u00e1 genetick\u00e1 vada, charakteristick\u00e1 ochabov\u00e1n\u00edm a ztr\u00e1tou aktivn\u00ed svalov\u00e9 hmoty. Nedostatek dystrofinu (speci\u00e1ln\u00edho proteinu v kostern\u00ed tk\u00e1ni) m\u00e1 za n\u00e1sledek odum\u00edr\u00e1n\u00ed svalov\u00fdch vl\u00e1ken a jejich nahrazov\u00e1n\u00ed vazivem. Posti\u017een\u00ed chlapci maj\u00ed velk\u00e9 pot\u00ed\u017ee nejen s ch\u016fz\u00ed, ale tak\u00e9 se vst\u00e1v\u00e1n\u00edm \u010di used\u00e1n\u00edm. Tento stav lze \u010d\u00e1ste\u010dn\u011b zlep\u0161it cvi\u010den\u00edm, to v\u0161ak mus\u00ed b\u00fdt opravdu kontinu\u00e1ln\u00ed. &#8222;P\u0159estane-li pravideln\u00e1 rehabilitace, za\u010dnou svaly ochabovat a zapojit je znovu do pohybov\u00fdch vzorc\u016f m\u016f\u017ee b\u00fdt a\u017e nemo\u017en\u00e9,&#8220; dod\u00e1v\u00e1 Michaela Ma\u0161kov\u00e1.<\/p>\n\n\n\n<p>Konec st\u0159edisek by byl nenahraditeln\u00fd<\/p>\n\n\n\n<p>Na nutnost kontinuity upozor\u0148uje i \u010cesk\u00e1 hiporehabilita\u010dn\u00ed spole\u010dnost, kter\u00e1 se ob\u00e1v\u00e1 toho, aby kv\u016fli sou\u010dasn\u00e9mu utlumen\u00ed \u010dinnosti, a tedy i p\u0159\u00edsunu financ\u00ed n\u011bkter\u00e1 hiporehabilita\u010dn\u00ed st\u0159ediska \u00fapln\u011b neskon\u010dila. Popt\u00e1vka po jejich slu\u017eb\u00e1ch toti\u017e p\u0159evy\u0161uje nab\u00eddku, tak\u017ee po\u0161kozeni by podle p\u0159edsedkyn\u011b spole\u010dnosti byli zejm\u00e9na klienti.<\/p>\n\n\n\n<p>&#8222;Nap\u0159\u00edklad v Praze jsou n\u011bkolikam\u011bs\u00ed\u010dn\u00ed \u010dekac\u00ed lh\u016fty. I tak na\u0161imi st\u00e1jemi projde ro\u010dn\u011b v\u00edce ne\u017e 6000 klient\u016f. Hiporehabilita\u010dn\u00ed k\u016f\u0148 se ned\u00e1 jen tak koupit, a zku\u0161en\u00fdch terapeut\u016f, instruktor\u016f a cvi\u010ditel\u016f kon\u00ed tak\u00e9 nen\u00ed nazbyt. Rozpad takov\u00e9ho t\u00fdmu je nenahraditeln\u00fd,&#8220; upozor\u0148uje V\u011bra Lantelme. <br><br>Sdru\u017een\u00ed proto vypsalo na podporu hiporehabilita\u010dn\u00edch st\u0159edisek ve\u0159ejnou sb\u00edrku. &#8222;Na\u0161e st\u0159ediska dr\u017e\u00ed p\u0159i sob\u011b, vz\u00e1jemn\u011b se podporuj\u00ed. Proto po vyhodnocen\u00ed individu\u00e1ln\u00edch pot\u0159eb st\u0159edisek a stupn\u011b jejich ohro\u017eenosti mezi n\u011b finance rozd\u011bl\u00edme. Ji\u017e jsme zvl\u00e1dli velkou sb\u00edrku pro st\u0159edisko Apolenka, kter\u00e9 v roce 2018 vyho\u0159elo,&#8220; uzav\u00edr\u00e1 V\u011bra Lantelme. <br><br>Kol\u00ednsk\u00fd den\u00edk<\/p>\n\n\n\n<p><a rel=\"noreferrer noopener\" aria-label=\" (otev\u0159e se na nov\u00e9 z\u00e1lo\u017ece)\" href=\"https:\/\/kolinsky.denik.cz\/\" target=\"_blank\">https:\/\/kolinsky.denik.cz\/<\/a><\/p>\n","protected":false},"excerpt":{"rendered":"<div class=\"mh-excerpt\"><p>\u017de jsou kv\u016fli pandemii koronaviru zav\u0159en\u00e9 podniky, lid\u00e9 ch\u00e1pou. Zav\u0159en\u00e9 jsou ale i n\u011bkter\u00e9 instituce, kter\u00e9 za norm\u00e1ln\u00edch okolnost\u00ed slou\u017e\u00ed p\u0159i zlep\u0161ov\u00e1n\u00ed zdrav\u00ed \u2013 nap\u0159\u00edklad <a class=\"mh-excerpt-more\" href=\"https:\/\/www.invarena.cz\/?p=34169\" title=\"Hiporehabilita\u010dn\u00ed centra volaj\u00ed o pomoc. Pacienti o n\u011b mohou p\u0159ij\u00edt natrvalo\">[&#8230;]<\/a><\/p>\n<\/div>","protected":false},"author":1,"featured_media":11790,"comment_status":"open","ping_status":"closed","sticky":false,"template":"","format":"standard","meta":{"footnotes":""},"categories":[9],"tags":[],"class_list":["post-34169","post","type-post","status-publish","format-standard","has-post-thumbnail","hentry","category-zpravy"],"_links":{"self":[{"href":"https:\/\/www.invarena.cz\/index.php?rest_route=\/wp\/v2\/posts\/34169","targetHints":{"allow":["GET"]}}],"collection":[{"href":"https:\/\/www.invarena.cz\/index.php?rest_route=\/wp\/v2\/posts"}],"about":[{"href":"https:\/\/www.invarena.cz\/index.php?rest_route=\/wp\/v2\/types\/post"}],"author":[{"embeddable":true,"href":"https:\/\/www.invarena.cz\/index.php?rest_route=\/wp\/v2\/users\/1"}],"replies":[{"embeddable":true,"href":"https:\/\/www.invarena.cz\/index.php?rest_route=%2Fwp%2Fv2%2Fcomments&post=34169"}],"version-history":[{"count":0,"href":"https:\/\/www.invarena.cz\/index.php?rest_route=\/wp\/v2\/posts\/34169\/revisions"}],"wp:featuredmedia":[{"embeddable":true,"href":"https:\/\/www.invarena.cz\/index.php?rest_route=\/wp\/v2\/media\/11790"}],"wp:attachment":[{"href":"https:\/\/www.invarena.cz\/index.php?rest_route=%2Fwp%2Fv2%2Fmedia&parent=34169"}],"wp:term":[{"taxonomy":"category","embeddable":true,"href":"https:\/\/www.invarena.cz\/index.php?rest_route=%2Fwp%2Fv2%2Fcategories&post=34169"},{"taxonomy":"post_tag","embeddable":true,"href":"https:\/\/www.invarena.cz\/index.php?rest_route=%2Fwp%2Fv2%2Ftags&post=34169"}],"curies":[{"name":"wp","href":"https:\/\/api.w.org\/{rel}","templated":true}]}}