{"id":34223,"date":"2020-04-21T10:21:37","date_gmt":"2020-04-21T08:21:37","guid":{"rendered":"http:\/\/www.invarena.cz\/?p=34223"},"modified":"2020-04-21T10:21:38","modified_gmt":"2020-04-21T08:21:38","slug":"bezplatna-infolinka-pro-lidi-s-postizenim-sluchu","status":"publish","type":"post","link":"https:\/\/www.invarena.cz\/?p=34223","title":{"rendered":"Bezplatn\u00e1 infolinka pro lidi s posti\u017een\u00edm sluchu"},"content":{"rendered":"\n<p> V Plze\u0148sk\u00e9m kraji za\u010dala fungovat bezplatn\u00e1  infolinka pro lidi s posti\u017een\u00edm sluchu. M\u00e1 usnadnit telefonickou  komunikaci prost\u0159ednictv\u00edm online p\u0159epis\u016f hovor\u016f. Report\u00e1\u017e TV NOVA.  <br><br>Linka  je ur\u010dena pro lidi s posti\u017een\u00edm sluchu, ale tak\u00e9 pro nedosl\u00fdchav\u00e9,  seniory a p\u0159\u00edpadn\u011b pro cizince, kte\u0159\u00ed jsou schopni komunikovat v \u010desk\u00e9m  jazyce a preferuj\u00ed psanou formu. Na webu kraje sta\u010d\u00ed kliknout na symbol  pro nesly\u0161\u00edc\u00ed, zadat sv\u00e9 telefonn\u00ed \u010d\u00edslo a  kliknout na tla\u010d\u00edtko &#8222;zavolejte mi&#8220;. P\u0159episovatel hovoru se pak spoj\u00ed s  klientem, kter\u00e9mu d\u00e1 p\u00edsemn\u011b pokyn, \u017ee m\u016f\u017ee za\u010d\u00edt mluvit. Spoj\u00ed se tak\u00e9  s oper\u00e1torem infolinky, kter\u00e9mu ozn\u00e1m\u00ed, \u017ee klient bude vyu\u017e\u00edvat pr\u00e1v\u011b  slu\u017ebu p\u0159episu \u0159e\u010di. Rozhovor mezi klientem a oper\u00e1torem prob\u00edh\u00e1 zcela  norm\u00e1ln\u011b. Klient na obrazovce sleduje p\u0159epis \u0159e\u010di oper\u00e1tora. Podle  z\u00e1stupce spole\u010dnosti, kter\u00e1 m\u00e1 tuto slu\u017ebu na starosti, cht\u011bj\u00ed lid\u00e9 s  posti\u017een\u00edm sluchu vid\u011bt doslovn\u011b, co jim druh\u00e1 strana \u0159\u00edk\u00e1. Kraj tuto  slu\u017ebu spustil v r\u00e1mci opat\u0159en\u00ed proti \u0161\u00ed\u0159en\u00ed nemoci COVID-19 a pl\u00e1nuje  ji nechat aktivn\u00ed zat\u00edm do konce \u010dervence. Je bezplatn\u00e1. P\u0159episovatel\u00e9  jsou lidem k dispozici v pracovn\u00edch dnech od 9 do 18 hodin. N\u00e1r\u016fst v  hovorech p\u0159edpokl\u00e1d\u00e1 kraj od p\u0159\u00ed\u0161t\u00edho pond\u011bl\u00ed, kdy budou op\u011bt v provozu  \u00fa\u0159ady a bude tak z\u0159ejm\u011b nar\u016fstat po\u010det dotaz\u016f.  <\/p>\n\n\n\n<p>TV NOVA<br><\/p>\n","protected":false},"excerpt":{"rendered":"<div class=\"mh-excerpt\"><p>V Plze\u0148sk\u00e9m kraji za\u010dala fungovat bezplatn\u00e1 infolinka pro lidi s posti\u017een\u00edm sluchu. M\u00e1 usnadnit telefonickou komunikaci prost\u0159ednictv\u00edm online p\u0159epis\u016f hovor\u016f. Report\u00e1\u017e TV NOVA. Linka je <a class=\"mh-excerpt-more\" href=\"https:\/\/www.invarena.cz\/?p=34223\" title=\"Bezplatn\u00e1 infolinka pro lidi s posti\u017een\u00edm sluchu\">[&#8230;]<\/a><\/p>\n<\/div>","protected":false},"author":1,"featured_media":15350,"comment_status":"open","ping_status":"closed","sticky":false,"template":"","format":"standard","meta":{"footnotes":""},"categories":[18,12],"tags":[],"class_list":["post-34223","post","type-post","status-publish","format-standard","has-post-thumbnail","hentry","category-poradna","category-rozhovory"],"_links":{"self":[{"href":"https:\/\/www.invarena.cz\/index.php?rest_route=\/wp\/v2\/posts\/34223","targetHints":{"allow":["GET"]}}],"collection":[{"href":"https:\/\/www.invarena.cz\/index.php?rest_route=\/wp\/v2\/posts"}],"about":[{"href":"https:\/\/www.invarena.cz\/index.php?rest_route=\/wp\/v2\/types\/post"}],"author":[{"embeddable":true,"href":"https:\/\/www.invarena.cz\/index.php?rest_route=\/wp\/v2\/users\/1"}],"replies":[{"embeddable":true,"href":"https:\/\/www.invarena.cz\/index.php?rest_route=%2Fwp%2Fv2%2Fcomments&post=34223"}],"version-history":[{"count":0,"href":"https:\/\/www.invarena.cz\/index.php?rest_route=\/wp\/v2\/posts\/34223\/revisions"}],"wp:featuredmedia":[{"embeddable":true,"href":"https:\/\/www.invarena.cz\/index.php?rest_route=\/wp\/v2\/media\/15350"}],"wp:attachment":[{"href":"https:\/\/www.invarena.cz\/index.php?rest_route=%2Fwp%2Fv2%2Fmedia&parent=34223"}],"wp:term":[{"taxonomy":"category","embeddable":true,"href":"https:\/\/www.invarena.cz\/index.php?rest_route=%2Fwp%2Fv2%2Fcategories&post=34223"},{"taxonomy":"post_tag","embeddable":true,"href":"https:\/\/www.invarena.cz\/index.php?rest_route=%2Fwp%2Fv2%2Ftags&post=34223"}],"curies":[{"name":"wp","href":"https:\/\/api.w.org\/{rel}","templated":true}]}}