{"id":34226,"date":"2020-04-21T10:31:31","date_gmt":"2020-04-21T08:31:31","guid":{"rendered":"http:\/\/www.invarena.cz\/?p=34226"},"modified":"2020-04-21T10:31:32","modified_gmt":"2020-04-21T08:31:32","slug":"zdravotne-postizeni-lide-a-jejich-rodiny-volaji-o-pomoc","status":"publish","type":"post","link":"https:\/\/www.invarena.cz\/?p=34226","title":{"rendered":"Zdravotn\u011b posti\u017een\u00ed lid\u00e9 a jejich rodiny volaj\u00ed o pomoc"},"content":{"rendered":"\n<p>Report\u00e1\u017e TV Barrandov &#8211; Jarom\u00edr SOUKUP, moder\u00e1tor : &#8222;Zdravotn\u011b posti\u017een\u00ed  lid\u00e9 a jejich rodiny volaj\u00ed zoufale o pomoc. Tvrd\u00ed toti\u017e, \u017ee na n\u011b  vl\u00e1da v dob\u011b vyhla\u0161ov\u00e1n\u00ed sv\u00fdch opat\u0159en\u00ed opakovan\u011b zapomn\u011bla. J\u00e1 si mus\u00edm  souhlasit, nap\u0159\u00edklad rodi\u010de, kte\u0159\u00ed vozili sv\u00e9 posti\u017een\u00e9  d\u011bti do denn\u00edch stacion\u00e1\u0159\u016f, se te\u010f o n\u011b mus\u00ed starat sami doma, proto\u017ee  tyhle denn\u00ed stacion\u00e1\u0159e jsou prost\u011b zav\u0159en\u00e9. Nicm\u00e9n\u011b \u010d\u00e1stku, kterou za to  ka\u017ed\u00fd m\u011bs\u00edc plat\u00ed, mus\u00ed pos\u00edlat d\u00e1l. Tedy do t\u011bch denn\u00edch stacion\u00e1\u0159\u016f, a  to nemluv\u00edm o mal\u00fdch pen\u011bz\u00edch, jsou to n\u011bkolikatis\u00edcov\u00e9 \u010d\u00e1stky a  probl\u00e9m maj\u00ed i rodi\u010de d\u011bt\u00ed, kte\u0159\u00ed trp\u00ed t\u0159eba psychick\u00fdmi probl\u00e9my jako  autismus a podobn\u011b, proto\u017ee nefunguj\u00ed ani asistenti, ani poradci.  Probl\u00e9m maj\u00ed i nevidom\u00ed, kte\u0159\u00ed maj\u00ed te\u010f  tedy logicky probl\u00e9m zeptat se lid\u00ed na to, jak\u00e9 \u010d\u00edslo tramvaje nebo  autobusu p\u0159ij\u00ed\u017ed\u00ed, proto\u017ee lid\u00e9 si prost\u011b dodr\u017euj\u00ed ty odstupy, sna\u017e\u00ed se 1  druh\u00e9mu vyhnout a samoz\u0159ejm\u011b na ulic\u00edch je daleko m\u00e9n\u011b lid\u00ed. J\u00e1 jsem  r\u00e1d za dobrovoln\u00edky, kte\u0159\u00ed te\u010f t\u011bmto lidem pom\u00e1haj\u00ed, ale z\u00e1rove\u0148 si  mysl\u00edm, \u017ee st\u00e1t by m\u011bl v tomto p\u0159\u00edpad\u011b i nad\u00e1le plnit svoji povinnost,  tak douf\u00e1m, \u017ee se ministerstvo pr\u00e1ce a soci\u00e1ln\u00edch v\u011bc\u00ed brzy vzpamatuje.  &#8222;<br><\/p>\n","protected":false},"excerpt":{"rendered":"<div class=\"mh-excerpt\"><p>Report\u00e1\u017e TV Barrandov &#8211; Jarom\u00edr SOUKUP, moder\u00e1tor : &#8222;Zdravotn\u011b posti\u017een\u00ed lid\u00e9 a jejich rodiny volaj\u00ed zoufale o pomoc. Tvrd\u00ed toti\u017e, \u017ee na n\u011b vl\u00e1da v <a class=\"mh-excerpt-more\" href=\"https:\/\/www.invarena.cz\/?p=34226\" title=\"Zdravotn\u011b posti\u017een\u00ed lid\u00e9 a jejich rodiny volaj\u00ed o pomoc\">[&#8230;]<\/a><\/p>\n<\/div>","protected":false},"author":1,"featured_media":12304,"comment_status":"open","ping_status":"closed","sticky":false,"template":"","format":"standard","meta":{"footnotes":""},"categories":[4],"tags":[],"class_list":["post-34226","post","type-post","status-publish","format-standard","has-post-thumbnail","hentry","category-nazory"],"_links":{"self":[{"href":"https:\/\/www.invarena.cz\/index.php?rest_route=\/wp\/v2\/posts\/34226","targetHints":{"allow":["GET"]}}],"collection":[{"href":"https:\/\/www.invarena.cz\/index.php?rest_route=\/wp\/v2\/posts"}],"about":[{"href":"https:\/\/www.invarena.cz\/index.php?rest_route=\/wp\/v2\/types\/post"}],"author":[{"embeddable":true,"href":"https:\/\/www.invarena.cz\/index.php?rest_route=\/wp\/v2\/users\/1"}],"replies":[{"embeddable":true,"href":"https:\/\/www.invarena.cz\/index.php?rest_route=%2Fwp%2Fv2%2Fcomments&post=34226"}],"version-history":[{"count":0,"href":"https:\/\/www.invarena.cz\/index.php?rest_route=\/wp\/v2\/posts\/34226\/revisions"}],"wp:featuredmedia":[{"embeddable":true,"href":"https:\/\/www.invarena.cz\/index.php?rest_route=\/wp\/v2\/media\/12304"}],"wp:attachment":[{"href":"https:\/\/www.invarena.cz\/index.php?rest_route=%2Fwp%2Fv2%2Fmedia&parent=34226"}],"wp:term":[{"taxonomy":"category","embeddable":true,"href":"https:\/\/www.invarena.cz\/index.php?rest_route=%2Fwp%2Fv2%2Fcategories&post=34226"},{"taxonomy":"post_tag","embeddable":true,"href":"https:\/\/www.invarena.cz\/index.php?rest_route=%2Fwp%2Fv2%2Ftags&post=34226"}],"curies":[{"name":"wp","href":"https:\/\/api.w.org\/{rel}","templated":true}]}}