{"id":34230,"date":"2020-04-22T14:01:35","date_gmt":"2020-04-22T12:01:35","guid":{"rendered":"http:\/\/www.invarena.cz\/?p=34230"},"modified":"2020-04-22T14:01:36","modified_gmt":"2020-04-22T12:01:36","slug":"naplnuje-me-se-venovat-osamelym-lidem","status":"publish","type":"post","link":"https:\/\/www.invarena.cz\/?p=34230","title":{"rendered":"Napl\u0148uje m\u011b se v\u011bnovat osam\u011bl\u00fdm lidem"},"content":{"rendered":"\n<p>Michaela Chytr\u00e1 Jane\u010dkov\u00e1 z Teplic pracovala v chr\u00e1n\u011bn\u00e9 d\u00edln\u011b Arkadie. Dnes se anga\u017euje ve spolku Spolu proti samot\u011b. P\u0159e\u010dt\u011bte si jej\u00ed p\u0159\u00edb\u011bh ze seri\u00e1lu Lid\u00e9 odvedle, kter\u00fd vych\u00e1z\u00ed pravideln\u011b v T\u00fdden\u00edku Sm\u011br.<\/p>\n\n\n\n<p>M\u00fdm \u017eivotn\u00edm zlomem bylo moje autoimunitn\u00ed onemocn\u011bn\u00ed, kter\u00e9 u m\u011b propuklo ve 14 letech. A to se stalo z\u0159ejm\u011b spou\u0161t\u011b\u010dem toho, co mi n\u00e1sledn\u011b p\u0159ipravil osud. P\u0159i n\u011bkolika hospitalizac\u00edch v nemocnici jsem se opakovan\u011b ocitala na odd\u011blen\u00ed interny mezi star\u0161\u00edmi \u017eenami a seniorkami. B\u011bhem pobytu jsem v\u017edy se v\u0161emi nav\u00e1zala kontakt. Pan\u00ed vypr\u00e1v\u011bly svoje \u017eivotn\u00ed p\u0159\u00edb\u011bhy a p\u0159edev\u0161\u00edm cht\u011bly spole\u010dnost.<\/p>\n\n\n\n<p>Mo\u017en\u00e1 tato zku\u0161enost mne podv\u011bdom\u011b nasm\u011brovala a mou n\u00e1slednou touhou bylo pracovat s posti\u017een\u00fdmi lidmi nebo podobnou c\u00edlovou skupinou.<\/p>\n\n\n\n<p>Kdy\u017e jsem dos\u00e1hla plnoletosti a m\u00e1 nemoc m\u011bla b\u011bhem let r\u016fzn\u00e9 v\u00fdvoje, bylo mi ozn\u00e1meno, \u017ee bude lep\u0161\u00ed, kdy\u017e budu m\u00edt invalidn\u00ed d\u016fchod. Velice mne to zas\u00e1hlo, ale z\u00e1rove\u0148 posunulo k m\u00e9mu c\u00edli. Nastoupila jsem do chr\u00e1n\u011bn\u00e9 d\u00edlny Arkadie do technick\u00e9 d\u00edlny. V\u00fdvojem t\u00e9to organizace jsem m\u011bla mo\u017enost s ment\u00e1ln\u011b a t\u011blesn\u011b posti\u017een\u00fdmi klienty zkou\u0161et nov\u00e9 v\u00fdrobn\u00ed postupy, kter\u00e9 vy\u00fastily ru\u010dn\u00ed v\u00fdrobou sv\u00ed\u010dek a m\u00fddel. Pr\u00e1ce mne velice bavila a napl\u0148ovala.<\/p>\n\n\n\n<p>P\u00e1lili jsme venku keramiku nebo jsme jezdili na v\u00fdlety do n\u011bmeck\u00fdch chr\u00e1n\u011bn\u00fdch d\u00edlen. Tyto \u010dinnosti n\u00e1\u0161 kolektiv stmelovaly a byli jsme takovou pulzuj\u00edc\u00ed rodinou.<\/p>\n\n\n\n<p>Po n\u011bkolika letech jsem musela tyto vody opustit, proto\u017ee jsem ot\u011bhotn\u011bla a z\u00e1rove\u0148 jsem pot\u0159ebovala velkou zm\u011bnu pro sv\u00e9 du\u0161evn\u00ed zdrav\u00ed.<\/p>\n\n\n\n<p>Po mate\u0159sk\u00e9 jsem nastoupila na b\u011b\u017enou administrativn\u00ed pozici. Po \u010dase jsem byla nucena kv\u016fli zdravotn\u00edmu stavu pracovat na p\u016fl \u00favazku. V tomto \u010dase mi zavolal letit\u00fd zn\u00e1m\u00fd, teplick\u00fd fotograf Robert Zauer s my\u0161lenkou, \u017ee zalo\u017e\u00ed spolek Spolu proti samot\u011b, kter\u00fd bude soust\u0159e\u010fovat dobrovoln\u00edky, propojovat generace nap\u0159\u00ed\u010d a podporovat p\u0159edev\u0161\u00edm c\u00edlovou skupinu senior\u016f tak, aby nebyli osam\u011bl\u00ed.<\/p>\n\n\n\n<p>Tento n\u00e1pad mne velmi zaujal. Od t\u00e9 chv\u00edle za\u010dala na\u0161e spolupr\u00e1ce, organizace, koordinace dobrovoln\u00edk\u016f, dal\u0161\u00ed vzd\u011bl\u00e1v\u00e1n\u00ed a p\u0159\u00e1telstv\u00ed.<\/p>\n\n\n\n<p>Osam\u011bl\u00fdm lidem se i dnes po\u0159\u00e1d v\u011bnuje velmi mal\u00e1 pozornost a v dobrovolnick\u00e9m centru se n\u00e1m st\u00e1le v\u00edc potvrzuje, jak moc je pot\u0159ebn\u00e9 rozv\u00edjet pospolitost, vz\u00e1jemnou ohleduplnost, respekt a oby\u010dejnou lidskou komunikaci v re\u00e1ln\u00e9m prost\u0159ed\u00ed.<\/p>\n\n\n\n<p>Petr M\u00e1lek<\/p>\n\n\n\n<p>Teplick\u00fd den\u00edk<\/p>\n\n\n\n<p><a rel=\"noreferrer noopener\" aria-label=\" (otev\u0159e se na nov\u00e9 z\u00e1lo\u017ece)\" href=\"http:\/\/www.teplicky.denik.cz\/\" target=\"_blank\">http:\/\/www.teplicky.denik.cz\/<\/a><\/p>\n","protected":false},"excerpt":{"rendered":"<div class=\"mh-excerpt\"><p>Michaela Chytr\u00e1 Jane\u010dkov\u00e1 z Teplic pracovala v chr\u00e1n\u011bn\u00e9 d\u00edln\u011b Arkadie. Dnes se anga\u017euje ve spolku Spolu proti samot\u011b. P\u0159e\u010dt\u011bte si jej\u00ed p\u0159\u00edb\u011bh ze seri\u00e1lu Lid\u00e9 <a class=\"mh-excerpt-more\" href=\"https:\/\/www.invarena.cz\/?p=34230\" title=\"Napl\u0148uje m\u011b se v\u011bnovat osam\u011bl\u00fdm lidem\">[&#8230;]<\/a><\/p>\n<\/div>","protected":false},"author":1,"featured_media":19373,"comment_status":"open","ping_status":"closed","sticky":false,"template":"","format":"standard","meta":{"footnotes":""},"categories":[9],"tags":[],"class_list":["post-34230","post","type-post","status-publish","format-standard","has-post-thumbnail","hentry","category-zpravy"],"_links":{"self":[{"href":"https:\/\/www.invarena.cz\/index.php?rest_route=\/wp\/v2\/posts\/34230","targetHints":{"allow":["GET"]}}],"collection":[{"href":"https:\/\/www.invarena.cz\/index.php?rest_route=\/wp\/v2\/posts"}],"about":[{"href":"https:\/\/www.invarena.cz\/index.php?rest_route=\/wp\/v2\/types\/post"}],"author":[{"embeddable":true,"href":"https:\/\/www.invarena.cz\/index.php?rest_route=\/wp\/v2\/users\/1"}],"replies":[{"embeddable":true,"href":"https:\/\/www.invarena.cz\/index.php?rest_route=%2Fwp%2Fv2%2Fcomments&post=34230"}],"version-history":[{"count":0,"href":"https:\/\/www.invarena.cz\/index.php?rest_route=\/wp\/v2\/posts\/34230\/revisions"}],"wp:featuredmedia":[{"embeddable":true,"href":"https:\/\/www.invarena.cz\/index.php?rest_route=\/wp\/v2\/media\/19373"}],"wp:attachment":[{"href":"https:\/\/www.invarena.cz\/index.php?rest_route=%2Fwp%2Fv2%2Fmedia&parent=34230"}],"wp:term":[{"taxonomy":"category","embeddable":true,"href":"https:\/\/www.invarena.cz\/index.php?rest_route=%2Fwp%2Fv2%2Fcategories&post=34230"},{"taxonomy":"post_tag","embeddable":true,"href":"https:\/\/www.invarena.cz\/index.php?rest_route=%2Fwp%2Fv2%2Ftags&post=34230"}],"curies":[{"name":"wp","href":"https:\/\/api.w.org\/{rel}","templated":true}]}}