{"id":34236,"date":"2020-04-22T14:16:33","date_gmt":"2020-04-22T12:16:33","guid":{"rendered":"http:\/\/www.invarena.cz\/?p=34236"},"modified":"2020-04-22T14:16:33","modified_gmt":"2020-04-22T12:16:33","slug":"v-ostrave-vyroste-skorapka-pro-umeleckou-terapii","status":"publish","type":"post","link":"https:\/\/www.invarena.cz\/?p=34236","title":{"rendered":"V Ostrav\u011b vyroste Sko\u0159\u00e1pka pro um\u011bleckou terapii"},"content":{"rendered":"\n<p>V Mari\u00e1nsk\u00fdch Hor\u00e1ch vznikne jedin\u00e9 za\u0159\u00edzen\u00ed sv\u00e9ho druhu v \u010cesk\u00e9 republice, M\u011bstsk\u00e9 centrum um\u011bleck\u00fdch terapi\u00ed s poetick\u00fdm n\u00e1zvem Sko\u0159\u00e1pka. Rada m\u011bsta schv\u00e1lila v\u00edt\u011bze ve\u0159ejn\u00e9 zak\u00e1zky, kter\u00fd zrekonstruuje objekt b\u00fdval\u00e9 mate\u0159sk\u00e9 \u0161koly v obvodu Mari\u00e1nsk\u00e9 Hory a Hulv\u00e1ky v ulici U Dvoru. <br><br>Cel\u00fd \u010dl\u00e1nek naleznete v Parlamentn\u00edch Listech: <a href=\"http:\/\/www.parlamentnilisty.cz\/politika\/obce-volicum\/V-Ostrave-vyroste-Skorapka-pro-umeleckou-terapii-621336\" target=\"_blank\" rel=\"noreferrer noopener\" aria-label=\" (otev\u0159e se na nov\u00e9 z\u00e1lo\u017ece)\">http:\/\/www.parlamentnilisty.cz\/politika\/obce-volicum\/V-Ostrave-vyroste-Skorapka-pro-umeleckou-terapii-621336<\/a><\/p>\n","protected":false},"excerpt":{"rendered":"<div class=\"mh-excerpt\"><p>V Mari\u00e1nsk\u00fdch Hor\u00e1ch vznikne jedin\u00e9 za\u0159\u00edzen\u00ed sv\u00e9ho druhu v \u010cesk\u00e9 republice, M\u011bstsk\u00e9 centrum um\u011bleck\u00fdch terapi\u00ed s poetick\u00fdm n\u00e1zvem Sko\u0159\u00e1pka. Rada m\u011bsta schv\u00e1lila v\u00edt\u011bze ve\u0159ejn\u00e9 zak\u00e1zky, <a class=\"mh-excerpt-more\" href=\"https:\/\/www.invarena.cz\/?p=34236\" title=\"V Ostrav\u011b vyroste Sko\u0159\u00e1pka pro um\u011bleckou terapii\">[&#8230;]<\/a><\/p>\n<\/div>","protected":false},"author":1,"featured_media":2927,"comment_status":"open","ping_status":"closed","sticky":false,"template":"","format":"standard","meta":{"footnotes":""},"categories":[9],"tags":[],"class_list":["post-34236","post","type-post","status-publish","format-standard","has-post-thumbnail","hentry","category-zpravy"],"_links":{"self":[{"href":"https:\/\/www.invarena.cz\/index.php?rest_route=\/wp\/v2\/posts\/34236","targetHints":{"allow":["GET"]}}],"collection":[{"href":"https:\/\/www.invarena.cz\/index.php?rest_route=\/wp\/v2\/posts"}],"about":[{"href":"https:\/\/www.invarena.cz\/index.php?rest_route=\/wp\/v2\/types\/post"}],"author":[{"embeddable":true,"href":"https:\/\/www.invarena.cz\/index.php?rest_route=\/wp\/v2\/users\/1"}],"replies":[{"embeddable":true,"href":"https:\/\/www.invarena.cz\/index.php?rest_route=%2Fwp%2Fv2%2Fcomments&post=34236"}],"version-history":[{"count":0,"href":"https:\/\/www.invarena.cz\/index.php?rest_route=\/wp\/v2\/posts\/34236\/revisions"}],"wp:featuredmedia":[{"embeddable":true,"href":"https:\/\/www.invarena.cz\/index.php?rest_route=\/wp\/v2\/media\/2927"}],"wp:attachment":[{"href":"https:\/\/www.invarena.cz\/index.php?rest_route=%2Fwp%2Fv2%2Fmedia&parent=34236"}],"wp:term":[{"taxonomy":"category","embeddable":true,"href":"https:\/\/www.invarena.cz\/index.php?rest_route=%2Fwp%2Fv2%2Fcategories&post=34236"},{"taxonomy":"post_tag","embeddable":true,"href":"https:\/\/www.invarena.cz\/index.php?rest_route=%2Fwp%2Fv2%2Ftags&post=34236"}],"curies":[{"name":"wp","href":"https:\/\/api.w.org\/{rel}","templated":true}]}}