{"id":34243,"date":"2020-04-22T14:25:12","date_gmt":"2020-04-22T12:25:12","guid":{"rendered":"http:\/\/www.invarena.cz\/?p=34243"},"modified":"2020-04-22T14:25:12","modified_gmt":"2020-04-22T12:25:12","slug":"slepecti-psi-se-zalibili-japoncum","status":"publish","type":"post","link":"https:\/\/www.invarena.cz\/?p=34243","title":{"rendered":"Slepe\u010dt\u00ed psi se zal\u00edbili Japonc\u016fm"},"content":{"rendered":"\n<p>Za\u010d\u00e1tkem roku 2017 se \u010dty\u0159noh\u00fd labrador Michael s p\u0159ezd\u00edvkou Mike z oseck\u00e9 chovn\u00e9 linie Bri-col vydal na dalekou cestu do Japonska. Vybrali si ho v Jokoham\u011b (konkr\u00e9tn\u011b ve v\u00fdcvikov\u00e9 \u0161kole Narita), aby se stal zakladatelem nov\u00e9ho rodu slepeck\u00fdch ps\u016f.<\/p>\n\n\n\n<p>Osek \u2013 Pes se narodil v chovn\u00e9 stanici Bri-col man\u017eel\u016f Tom\u00e1\u0161\u016f. Host\u016fm ze zem\u011b vych\u00e1zej\u00edc\u00edho slunce se zamlouval geneticky, vzhledov\u011b, zdravotn\u011b i povahov\u011b,&#8220; uvedla chovatelka Renata Krej\u010dov\u00e1. Dnes bezm\u00e1la p\u011btilet\u00fd Mike \u017eije spokojen\u011b v rodin\u011b Tsuchidov\u00fdch a v ob\u0159\u00edm v\u00fdcvikov\u00e9m centru vod\u00edc\u00edch ps\u016f se u\u017e t\u0159ikr\u00e1t \u00fasp\u011b\u0161n\u011b stal otcem.<\/p>\n\n\n\n<p>Letos se do asijsk\u00e9ho st\u00e1tu vypravil Mik\u016fv mlad\u0161\u00ed sourozenec Vince. Po \u0159ad\u011b prohl\u00eddek a test\u016f to stihl v \u00fanoru, tedy t\u011bsn\u011b p\u0159ed za\u010d\u00e1tkem probl\u00e9m\u016f s cestov\u00e1n\u00edm.<\/p>\n\n\n\n<p>Sou\u010d\u00e1st\u00ed v\u00fdcviku byly povely z\u00e1kladn\u00ed poslu\u0161nosti v japon\u0161tin\u011b a angli\u010dtin\u011b. <\/p>\n\n\n\n<p>&#8222;M\u00e1me obrovskou radost, \u017ee jsou na\u0161i \u010dty\u0159noz\u00ed rod\u00e1ci \u00fasp\u011b\u0161n\u00ed. Jejich potomstvo bude pom\u00e1hat nevidom\u00fdm i na druh\u00e9 stran\u011b sv\u011bta,&#8220; zd\u016fraznila Renata.<\/p>\n\n\n\n<p>V\u00c1CLAV HAVR\u00c1NEK<\/p>\n\n\n\n<p>Rokycansk\u00fd den\u00edk<\/p>\n\n\n\n<p><a rel=\"noreferrer noopener\" aria-label=\" (otev\u0159e se na nov\u00e9 z\u00e1lo\u017ece)\" href=\"http:\/\/rokycansky.denik.cz\/\" target=\"_blank\">http:\/\/rokycansky.denik.cz\/<\/a><\/p>\n","protected":false},"excerpt":{"rendered":"<div class=\"mh-excerpt\"><p>Za\u010d\u00e1tkem roku 2017 se \u010dty\u0159noh\u00fd labrador Michael s p\u0159ezd\u00edvkou Mike z oseck\u00e9 chovn\u00e9 linie Bri-col vydal na dalekou cestu do Japonska. Vybrali si ho v <a class=\"mh-excerpt-more\" href=\"https:\/\/www.invarena.cz\/?p=34243\" title=\"Slepe\u010dt\u00ed psi se zal\u00edbili Japonc\u016fm\">[&#8230;]<\/a><\/p>\n<\/div>","protected":false},"author":1,"featured_media":27674,"comment_status":"open","ping_status":"closed","sticky":false,"template":"","format":"standard","meta":{"footnotes":""},"categories":[9],"tags":[],"class_list":["post-34243","post","type-post","status-publish","format-standard","has-post-thumbnail","hentry","category-zpravy"],"_links":{"self":[{"href":"https:\/\/www.invarena.cz\/index.php?rest_route=\/wp\/v2\/posts\/34243","targetHints":{"allow":["GET"]}}],"collection":[{"href":"https:\/\/www.invarena.cz\/index.php?rest_route=\/wp\/v2\/posts"}],"about":[{"href":"https:\/\/www.invarena.cz\/index.php?rest_route=\/wp\/v2\/types\/post"}],"author":[{"embeddable":true,"href":"https:\/\/www.invarena.cz\/index.php?rest_route=\/wp\/v2\/users\/1"}],"replies":[{"embeddable":true,"href":"https:\/\/www.invarena.cz\/index.php?rest_route=%2Fwp%2Fv2%2Fcomments&post=34243"}],"version-history":[{"count":0,"href":"https:\/\/www.invarena.cz\/index.php?rest_route=\/wp\/v2\/posts\/34243\/revisions"}],"wp:featuredmedia":[{"embeddable":true,"href":"https:\/\/www.invarena.cz\/index.php?rest_route=\/wp\/v2\/media\/27674"}],"wp:attachment":[{"href":"https:\/\/www.invarena.cz\/index.php?rest_route=%2Fwp%2Fv2%2Fmedia&parent=34243"}],"wp:term":[{"taxonomy":"category","embeddable":true,"href":"https:\/\/www.invarena.cz\/index.php?rest_route=%2Fwp%2Fv2%2Fcategories&post=34243"},{"taxonomy":"post_tag","embeddable":true,"href":"https:\/\/www.invarena.cz\/index.php?rest_route=%2Fwp%2Fv2%2Ftags&post=34243"}],"curies":[{"name":"wp","href":"https:\/\/api.w.org\/{rel}","templated":true}]}}