{"id":34246,"date":"2020-04-22T14:29:31","date_gmt":"2020-04-22T12:29:31","guid":{"rendered":"http:\/\/www.invarena.cz\/?p=34246"},"modified":"2020-04-22T14:29:32","modified_gmt":"2020-04-22T12:29:32","slug":"hejtman-vondrak-nove-technologie-dobre-slouzi-i-seniorum-a-lidem-s-handicapem","status":"publish","type":"post","link":"https:\/\/www.invarena.cz\/?p=34246","title":{"rendered":"Hejtman Vondr\u00e1k: Nov\u00e9 technologie dob\u0159e slou\u017e\u00ed i senior\u016fm a lidem s handicapem"},"content":{"rendered":"\n<p>Senio\u0159i, kte\u0159\u00ed nemaj\u00ed p\u0159\u00edstup k internetu a nejsou zb\u011bhl\u00ed v nov\u00fdch technologi\u00edch, u\u017e n\u011bkolik t\u00fddn\u016f \u00fasp\u011b\u0161n\u011b vyhled\u00e1vaj\u00ed dobrovolnickou pomoc z krajsk\u00e9ho port\u00e1lu Spolu to d\u00e1me tak\u00e9 prost\u0159ednictv\u00edm telefonn\u00ed linky, kterou z\u0159\u00eddil Moravskoslezsk\u00fd kraj. Ta nov\u011b pom\u016f\u017ee i lidem, kte\u0159\u00ed nesly\u0161\u00ed nebo maj\u00ed pot\u00ed\u017ee se sluchem, a cizinc\u016fm.<br><br>Cel\u00fd \u010dl\u00e1nek naleznete v Parlamentn\u00edch Listech: <a href=\"https:\/\/www.parlamentnilisty.cz\/politika\/politici-volicum\/Hejtman-Vondrak-Nove-technologie-dobre-slouzi-i-seniorum-a-lidem-s-hand\" target=\"_blank\" rel=\"noreferrer noopener\" aria-label=\" (otev\u0159e se na nov\u00e9 z\u00e1lo\u017ece)\">https:\/\/www.parlamentnilisty.cz\/politika\/politici-volicum\/Hejtman-Vondrak-Nove-technologie-dobre-slouzi-i-seniorum-a-lidem-s-hand<\/a><\/p>\n","protected":false},"excerpt":{"rendered":"<div class=\"mh-excerpt\"><p>Senio\u0159i, kte\u0159\u00ed nemaj\u00ed p\u0159\u00edstup k internetu a nejsou zb\u011bhl\u00ed v nov\u00fdch technologi\u00edch, u\u017e n\u011bkolik t\u00fddn\u016f \u00fasp\u011b\u0161n\u011b vyhled\u00e1vaj\u00ed dobrovolnickou pomoc z krajsk\u00e9ho port\u00e1lu Spolu to d\u00e1me <a class=\"mh-excerpt-more\" href=\"https:\/\/www.invarena.cz\/?p=34246\" title=\"Hejtman Vondr\u00e1k: Nov\u00e9 technologie dob\u0159e slou\u017e\u00ed i senior\u016fm a lidem s handicapem\">[&#8230;]<\/a><\/p>\n<\/div>","protected":false},"author":1,"featured_media":14130,"comment_status":"open","ping_status":"closed","sticky":false,"template":"","format":"standard","meta":{"footnotes":""},"categories":[9],"tags":[],"class_list":["post-34246","post","type-post","status-publish","format-standard","has-post-thumbnail","hentry","category-zpravy"],"_links":{"self":[{"href":"https:\/\/www.invarena.cz\/index.php?rest_route=\/wp\/v2\/posts\/34246","targetHints":{"allow":["GET"]}}],"collection":[{"href":"https:\/\/www.invarena.cz\/index.php?rest_route=\/wp\/v2\/posts"}],"about":[{"href":"https:\/\/www.invarena.cz\/index.php?rest_route=\/wp\/v2\/types\/post"}],"author":[{"embeddable":true,"href":"https:\/\/www.invarena.cz\/index.php?rest_route=\/wp\/v2\/users\/1"}],"replies":[{"embeddable":true,"href":"https:\/\/www.invarena.cz\/index.php?rest_route=%2Fwp%2Fv2%2Fcomments&post=34246"}],"version-history":[{"count":0,"href":"https:\/\/www.invarena.cz\/index.php?rest_route=\/wp\/v2\/posts\/34246\/revisions"}],"wp:featuredmedia":[{"embeddable":true,"href":"https:\/\/www.invarena.cz\/index.php?rest_route=\/wp\/v2\/media\/14130"}],"wp:attachment":[{"href":"https:\/\/www.invarena.cz\/index.php?rest_route=%2Fwp%2Fv2%2Fmedia&parent=34246"}],"wp:term":[{"taxonomy":"category","embeddable":true,"href":"https:\/\/www.invarena.cz\/index.php?rest_route=%2Fwp%2Fv2%2Fcategories&post=34246"},{"taxonomy":"post_tag","embeddable":true,"href":"https:\/\/www.invarena.cz\/index.php?rest_route=%2Fwp%2Fv2%2Ftags&post=34246"}],"curies":[{"name":"wp","href":"https:\/\/api.w.org\/{rel}","templated":true}]}}