{"id":34265,"date":"2020-04-24T11:46:25","date_gmt":"2020-04-24T09:46:25","guid":{"rendered":"http:\/\/www.invarena.cz\/?p=34265"},"modified":"2020-04-24T11:46:25","modified_gmt":"2020-04-24T09:46:25","slug":"zena-pouzila-pro-rodinu-penize-syna-ktery-je-v-komatu-hrozi-ji-roky-vezeni","status":"publish","type":"post","link":"https:\/\/www.invarena.cz\/?p=34265","title":{"rendered":"\u017dena pou\u017eila pro rodinu pen\u00edze syna, kter\u00fd je v k\u00f3matu. Hroz\u00ed j\u00ed roky v\u011bzen\u00ed"},"content":{"rendered":"\n<p>Invalidn\u00ed d\u016fchodkyni hroz\u00ed a\u017e osm let v\u011bzen\u00ed za to, \u017ee s\u00e1hla na \u00faspory sv\u00e9ho syna, kter\u00fd je v k\u00f3matu v l\u00e9\u010debn\u011b. H\u00e1j\u00ed se t\u00edm, \u017ee pen\u00edze pot\u0159ebovala, aby s man\u017eelem, takt\u00e9\u017e invalidn\u00edm d\u016fchodcem, v\u016fbec ut\u00e1hli chod dom\u00e1cnosti. <br><br>&#8222;P\u0159ed jeden\u00e1cti lety m\u011bl jej\u00ed syn v\u00e1\u017enou nehodu. Od t\u00e9 doby je v k\u00f3matu, le\u017e\u00ed v l\u00e9\u010debn\u011b dlouhodob\u011b nemocn\u00fdch. Jeho matka, kter\u00e1 \u017eije s man\u017eelem v mal\u00e9 obci nedaleko N\u00fdrska na Klatovsku, se stala mlad\u00edkovou opatrovnic\u00ed a m\u011bla tak dispozi\u010dn\u00ed pr\u00e1va k \u00fa\u010dtu, kam chodil jej\u00edmu synovi jeho d\u016fchod. Z n\u011bj rodi\u010de platili mlad\u00e9mu mu\u017ei pobyt v l\u00e9\u010debn\u011b, \u010d\u00e1st pen\u011bz ale matka pou\u017eila na chod dom\u00e1cnosti, nebo\u0165 ona i jej\u00ed man\u017eel jsou invalidn\u00ed d\u016fchodci a obracej\u00ed podle sv\u00fdch slov ka\u017edou korunu. S\u00e1hnout na synovy finance ale 54let\u00e1 \u017eena nem\u011bla pr\u00e1vo, a tak ji policie obvinila ze zpronev\u011bry a hroz\u00ed j\u00ed a\u017e osm let krimin\u00e1lu. \u017dena i jej\u00ed man\u017eel jsou z toho zdrceni. <br><br>&#8222;Syn m\u011bl nehodu 9. b\u0159ezna 2009, den p\u0159ed sv\u00fdmi 22. narozeninami. Byl to pro n\u00e1s nejhor\u0161\u00ed den v \u017eivot\u011b. Syn je v k\u00f3matu a je nulov\u00e1 \u0161ance, \u017ee se v\u016fbec probere. Man\u017eelka je od t\u00e9 doby na pr\u00e1\u0161c\u00edch, bere antidepresiva. P\u0159estala d\u011blat, je v invalidn\u00edm d\u016fchodu t\u0159et\u00edho stupn\u011b. Te\u010f dost\u00e1v\u00e1 5900 korun m\u011bs\u00ed\u010dn\u011b. J\u00e1 jsem na tom podobn\u011b, m\u00e1m tak\u00e9 invalidn\u00ed d\u016fchod t\u0159et\u00edho stupn\u011b,&#8220; \u0159ekl Den\u00edku man\u017eel obvin\u011bn\u00e9. <br><br>Dodal, \u017ee syn byl vzhledem ke sv\u00e9mu zdravotn\u00edmu stavu zbaven po dopravn\u00ed nehod\u011b zp\u016fsobilosti k pr\u00e1vn\u00edm \u00fakon\u016fm. Jeho matka se v roce 2013 stala na z\u00e1klad\u011b usnesen\u00ed soudu jeho opatrovnic\u00ed a m\u011bla spravovat syn\u016fv majetek. Z invalidn\u00edho d\u016fchodu mu platila pobyt v l\u00e9\u010debn\u011b, \u010d\u00e1st pen\u011bz ale vyu\u017eila pro sebe a man\u017eela, a to podle sv\u00fdch slov na nutn\u00e1 vyd\u00e1n\u00ed. &#8222;My jsme v\u016fbec netu\u0161ili, \u017ee pen\u00edze nem\u016f\u017eeme pou\u017e\u00edvat. Ani jednoho z n\u00e1s by n\u011bco takov\u00e9ho nenapadlo. V\u00edme, \u017ee kdyby syn mohl promluvit, nevadilo by mu, \u017ee jsme pen\u00edze pou\u017eili, kdy\u017e jsme je pot\u0159ebovali,&#8220; uvedl man\u017eel \u017eeny, kterou ned\u00e1vno policie obvinila ze zpronev\u011bry. <\/p>\n\n\n\n<p>&#8222;Sv\u00fdm jedn\u00e1n\u00edm zp\u016fsobila sv\u00e9mu synovi \u0161kodu ve v\u00fd\u0161i 441 986 K\u010d,&#8220; informovala Den\u00edk Dana Ladmanov\u00e1 z klatovsk\u00e9 policie. Podle obou man\u017eel\u016f je ale \u010d\u00e1stka p\u0159emr\u0161t\u011bn\u00e1, z t\u011bchto pen\u011bz byly podle nich placeny i n\u00e1klady p\u0159\u00edmo spojen\u00e9 se synem, nap\u0159\u00edklad antidekubitn\u00ed matrace \u010di cesty za n\u00edm do l\u00e9\u010debny. <br><br>&#8222;U\u017e jsme ale za\u010dali \u0161kodu spl\u00e1cet, domluvili jsme se na t\u0159ech a p\u016fl tis\u00edc\u00edch m\u011bs\u00ed\u010dn\u011b. \u0160et\u0159\u00edme, jak m\u016f\u017eeme, abychom to uhradili, by\u0165 se d\u00e1 p\u0159edpokl\u00e1dat, \u017ee to jednou po smrti syna p\u0159ipadne n\u00e1m, tedy kdy\u017e se toho do\u017eijeme. Opatrovnic\u00ed syna bude m\u00edsto man\u017eelky jmenov\u00e1na na\u0161e dcera,&#8220; dodal mu\u017e. On i jeho \u017eena v\u011b\u0159\u00ed, \u017ee soud bude shov\u00edvav\u00fd a invalidn\u00ed d\u016fchodkyn\u011b vyv\u00e1zne s podm\u00ednkou. <br><br>Plze\u0148sk\u00fd den\u00edk<\/p>\n\n\n\n<p><a rel=\"noreferrer noopener\" aria-label=\" (otev\u0159e se na nov\u00e9 z\u00e1lo\u017ece)\" href=\"https:\/\/plzensky.denik.cz\/\" target=\"_blank\">https:\/\/plzensky.denik.cz\/<\/a><\/p>\n","protected":false},"excerpt":{"rendered":"<div class=\"mh-excerpt\"><p>Invalidn\u00ed d\u016fchodkyni hroz\u00ed a\u017e osm let v\u011bzen\u00ed za to, \u017ee s\u00e1hla na \u00faspory sv\u00e9ho syna, kter\u00fd je v k\u00f3matu v l\u00e9\u010debn\u011b. H\u00e1j\u00ed se t\u00edm, \u017ee <a class=\"mh-excerpt-more\" href=\"https:\/\/www.invarena.cz\/?p=34265\" title=\"\u017dena pou\u017eila pro rodinu pen\u00edze syna, kter\u00fd je v k\u00f3matu. Hroz\u00ed j\u00ed roky v\u011bzen\u00ed\">[&#8230;]<\/a><\/p>\n<\/div>","protected":false},"author":1,"featured_media":19225,"comment_status":"open","ping_status":"closed","sticky":false,"template":"","format":"standard","meta":{"footnotes":""},"categories":[9],"tags":[],"class_list":["post-34265","post","type-post","status-publish","format-standard","has-post-thumbnail","hentry","category-zpravy"],"_links":{"self":[{"href":"https:\/\/www.invarena.cz\/index.php?rest_route=\/wp\/v2\/posts\/34265","targetHints":{"allow":["GET"]}}],"collection":[{"href":"https:\/\/www.invarena.cz\/index.php?rest_route=\/wp\/v2\/posts"}],"about":[{"href":"https:\/\/www.invarena.cz\/index.php?rest_route=\/wp\/v2\/types\/post"}],"author":[{"embeddable":true,"href":"https:\/\/www.invarena.cz\/index.php?rest_route=\/wp\/v2\/users\/1"}],"replies":[{"embeddable":true,"href":"https:\/\/www.invarena.cz\/index.php?rest_route=%2Fwp%2Fv2%2Fcomments&post=34265"}],"version-history":[{"count":0,"href":"https:\/\/www.invarena.cz\/index.php?rest_route=\/wp\/v2\/posts\/34265\/revisions"}],"wp:featuredmedia":[{"embeddable":true,"href":"https:\/\/www.invarena.cz\/index.php?rest_route=\/wp\/v2\/media\/19225"}],"wp:attachment":[{"href":"https:\/\/www.invarena.cz\/index.php?rest_route=%2Fwp%2Fv2%2Fmedia&parent=34265"}],"wp:term":[{"taxonomy":"category","embeddable":true,"href":"https:\/\/www.invarena.cz\/index.php?rest_route=%2Fwp%2Fv2%2Fcategories&post=34265"},{"taxonomy":"post_tag","embeddable":true,"href":"https:\/\/www.invarena.cz\/index.php?rest_route=%2Fwp%2Fv2%2Ftags&post=34265"}],"curies":[{"name":"wp","href":"https:\/\/api.w.org\/{rel}","templated":true}]}}