{"id":34340,"date":"2020-05-06T17:01:20","date_gmt":"2020-05-06T15:01:20","guid":{"rendered":"http:\/\/www.invarena.cz\/?p=34340"},"modified":"2020-05-06T17:01:22","modified_gmt":"2020-05-06T15:01:22","slug":"charita-zlin-vyzyva-neostychejte-se-ptat-nase-pomoc-muze-byt-kralovska","status":"publish","type":"post","link":"https:\/\/www.invarena.cz\/?p=34340","title":{"rendered":"Charita Zl\u00edn vyz\u00fdv\u00e1: Neost\u00fdchejte se pt\u00e1t. Na\u0161e pomoc m\u016f\u017ee b\u00fdt kr\u00e1lovsk\u00e1"},"content":{"rendered":"\n<p>Mo\u017en\u00e1 se zd\u00e1 nelogick\u00e9 zmi\u0148ovat na p\u0159elomu dubna a kv\u011btna nejv\u011bt\u0161\u00ed dobrovolnickou aktivitu v zemi &#8211; T\u0159\u00edkr\u00e1lovou sb\u00edrku, kter\u00e1 prob\u00edh\u00e1 v prvn\u00edch dnech nov\u00e9ho roku. Opak je pravdou. Pr\u00e1v\u011b v t\u011bchto m\u011bs\u00edc\u00edch se naplno rozj\u00ed\u017ed\u00ed realizace projekt\u016f z v\u00fdnosu sb\u00edrky, jej\u00edm\u017e po\u0159adatelem je Charita \u010cesk\u00e1 republika. Po cel\u00e1 l\u00e9ta, co kr\u00e1lovsk\u00e9 dru\u017einy koleduj\u00ed pro pot\u0159ebn\u00e9, pom\u00e1haj\u00ed finance u n\u00e1s i v zahrani\u010d\u00ed. Projekt zl\u00ednsk\u00e9 Charity, P\u0159\u00edm\u00e1 pomoc osob\u00e1m v nep\u0159\u00edzniv\u00e9 \u017eivotn\u00ed situaci prim\u00e1rn\u011b na Zl\u00ednsku, je opakovan\u011b realizov\u00e1n v\u00edce ne\u017e patn\u00e1ct rok\u016f. V uplynul\u00fdch t\u0159ech letech bylo za t\u00edmto \u00fa\u010delem vy\u010derp\u00e1no celkem t\u00e9m\u011b\u0159 1,8 milionu korun. I v leto\u0161n\u00edm roce jsou zl\u00edn\u0161t\u00ed p\u0159ipraveni podpo\u0159it ty, kte\u0159\u00ed bez pomoci svou \u017eivotn\u00ed krizi zvl\u00e1dnou jen st\u011b\u017e\u00ed. <br><br>&#8222;Rodiny, samo\u017eivitel\u00e9, nemocn\u00ed, sta\u0159\u00ed. Ti v\u0161ichni jsou nej\u010dast\u011bji v tak nep\u0159\u00edzniv\u00e9 \u017eivotn\u00ed situaci, \u017ee nev\u00ed, jak d\u00e1l. Ale velmi \u010dasto se boj\u00ed, ano boj\u00ed se, pt\u00e1t \u010di osobn\u011b nav\u0161t\u00edvit odborn\u00edky, kte\u0159\u00ed porad\u00ed, podaj\u00ed informaci, nast\u00edn\u00ed \u0159e\u0161en\u00ed, p\u0159\u00edpadn\u011b je provedou nap\u0159\u00edklad pro n\u011b nep\u0159ehlednou legislativou. Mnohdy si jejich situace na\u0161t\u011bst\u00ed v\u0161imnou soused\u00e9, ve farnostech kn\u011b\u017e\u00ed, v obc\u00edch pak starostov\u00e9, kte\u0159\u00ed se rozhodnou spolupod\u00edlet se na zm\u011bn\u011b jejich situace k lep\u0161\u00edmu.<\/p>\n\n\n\n<p>&#8222;Ti, kte\u0159\u00ed skute\u010dn\u011b pot\u0159ebuj\u00ed podporu, jsou toti\u017e velmi skromn\u00ed jak ve sv\u00e9m \u017eit\u00ed, tak i v prosb\u011b o pomoc,&#8220; \u0159\u00edk\u00e1 Jana Strouhalov\u00e1, soci\u00e1ln\u00ed pracovnice a vedouc\u00ed odborn\u00e9ho soci\u00e1ln\u00edho poradenstv\u00ed zl\u00ednsk\u00e9 Charity.<\/p>\n\n\n\n<p>Dokonce n\u011bkte\u0159\u00ed neum\u011bj\u00ed vyu\u017e\u00edt ani z\u00e1konn\u00e9 n\u00e1roky \u2013 p\u0159\u00edsp\u011bvek na bydlen\u00ed, p\u00e9\u010di, nebo se sm\u00ed\u0159\u00ed s n\u00edzk\u00fdm v\u00fd\u017eivn\u00fdm. &#8222;Pokud tito lid\u00e9 ud\u011blaj\u00ed, by\u0165 s pomoc\u00ed dal\u0161\u00ed osoby, prvn\u00ed krok a oslov\u00ed n\u00e1s, je to jen dob\u0159e. Nejen, \u017ee jim pom\u016f\u017eeme rozkl\u00ed\u010dovat jejich aktu\u00e1ln\u00ed situaci, kter\u00e1 m\u00e1 mnohdy ko\u0159eny v minulosti a mimo sou\u010dasn\u00fd probl\u00e9m, \u010di je nasm\u011brujeme v komunikaci s \u00fa\u0159ady, ale pokud zjist\u00edme, \u017ee i po vy\u010derp\u00e1n\u00ed v\u0161ech z\u00e1konn\u00fdch mo\u017enost\u00ed je v jejich prosp\u011bch nutn\u00e1 materi\u00e1ln\u00ed podpora, nev\u00e1h\u00e1me pomoci,&#8220; dod\u00e1v\u00e1 Jana Strouhalov\u00e1. Dle sd\u011blen\u00ed soci\u00e1ln\u00edch pracovn\u00edk\u016f Ob\u010dansk\u00e9 poradny Charity Zl\u00edn mnoz\u00ed lid\u00e9 zvl\u00e1daj\u00ed, by\u0165 v nekomfortn\u00ed \u017eivotn\u00ed situaci, \u017e\u00edt bez zadlu\u017een\u00ed. A to je velik\u00e1 dev\u00edza.<\/p>\n\n\n\n<p>D\u016fstojn\u00fd \u017eivot pro ka\u017ed\u00e9ho \u010dlov\u011bka v ka\u017ed\u00e9 situaci. To je c\u00edl Charity Zl\u00edn, kter\u00fd beze zbytku napl\u0148uje. I proto po celou dobu existence T\u0159\u00edkr\u00e1lov\u00e9 sb\u00edrky, co\u017e je na Zl\u00ednsku od roku 2000, vyu\u017e\u00edv\u00e1 m\u00edstn\u00ed charita na podporu jednotlivc\u016f i soci\u00e1ln\u00edch a zdravotn\u00edch slu\u017eeb, kter\u00e9 v jejich prosp\u011bch pracuj\u00ed, maxim\u00e1ln\u00ed mo\u017en\u00fd finan\u010dn\u00ed objem. V leto\u0161n\u00edm roce byly na Zl\u00ednsku ve \u010dty\u0159ech m\u011bstech a \u010dty\u0159ia\u010dty\u0159iceti obc\u00edch vykoledov\u00e1ny 2.336.471,-K\u010d, k vyu\u017eit\u00ed se do Zl\u00edna vrac\u00ed 1.355.153,18 K\u010d, bez v\u00fdnosu DMS a pouk\u00e1zek.<\/p>\n\n\n\n<p>Na takzvanou p\u0159\u00edmou pomoc organizace prozat\u00edm vy\u010dlenila \u010d\u00e1stku 650.000 K\u010d. &#8222;Jsme p\u0159ipraveni, pokud i d\u00edky st\u00e1vaj\u00edc\u00ed situaci vyvstane pot\u0159eba, \u010d\u00e1stku nav\u00fd\u0161it. Reservu m\u00e1me,&#8220; konstatuje Pavla Roma\u0148\u00e1kov\u00e1, projektov\u00e1 mana\u017eerka. A to nastat m\u016f\u017ee. Je zn\u00e1mo, \u017ee v \u010dase nouzov\u00e9ho stavu v zemi rodin\u00e1m s d\u011btmi klesaj\u00ed p\u0159\u00edjmy, stejn\u011b jako osob\u00e1m pracuj\u00edc\u00edm na tak zvanou dohodu. A v\u00fddaje se zvy\u0161uj\u00ed. D\u011bti se nestravuj\u00ed ve \u0161koln\u00edch j\u00eddeln\u00e1ch, doch\u00e1z\u00ed ke zdra\u017eov\u00e1n\u00ed potravin, dal\u0161\u00ed finan\u010dn\u00ed z\u00e1vazky se plnit musej\u00ed. Pro v\u0161echny, kte\u0159\u00ed se ocitaj\u00ed v nep\u0159\u00edzniv\u00e9 \u017eivotn\u00ed situaci a nec\u00edt\u00ed se komfortn\u011b m\u00e1 Charita Zl\u00edn vzkaz: &#8222;Neost\u00fdchejte se hledat oporu. Na\u0161e pomoc m\u016f\u017ee b\u00fdt kr\u00e1lovsk\u00e1.&#8220;  <\/p>\n\n\n\n<p>Ob\u010dansk\u00e1 poradna Charity Zl\u00edn, kontakty <br> \u00b7 Mgr. Jana Strouhalov\u00e1, vedouc\u00ed a soci\u00e1ln\u00ed pracovnice, T.: 739 245 973, E.: jana.strouhalova@zlin.charita.cz <br> \u00b7 Mgr. Pavel Hanke, soci\u00e1ln\u00ed pracovn\u00edk, T.: 739 245 974, E.: pavel.hanke@zlin.charita.cz<\/p>\n\n\n\n<p>T\u0159\u00edkr\u00e1lov\u00e1 sb\u00edrka, v\u00fdt\u011b\u017eek a vyu\u017eit\u00ed <br>V\u0161echny sb\u00edrkou z\u00edskan\u00e9 finance jsou odesl\u00e1ny na celorepublikov\u00fd bankovn\u00ed \u00fa\u010det a n\u00e1sledn\u011b jsou podle jasn\u00fdch pravidel p\u0159erozd\u011blov\u00e1ny, a to dle rozhodnut\u00ed rady \u0159editel\u016f Charity \u010cesk\u00e1 republika a \u010cesk\u00e9 biskupsk\u00e9 konference <br> \u00b7 65 % Charita Zl\u00edn, resp. farn\u00ed charity (v olomouck\u00e9 arcidiec\u00e9zi z rozhodnut\u00ed \u0159editel\u016f v roce 2003 organiz\u00e1to\u0159i, tedy i Charita Zl\u00edn, ponech\u00e1vaj\u00ed 7 % v tzv. krizov\u00e9m a nouzov\u00e9m fondu na pomoc charit\u00e1m a pot\u0159ebn\u00fdm p\u0159i nep\u0159edv\u00eddan\u00fdch situac\u00edch v arcidiec\u00e9zi, nap\u0159. \u017eiveln\u00e9 katastrofy atp.) <br> \u00b7 15% projekty diec\u00e9ze, v na\u0161em p\u0159\u00edpad\u011b olomouck\u00e1 arcidiec\u00e9ze <br> \u00b7 10% dlouhodob\u00e9 humanit\u00e1rn\u00ed mise Charity \u010cR v zahrani\u010d\u00ed <br> \u00b7 5% celost\u00e1tn\u00ed projekty Charity \u010cR <br> \u00b7 5% z\u00e1konem povolen\u00e9 re\u017eie<\/p>\n\n\n\n<p>Charita Zl\u00edn, T\u0159\u00edkr\u00e1lov\u00e1 sb\u00edrka 2020<\/p>\n\n\n\n<p>Vykoledov\u00e1no (346 skupinek, 4 m\u011bsta a 44 obc\u00ed): 2.336.471,-K\u010d (bez v\u00fdnosu DMS a pouk\u00e1zek). P\u0159id\u011bleno na projekty Charity Zl\u00edn: 1.355.153,18 K\u010d (bez v\u00fdnosu DMS a pouk\u00e1zek). <br>Rozd\u011blen\u00ed v\u00fdt\u011b\u017eku, schv\u00e1len\u00e9 projekty (ke dni 29. 4. 2020) <br> \u00b7 650.000 K\u010d projekt P\u0159\u00edm\u00e1 pomoc osob\u00e1m v nep\u0159\u00edzniv\u00e9 \u017eivotn\u00ed situaci, prim\u00e1rn\u011b na Zl\u00ednsku &#8211; \u00da\u010delem projektu je poskytnut\u00ed materi\u00e1ln\u00ed pomoci k p\u0159eklenut\u00ed obt\u00ed\u017en\u00e9 \u017eivotn\u00ed situace lidem, kte\u0159\u00ed nejsou schopni z vlastn\u00edch zdroj\u016f tuto situaci odvr\u00e1tit. Je poskytov\u00e1na a\u017e po vy\u010derp\u00e1n\u00ed ostatn\u00edch dostupn\u00fdch mo\u017enost\u00ed pomoci. <br>P\u0159\u00edklady z praxe <br>Posti\u017een\u00fdm d\u011btem mohou b\u00fdt zakoupeny pom\u016fcky, kter\u00e9 jim usnadn\u00ed nap\u0159. pohyb; samotn\u00fdm mamink\u00e1m s d\u011btmi pak od\u011bvy a \u0161koln\u00ed pom\u016fcky pro d\u011bti; chud\u00fdm rodin\u00e1m m\u016f\u017ee b\u00fdt uhrazena nap\u0159. pra\u010dka \u010di ledni\u010dka, potraviny; t\u011bm, kter\u00e9 zas\u00e1hla p\u0159\u00edrodn\u00ed katastrofa zase poskytnuta pomoc v obnov\u011b obydl\u00ed &#8211; nap\u0159. zakoupen\u00edm vysou\u0161e\u010d\u016f, zaji\u0161t\u011bn\u00edm opravy \u010di vybavenosti obydl\u00ed; star\u00fdm a nemocn\u00fdm podpora n\u00e1kupu nap\u0159. l\u00e9k\u016f, kompenza\u010dn\u00edch a rehabilita\u010dn\u00edch pom\u016fcek, zdravotn\u00edch postel\u00ed a matrac\u00ed \u2026 <br> \u00b7 150.000 K\u010d projekt Nemocnice Milosrdn\u00fdch brat\u0159\u00ed Vizovice <br> \u00b7 100.000 K\u010d Letn\u00ed pobyt pro d\u011bti a ml\u00e1de\u017e s diagn\u00f3zou SMA a distrofiemi (podpora rodin) <br> \u00b7 96.500 K\u010d Intern\u00e1t pro nejchud\u0161\u00ed romsk\u00e9 chlapce Kazaniak, Bulharsko<\/p>\n\n\n\n<p>Ing. Pavla Roma\u0148\u00e1kov\u00e1, projektov\u00e1 mana\u017eerka Charity Zl\u00edn <\/p>\n\n\n\n<p>Zl\u00ednsk\u00fd den\u00edk<\/p>\n\n\n\n<p><a rel=\"noreferrer noopener\" aria-label=\" (otev\u0159e se na nov\u00e9 z\u00e1lo\u017ece)\" href=\"https:\/\/zlinsky.denik.cz\" target=\"_blank\">https:\/\/zlinsky.denik.cz<\/a><br><\/p>\n","protected":false},"excerpt":{"rendered":"<div class=\"mh-excerpt\"><p>Mo\u017en\u00e1 se zd\u00e1 nelogick\u00e9 zmi\u0148ovat na p\u0159elomu dubna a kv\u011btna nejv\u011bt\u0161\u00ed dobrovolnickou aktivitu v zemi &#8211; T\u0159\u00edkr\u00e1lovou sb\u00edrku, kter\u00e1 prob\u00edh\u00e1 v prvn\u00edch dnech nov\u00e9ho roku. <a class=\"mh-excerpt-more\" href=\"https:\/\/www.invarena.cz\/?p=34340\" title=\"Charita Zl\u00edn vyz\u00fdv\u00e1: Neost\u00fdchejte se pt\u00e1t. Na\u0161e pomoc m\u016f\u017ee b\u00fdt kr\u00e1lovsk\u00e1\">[&#8230;]<\/a><\/p>\n<\/div>","protected":false},"author":1,"featured_media":14570,"comment_status":"open","ping_status":"closed","sticky":false,"template":"","format":"standard","meta":{"footnotes":""},"categories":[9],"tags":[],"class_list":["post-34340","post","type-post","status-publish","format-standard","has-post-thumbnail","hentry","category-zpravy"],"_links":{"self":[{"href":"https:\/\/www.invarena.cz\/index.php?rest_route=\/wp\/v2\/posts\/34340","targetHints":{"allow":["GET"]}}],"collection":[{"href":"https:\/\/www.invarena.cz\/index.php?rest_route=\/wp\/v2\/posts"}],"about":[{"href":"https:\/\/www.invarena.cz\/index.php?rest_route=\/wp\/v2\/types\/post"}],"author":[{"embeddable":true,"href":"https:\/\/www.invarena.cz\/index.php?rest_route=\/wp\/v2\/users\/1"}],"replies":[{"embeddable":true,"href":"https:\/\/www.invarena.cz\/index.php?rest_route=%2Fwp%2Fv2%2Fcomments&post=34340"}],"version-history":[{"count":0,"href":"https:\/\/www.invarena.cz\/index.php?rest_route=\/wp\/v2\/posts\/34340\/revisions"}],"wp:featuredmedia":[{"embeddable":true,"href":"https:\/\/www.invarena.cz\/index.php?rest_route=\/wp\/v2\/media\/14570"}],"wp:attachment":[{"href":"https:\/\/www.invarena.cz\/index.php?rest_route=%2Fwp%2Fv2%2Fmedia&parent=34340"}],"wp:term":[{"taxonomy":"category","embeddable":true,"href":"https:\/\/www.invarena.cz\/index.php?rest_route=%2Fwp%2Fv2%2Fcategories&post=34340"},{"taxonomy":"post_tag","embeddable":true,"href":"https:\/\/www.invarena.cz\/index.php?rest_route=%2Fwp%2Fv2%2Ftags&post=34340"}],"curies":[{"name":"wp","href":"https:\/\/api.w.org\/{rel}","templated":true}]}}