{"id":34343,"date":"2020-05-06T17:09:00","date_gmt":"2020-05-06T15:09:00","guid":{"rendered":"http:\/\/www.invarena.cz\/?p=34343"},"modified":"2020-05-06T17:09:01","modified_gmt":"2020-05-06T15:09:01","slug":"karolina-se-chce-vdat-vestoje-pomoci-muze-nakladna-rehabilitace","status":"publish","type":"post","link":"https:\/\/www.invarena.cz\/?p=34343","title":{"rendered":"Karol\u00edna se chce vd\u00e1t vestoje. Pomoci m\u016f\u017ee n\u00e1kladn\u00e1 rehabilitace"},"content":{"rendered":"\n<p>Karol\u00edna Dole\u017ealov\u00e1 (24) z Mlad\u00e9 Boleslavi je neuv\u011b\u0159iteln\u00e1 bojovnice. Od narozen\u00ed trp\u00ed d\u011btskou mozkovou obrnou a kv\u016fli tomu se dok\u00e1\u017ee pohybovat jen s pomoc\u00ed invalidn\u00edho voz\u00edku. I p\u0159es handicap u\u017e dok\u00e1zala velk\u00e9 v\u011bci. Nyn\u00ed ale jde za sv\u00fdm velk\u00fdm snem. Chce se vd\u00e1t ve stoje jako zdrav\u00e9 \u017eeny. Dopomoci ji k tomu m\u016f\u017ee rehabilitace. Ta je ale n\u00e1kladn\u00e1. <br> <br>BOJOVNICE CEL\u00dd \u017dIVOT <br> <br>Karol\u00edna Dole\u017ealov\u00e1 si toho v \u017eivot\u011b musela ji\u017e vybojovat pom\u011brn\u011b hodn\u011b. Otec se od rodiny odst\u011bhoval je\u0161t\u011b v dob\u011b, kdy byla velmi mal\u00e1, p\u0159ed dv\u011bma lety j\u00ed nav\u00edc tak\u00e9 zem\u0159ela maminka. P\u0159i\u0161la rovn\u011b\u017e o jednu ze sv\u00fdch dvou sester, kter\u00e1 trp\u011bla v\u00e1\u017en\u00fdm zdravotn\u00edm posti\u017een\u00edm a nakonec mu podlehla. S druhou sestrou pak dlouhodob\u011b neudr\u017euje kontakt. Nakonec v\u0161ak na\u0161la dva siln\u00e9 spojence, kte\u0159\u00ed j\u00ed pom\u00e1haj\u00ed. Na cest\u011b za lep\u0161\u00edm \u017eivotem Karol\u00ednu doprov\u00e1z\u00ed snoubenec V\u00e1clav Berou\u0161ek a jeho maminka Hana.<\/p>\n\n\n\n<p>Navzdory sv\u00e9mu t\u011b\u017ek\u00e9mu osudu Karol\u00edna Dole\u017ealov\u00e1 od d\u011btstv\u00ed velmi intenzivn\u011b sportuje. Od sedmn\u00e1cti let jezd\u00ed na kole a pr\u00e1v\u011b v cyklistice slav\u00ed velk\u00e9 \u00fasp\u011bchy. V pouh\u00fdch t\u0159iadvaceti letech se kvalifikovala na Mistrovstv\u00ed sv\u011bta v cyklistice handicapovan\u00fdch v It\u00e1lii.<\/p>\n\n\n\n<p>Leto\u0161n\u00ed l\u00e9to ale pro ni m\u00e1 b\u00fdt ve znamen\u00ed jin\u00e9 velk\u00e9 ud\u00e1losti \u2013 svatby. Se snoubencem V\u00e1clavem. U\u017e tak v\u00fdjime\u010dn\u00fd den chce mlad\u00e1 \u017eena ud\u011blat je\u0161t\u011b v\u00fdjime\u010dn\u011bj\u0161\u00ed \u2013 k olt\u00e1\u0159i tou\u017e\u00ed doj\u00edt po sv\u00fdch. Jde o sen, kter\u00fd nen\u00ed nesplniteln\u00fd, av\u0161ak vede k n\u011bmu dlouh\u00e1 a n\u00e1kladn\u00e1 cesta v podob\u011b speci\u00e1ln\u00ed rehabilitace. U\u017e nyn\u00ed m\u00e1 za sebou intenzivn\u00ed terapii na pra\u017esk\u00e9 Neurorehabilita\u010dn\u00ed klinice Axon, kter\u00e1 j\u00ed vy\u0161la na 91 tis\u00edc korun, tedy na ve\u0161ker\u00e9 \u00faspory. Ona v\u0161ak pot\u0159ebuje v cest\u011b k vysn\u011bn\u00e9 svatb\u011b podstoupit dal\u0161\u00ed nem\u00e9n\u011b n\u00e1kladnou l\u00e9\u010dbu. Pen\u00edze na ni u\u017e ale chyb\u00ed. <\/p>\n\n\n\n<p>&#8222;D\u00edky terapii Kosm\u00edk v Axonu m\u00e1m \u0161anci se postavit na vlastn\u00ed nohy. Tuto neurorehabilitaci mn\u011b ale zdravotn\u00ed poji\u0161\u0165ovna celou nezaplat\u00ed a n\u00e1kladnou l\u00e9\u010dbu si ji\u017e nemohu dovolit. Jedn\u00e1 se toti\u017e t\u00e9m\u011b\u0159 o 100 tis\u00edc korun. \u010cek\u00e1 m\u011b n\u00e1cvik stoje, kter\u00fd je kl\u00ed\u010dov\u00fd, abych pot\u00e9 mohla ud\u011blat samostatn\u00e9 kroky. Sou\u010d\u00e1st\u00ed terapie je i cvi\u010den\u00ed pomoc\u00ed robotick\u00e9ho p\u0159\u00edstroje Lokomat ur\u010den\u00fd k n\u00e1cviku spr\u00e1vn\u00e9ho stereotypu ch\u016fze,&#8220; popsala Karol\u00edna Dole\u017ealov\u00e1. Na \u00fahradu n\u00e1kladn\u00e9ho cvi\u010den\u00ed dostala Karol\u00edna Dole\u017ealov\u00e1 zat\u00edm 20 tis\u00edc od Konta Bari\u00e9ry. To je v\u0161ak po\u0159\u00e1d jen mal\u00fd d\u00edl z celkov\u00e9 \u010d\u00e1stky. Pomoci nyn\u00ed m\u016f\u017ee sv\u00fdmi dary ve\u0159ejnost. K tomu je z\u0159\u00edzen\u00fd transparentn\u00ed \u00fa\u010det 2601572011\/2010, kter\u00fd spravuje Nada\u010dn\u00ed fond Axon. Kdo se rozhodne touto cestou sen mlad\u00e9 sportovkyn\u011b podpo\u0159it, a\u0165 nap\u00ed\u0161e do zpr\u00e1vy pro p\u0159\u00edjemce jednodu\u0161e &#8222;Karol\u00edna Dole\u017ealov\u00e1&#8220;.<\/p>\n\n\n\n<p>ZUZANA KODRLOV\u00c1 ZELENKOV\u00c1<\/p>\n\n\n\n<p>Boleslavsk\u00fd den\u00edk<\/p>\n\n\n\n<p><a rel=\"noreferrer noopener\" aria-label=\" (otev\u0159e se na nov\u00e9 z\u00e1lo\u017ece)\" href=\"http:\/\/www.boleslavsky.denik.cz\/\" target=\"_blank\">http:\/\/www.boleslavsky.denik.cz\/<\/a><\/p>\n","protected":false},"excerpt":{"rendered":"<div class=\"mh-excerpt\"><p>Karol\u00edna Dole\u017ealov\u00e1 (24) z Mlad\u00e9 Boleslavi je neuv\u011b\u0159iteln\u00e1 bojovnice. Od narozen\u00ed trp\u00ed d\u011btskou mozkovou obrnou a kv\u016fli tomu se dok\u00e1\u017ee pohybovat jen s pomoc\u00ed invalidn\u00edho <a class=\"mh-excerpt-more\" href=\"https:\/\/www.invarena.cz\/?p=34343\" title=\"Karol\u00edna se chce vd\u00e1t vestoje. Pomoci m\u016f\u017ee n\u00e1kladn\u00e1 rehabilitace\">[&#8230;]<\/a><\/p>\n<\/div>","protected":false},"author":1,"featured_media":24717,"comment_status":"open","ping_status":"closed","sticky":false,"template":"","format":"standard","meta":{"footnotes":""},"categories":[9],"tags":[],"class_list":["post-34343","post","type-post","status-publish","format-standard","has-post-thumbnail","hentry","category-zpravy"],"_links":{"self":[{"href":"https:\/\/www.invarena.cz\/index.php?rest_route=\/wp\/v2\/posts\/34343","targetHints":{"allow":["GET"]}}],"collection":[{"href":"https:\/\/www.invarena.cz\/index.php?rest_route=\/wp\/v2\/posts"}],"about":[{"href":"https:\/\/www.invarena.cz\/index.php?rest_route=\/wp\/v2\/types\/post"}],"author":[{"embeddable":true,"href":"https:\/\/www.invarena.cz\/index.php?rest_route=\/wp\/v2\/users\/1"}],"replies":[{"embeddable":true,"href":"https:\/\/www.invarena.cz\/index.php?rest_route=%2Fwp%2Fv2%2Fcomments&post=34343"}],"version-history":[{"count":0,"href":"https:\/\/www.invarena.cz\/index.php?rest_route=\/wp\/v2\/posts\/34343\/revisions"}],"wp:featuredmedia":[{"embeddable":true,"href":"https:\/\/www.invarena.cz\/index.php?rest_route=\/wp\/v2\/media\/24717"}],"wp:attachment":[{"href":"https:\/\/www.invarena.cz\/index.php?rest_route=%2Fwp%2Fv2%2Fmedia&parent=34343"}],"wp:term":[{"taxonomy":"category","embeddable":true,"href":"https:\/\/www.invarena.cz\/index.php?rest_route=%2Fwp%2Fv2%2Fcategories&post=34343"},{"taxonomy":"post_tag","embeddable":true,"href":"https:\/\/www.invarena.cz\/index.php?rest_route=%2Fwp%2Fv2%2Ftags&post=34343"}],"curies":[{"name":"wp","href":"https:\/\/api.w.org\/{rel}","templated":true}]}}