{"id":34352,"date":"2020-05-07T16:46:51","date_gmt":"2020-05-07T14:46:51","guid":{"rendered":"http:\/\/www.invarena.cz\/?p=34352"},"modified":"2020-05-07T16:46:53","modified_gmt":"2020-05-07T14:46:53","slug":"na-5-kvetna-v-modrych-barvach","status":"publish","type":"post","link":"https:\/\/www.invarena.cz\/?p=34352","title":{"rendered":"Na 5. kv\u011btna v modr\u00fdch barv\u00e1ch"},"content":{"rendered":"\n<p>5. kv\u011bten byl v r. 2012 ustanoven Sv\u011btov\u00fdm dnem PH. Plicn\u00ed hypertenze je chronick\u00e9, potenci\u00e1ln\u011b smrteln\u00e9 onemocn\u011bn\u00ed, kter\u00e9 bez v\u010dasn\u00e9 l\u00e9\u010dby rychle progreduje a velmi limituje sv\u00e9ho nositele. Podstatou probl\u00e9mu je vysok\u00fd tlak v plicn\u00edch c\u00e9v\u00e1ch vedouc\u00ed k dlouhodob\u00e9mu p\u0159et\u011b\u017eov\u00e1n\u00ed prav\u00e9ho srdce. Projevuje se zejm\u00e9na du\u0161nost\u00ed, \u00fanavnost\u00ed a nev\u00fdkonnost\u00ed. Existuje \u0159ada typ\u016f plicn\u00ed hypertenze, z nich\u017e ty nej\u010dast\u011bj\u0161\u00ed vznikaj\u00ed sekund\u00e1rn\u011b v d\u016fsledku jin\u00e9ho onemocn\u011bn\u00ed, z\u0159\u00eddka vznik\u00e1 PH i bez vyvol\u00e1vaj\u00edc\u00ed p\u0159\u00ed\u010diny. V takov\u00e9m p\u0159\u00edpad\u011b se jedn\u00e1 o idiopatickou plicn\u00ed arteri\u00e1ln\u00ed hypertenzi, kter\u00e1 pat\u0159\u00ed mezi vz\u00e1cn\u00e1 onemocn\u011bn\u00ed, tzn. \u017ee postihuje m\u00e9n\u011b ne\u017e 5 pacient\u016f na 10 000 dosp\u011bl\u00fdch obyvatel. Nicm\u00e9n\u011b jej\u00ed zpo\u010d\u00e1tku n\u011bkdy i nen\u00e1padn\u00fd pr\u016fb\u011bh s pl\u00ed\u017eiv\u011b nastupuj\u00edc\u00edmi nespecifick\u00fdmi p\u0159\u00edznaky spolu s nedobrou progn\u00f3zou ji \u010din\u00ed velmi z\u00e1ke\u0159nou chorobou srovnatelnou s n\u011bkter\u00fdmi druhy n\u00e1dorov\u00fdch onemocn\u011bn\u00ed.<\/p>\n\n\n\n<p>Sdru\u017een\u00ed pacient\u016f s plicn\u00ed hypertenz\u00ed (SPPH) funguje jako neziskov\u00e1 organizace od r. 2005 a zast\u0159e\u0161uje z\u00e1jmy a pot\u0159eby pacient\u016f, jejich rodinn\u00fdch p\u0159\u00edslu\u0161n\u00edk\u016f, zdravotn\u00edk\u016f a v\u0161ech, kte\u0159\u00ed maj\u00ed k PH bl\u00edzko.<\/p>\n\n\n\n<p>C\u00edlem SPPH je vz\u00e1jemn\u00e1 solidarita a psychick\u00e1 podpora pro pacienty a jejich okol\u00ed. Na\u0161im d\u016fle\u017eit\u00fdm \u00fakolem je \u0161\u00ed\u0159it v laick\u00e9 i odborn\u00e9 ve\u0159ejnosti pov\u011bdom\u00ed o l\u00e9\u010diteln\u00fdch form\u00e1ch PH, nebo\u0165 v\u010dasn\u00e9 zah\u00e1jen\u00ed l\u00e9\u010dby m\u016f\u017ee z\u00e1sadn\u00edm zp\u016fsobem ovlivnit dal\u0161\u00ed pr\u016fb\u011bh onemocn\u011bn\u00ed. <br> <br>Od r. 2012 si 5. kv\u011bten jako Sv\u011btov\u00fd den PH p\u0159ipom\u00edn\u00e1 i \u010cesk\u00e1 republika, kter\u00e1 se ka\u017edoro\u010dn\u011b zapojuje do celosv\u011btov\u00e9 kampan\u011b, jej\u00edm\u017e c\u00edlem je p\u0159ibl\u00ed\u017eit toto sice vz\u00e1cn\u00e9, o to v\u0161ak z\u00e1ludn\u011bj\u0161\u00ed onemocn\u011bn\u00ed \u0161ir\u0161\u00ed ve\u0159ejnosti. Osv\u011btov\u00e9 akce u n\u00e1s po\u0159\u00e1d\u00e1 pravideln\u011b Sdru\u017een\u00ed pacient\u016f s plicn\u00ed hypertenz\u00ed ve spolupr\u00e1ci s Evropskou asociac\u00ed pro plicn\u00ed hypertenzi (PHAE). Letos v\u0161ak naprosto z\u00e1sadn\u00edm zp\u016fsobem ovlivnila pr\u016fb\u011bh ve\u0161ker\u00e9ho d\u011bn\u00ed koronavirov\u00e1 pandemie. Jak zas\u00e1hla pacienty s PH? Co se t\u00fdk\u00e1 samotn\u00fdch zdravotn\u00edch rizik koronavirov\u00e9 n\u00e1kazy u pacient\u016f s PH, mohl by na jednu stranu znamenat virov\u00fd z\u00e1pal plic fat\u00e1ln\u00ed komplikaci v ter\u00e9nu posti\u017een\u00e9 plicn\u00ed cirkulace a p\u0159et\u00ed\u017een\u00e9ho prav\u00e9ho srdce, na druhou stranu se objevily zpr\u00e1vy v\u011bdc\u016f z USA, \u017ee specifick\u00e1 medikace, kterou jsou l\u00e9\u010deni pacienti s PH, m\u016f\u017ee m\u00edt jist\u00fd protektivn\u00ed vliv a chr\u00e1nit pacienty s PH proti t\u011b\u017ek\u00e9mu pr\u016fb\u011bhu COVID onemocn\u011bn\u00ed. V tomto sm\u011bru je ale zapot\u0159eb\u00ed dal\u0161\u00ed pe\u010dliv\u00e9 zkoum\u00e1n\u00ed na v\u011bt\u0161\u00edm vzorku pacient\u016f. Zat\u00edmco se o zdravotn\u00edm dopadu koronavirov\u00e9 infekce pro pacienty s PH zat\u00edm spekuluje, vl\u00e1dn\u00ed opat\u0159en\u00ed v souvislosti s pandemi\u00ed COVID-19 ovlivnila i p\u0159\u00edpravy SPPH k 5. kv\u011btnu. Od p\u016fvodn\u00edho pl\u00e1nu uspo\u0159\u00e1dat v r. 2020 u p\u0159\u00edle\u017eitosti Sv\u011btov\u00e9ho dne PH hromadn\u00fd symbolick\u00fd v\u00fdstup na Pet\u0159\u00edn muselo SPPH zcela upustit.<\/p>\n\n\n\n<p>Dne 5. kv\u011btna leto\u0161n\u00edho roku bude mod\u0159e nasv\u00edcen Tan\u010d\u00edc\u00ed d\u016fm a v Olomouci Radnice a Sloup Nejsv\u011bt\u011bj\u0161\u00ed Trojice.<\/p>\n\n\n\n<p>D\u011bkujeme t\u00edmto za podporu Galerii Tan\u010d\u00edc\u00ed d\u016fm, PSN a Magistr\u00e1tu m\u011bsta Olomouc. Pro\u010d pr\u00e1v\u011b modr\u00e1 barva?<\/p>\n\n\n\n<p>Modr\u00e1 symbolizuje modrofialov\u00e9 zbarven\u00ed rt\u016f u pacient\u016f, kte\u0159\u00ed v d\u016fsledku sv\u00e9ho onemocn\u011bn\u00ed trp\u00ed chronicky nedostate\u010dn\u00fdm okysli\u010den\u00edm tk\u00e1n\u00ed a jsou du\u0161n\u00ed. Na mezin\u00e1rodn\u00edm poli se SPPH zapojilo do projektu PHA Europe pod n\u00e1zvem Blue lips (= modr\u00e9 rty). Prob\u00edhal na soci\u00e1ln\u00edch s\u00edt\u00edch pod heslem: &#8222;P\u0159ipoj se a zlep\u0161i sv\u011bt&#8220;. Z\u00fa\u010dastnit se mohl kdokoliv v\u010detn\u011b zn\u00e1m\u00fdch osobnost\u00ed, sta\u010dilo pomoc\u00ed p\u0159ipojen\u00e9 aplikace vyfotit sv\u00e9 mod\u0159e z\u00e1\u0159\u00edc\u00ed rty a nasd\u00edlet na Facebooku nebo Instagramu. C\u00edlem bylo zd\u016fraznit existenci PH a jej\u00ed adekv\u00e1tn\u00ed l\u00e9\u010dbu. Jak je mo\u017en\u00e9 vid\u011bt na uk\u00e1zk\u00e1ch v\u00fdstup\u016f, ohlas byl velik\u00fd. V\u0161em online \u00fa\u010dastn\u00edk\u016fm a podporovatel\u016fm velmi d\u011bkujeme! I v t\u00e9to nelehk\u00e9 dob\u011b jsme se vzchopili a vystoupili ze st\u00ednu \u017ehav\u00e9 t\u00e9matiky COVID-19.<\/p>\n\n\n\n<p>Douf\u00e1me, \u017ee za rok se 5. kv\u011btna budeme moci sej\u00edt op\u011bt fyzicky, nejl\u00e9pe u mod\u0159e rozz\u00e1\u0159en\u00e9 Pet\u0159\u00ednsk\u00e9 rozhledny. Dr\u017ete n\u00e1m palce a p\u0159\u00edpadn\u011b n\u00e1s tak\u00e9 podpo\u0159te!<\/p>\n\n\n\n<p>V\u00edce informac\u00ed: www.plicni-hypertenze.cz <br>Autor: MUDr. Regina Her\u010d\u00edkov\u00e1, \u010dlenka Rady SPPH<\/p>\n\n\n\n<p>Pra\u017esk\u00fd den\u00edk<\/p>\n\n\n\n<p><a rel=\"noreferrer noopener\" aria-label=\" (otev\u0159e se na nov\u00e9 z\u00e1lo\u017ece)\" href=\"http:\/\/www.prazsky.denik.cz\/\" target=\"_blank\">http:\/\/www.prazsky.denik.cz\/<\/a><\/p>\n","protected":false},"excerpt":{"rendered":"<div class=\"mh-excerpt\"><p>5. kv\u011bten byl v r. 2012 ustanoven Sv\u011btov\u00fdm dnem PH. Plicn\u00ed hypertenze je chronick\u00e9, potenci\u00e1ln\u011b smrteln\u00e9 onemocn\u011bn\u00ed, kter\u00e9 bez v\u010dasn\u00e9 l\u00e9\u010dby rychle progreduje a velmi <a class=\"mh-excerpt-more\" href=\"https:\/\/www.invarena.cz\/?p=34352\" title=\"Na 5. kv\u011btna v modr\u00fdch barv\u00e1ch\">[&#8230;]<\/a><\/p>\n<\/div>","protected":false},"author":1,"featured_media":27789,"comment_status":"open","ping_status":"closed","sticky":false,"template":"","format":"standard","meta":{"footnotes":""},"categories":[9],"tags":[],"class_list":["post-34352","post","type-post","status-publish","format-standard","has-post-thumbnail","hentry","category-zpravy"],"_links":{"self":[{"href":"https:\/\/www.invarena.cz\/index.php?rest_route=\/wp\/v2\/posts\/34352","targetHints":{"allow":["GET"]}}],"collection":[{"href":"https:\/\/www.invarena.cz\/index.php?rest_route=\/wp\/v2\/posts"}],"about":[{"href":"https:\/\/www.invarena.cz\/index.php?rest_route=\/wp\/v2\/types\/post"}],"author":[{"embeddable":true,"href":"https:\/\/www.invarena.cz\/index.php?rest_route=\/wp\/v2\/users\/1"}],"replies":[{"embeddable":true,"href":"https:\/\/www.invarena.cz\/index.php?rest_route=%2Fwp%2Fv2%2Fcomments&post=34352"}],"version-history":[{"count":0,"href":"https:\/\/www.invarena.cz\/index.php?rest_route=\/wp\/v2\/posts\/34352\/revisions"}],"wp:featuredmedia":[{"embeddable":true,"href":"https:\/\/www.invarena.cz\/index.php?rest_route=\/wp\/v2\/media\/27789"}],"wp:attachment":[{"href":"https:\/\/www.invarena.cz\/index.php?rest_route=%2Fwp%2Fv2%2Fmedia&parent=34352"}],"wp:term":[{"taxonomy":"category","embeddable":true,"href":"https:\/\/www.invarena.cz\/index.php?rest_route=%2Fwp%2Fv2%2Fcategories&post=34352"},{"taxonomy":"post_tag","embeddable":true,"href":"https:\/\/www.invarena.cz\/index.php?rest_route=%2Fwp%2Fv2%2Ftags&post=34352"}],"curies":[{"name":"wp","href":"https:\/\/api.w.org\/{rel}","templated":true}]}}