{"id":34359,"date":"2020-05-12T11:25:54","date_gmt":"2020-05-12T09:25:54","guid":{"rendered":"http:\/\/www.invarena.cz\/?p=34359"},"modified":"2020-05-12T11:25:55","modified_gmt":"2020-05-12T09:25:55","slug":"piafu-pripravila-krize-o-prijmy-s-prosbou-o-pomoc-se-obraci-na-sve-priznivce","status":"publish","type":"post","link":"https:\/\/www.invarena.cz\/?p=34359","title":{"rendered":"Piafu p\u0159ipravila krize o p\u0159\u00edjmy. S prosbou o pomoc se obrac\u00ed na sv\u00e9 p\u0159\u00edznivce"},"content":{"rendered":"\n<p>Vy\u0161kovsk\u00e1 PIAFA se ocitla ve ztr\u00e1t\u011b. Neziskov\u00e1 organizace, kter\u00e1 se star\u00e1 o pomoc pot\u0159ebn\u00fdm a poskytuje terapie a rehabilitace, se musela sama obr\u00e1tit na sv\u00e9 p\u0159\u00edznivce s prosbou o podporu. Jej\u00ed \u0159editelka Jana Podr\u00e1psk\u00e1 p\u0159ipou\u0161t\u00ed nelehk\u00e9 \u010dasy. &#8222;Do \u010dervna odhadujeme ztr\u00e1tu na asi p\u016fl milionu korun. Je\u0161t\u011b to ale m\u016f\u017ee r\u016fst, nev\u00edme jak dlouho budou dozn\u00edvat n\u00e1sledky krize,&#8220; prozrazuje Podr\u00e1psk\u00e1. <br><br>V\u011bt\u0161inu n\u00e1klad\u016f p\u0159itom pokr\u00fdvaj\u00ed st\u00e1tn\u00ed, krajsk\u00e9 a m\u011bstsk\u00e9 dotace, ty ov\u0161em samy o sob\u011b nesta\u010d\u00ed. &#8222;Celoro\u010dn\u011b zahrnuj\u00ed sedmdes\u00e1t p\u011bt procent na\u0161ich n\u00e1klad\u016f. Zbytek ve v\u00fd\u0161i t\u0159\u00ed a p\u016fl milionu korun pokr\u00fdv\u00e1me d\u00edky na\u0161im sponzor\u016fm a zejm\u00e9na klient\u016fm, kte\u0159\u00ed vyu\u017e\u00edvaj\u00ed na\u0161ich placen\u00fdch slu\u017eeb v podob\u011b terapi\u00ed. O to jsme ale v posledn\u00edch m\u011bs\u00edc\u00edch p\u0159i\u0161li, stejn\u011b jako o p\u0159\u00edjmy z volno\u010dasov\u00fdch krou\u017ek\u016f&#8220; vysv\u011btluje.<\/p>\n\n\n\n<p>Zam\u011bstnanci PIAFY p\u0159itom nezah\u00e1leli ani v dob\u011b pandemie. &#8222;Za mimo\u0159\u00e1dn\u00e9 situace jsme okam\u017eit\u011b pom\u00e1hali pot\u0159ebn\u00fdm. \u0160ili jsme rou\u0161ky, vytvo\u0159ili informa\u010dn\u00ed podporu senior\u016fm, vyrobili dr\u017e\u00e1ky na desinfekci a z\u00e1sobujeme desinfekc\u00ed domy s velk\u00fdm po\u010dtem senior\u016f. Zaji\u0161\u0165ujeme ale tak\u00e9 potravinovou pomoc pro lid\u00ed bez domova nebo rodiny v obt\u00ed\u017en\u00e9 soci\u00e1ln\u00ed situaci. M\u00e1me tak\u00e9 dva psychology, kte\u0159\u00ed jsou denn\u011b k dispozici na telefonu, p\u0159\u00edpadn\u011b v ter\u00e9nu, pom\u00e1h\u00e1me v pot\u0159ebn\u00fdch rodin\u00e1ch se zvl\u00e1d\u00e1n\u00edm \u0161koln\u00ed v\u00fduky a za nic z toho se naplat\u00ed,&#8220; zd\u016fraz\u0148uje \u0159editelka.<\/p>\n\n\n\n<p>Dvoum\u011bs\u00ed\u010dn\u00ed v\u00fdpadek ale chyb\u00ed a PIAFA se obrac\u00ed s \u017e\u00e1dost\u00ed o pomoc na ve\u0159ejnost. Lid\u00e9 j\u00ed mohou pomoci n\u011bkolika zp\u016fsoby. Prvn\u00ed z nich je spojen\u00fd s n\u00e1kupy on-line p\u0159es aplikaci GIFT pomocn\u00edk nebo Dobromat.cz. &#8222;Pokud takto lid\u00e9 nakupuj\u00ed, ur\u010dit\u00e9 procento z \u010d\u00e1stky zaplacen\u00e9 za n\u00e1kup, putuje od obchodn\u00edka k n\u00e1m, kupuj\u00edc\u00edho to nic nestoj\u00ed. Lid\u00e9 n\u00e1m mohou p\u0159isp\u011bt p\u0159\u00edmo finan\u010dn\u011b p\u0159es sb\u00edrkov\u00fd web Darujeme.cz, ale mohou tak\u00e9 zas\u00edlat p\u0159\u00edsp\u011bvky p\u0159\u00edmo na n\u00e1\u0161 \u00fa\u010det 4416068349\/0800,&#8220; vyjmenov\u00e1v\u00e1. V\u0161e je p\u0159itom podrobn\u011b vysv\u011btleno na webu PIAFY. <br><br>Zvl\u00e1\u0161t\u011b bolestn\u00e9 je v\u0161ak pro PIAFU p\u0159eru\u0161en\u00ed hipoterapie. &#8222;V sou\u010dasn\u00e9 dob\u011b m\u00e1me ve st\u00e1j\u00edch dvan\u00e1ct kon\u00ed. Je pot\u0159eba se o n\u011b st\u00e1le starat a tr\u00e9novat je, bez ohledu na to, jestli s nimi slu\u017eby nab\u00edz\u00edme nebo ne. N\u00e1klady z\u016fst\u00e1vaj\u00ed,&#8220; \u0159\u00edk\u00e1 Podr\u00e1psk\u00e1.<\/p>\n\n\n\n<p>Netradi\u010dn\u00ed forma rehabilitace, kter\u00e1 je postaven\u00e1 na \u00fa\u010dasti kon\u00ed, p\u0159itom pat\u0159\u00ed k nej\u017e\u00e1dan\u011bj\u0161\u00edm odborn\u00fdm slu\u017eb\u00e1m PIAFY. &#8222;Nen\u00ed to jen o j\u00edzd\u011b na koni. Pro d\u011bti s posti\u017een\u00edm je to mo\u017enost propojen\u00ed rehabilita\u010dn\u00ed, pedagogick\u00e9 a soci\u00e1ln\u00ed p\u00e9\u010de. Terapie prob\u00edh\u00e1 i ze zem\u011b, vyu\u017e\u00edv\u00e1 kontaktu se zv\u00ed\u0159etem i prost\u0159ed\u00edm st\u00e1j\u00ed, podporuje spr\u00e1vn\u00e9 komunika\u010dn\u00ed a pohybov\u00e9 vzorce, posiluje svalstvo, &#8220; poznamen\u00e1v\u00e1 Podr\u00e1psk\u00e1.<\/p>\n\n\n\n<p>Pr\u00e1ce s ko\u0148mi je v t\u011bch dnech obzvl\u00e1\u0161t\u011b d\u016fle\u017eit\u00e1. &#8222;Rozhodn\u011b nemohla b\u00fdt p\u0159eru\u0161ena. Ka\u017ed\u00fd den se musej\u00ed kon\u011b h\u00fdbat. Pokud by se to zanedbalo, mohli by m\u00edt zdravotn\u00ed probl\u00e9my, ztratili by svoji kondici, spr\u00e1vn\u00e9 osvalen\u00ed i poslu\u0161nost,&#8220; vysv\u011btluje. <br><br>Pouze \u010d\u00e1st kon\u00ed se vyu\u017e\u00edv\u00e1 p\u0159i terapi\u00edch. &#8222;Z dvan\u00e1cti se to t\u00fdk\u00e1 dev\u00edti. T\u0159i jsou sportovci, z\u00e1vod\u00edme s nimi na n\u00e1rodn\u00ed \u00farovni. Z\u00edsk\u00e1v\u00e1me tak sponzory, kte\u0159\u00ed n\u00e1m pom\u00e1haj\u00ed finan\u010dn\u011b i v hipoterapii,&#8220; p\u0159ipou\u0161t\u00ed.<\/p>\n\n\n\n<p>PIAFA je tak\u00e9 po\u0159adatelem jezdeck\u00fdch z\u00e1vod\u016f, p\u0159\u00edjem z nich odpadl v dubnu i kv\u011btnu. Pr\u00e1ce se zv\u00ed\u0159aty se utlumila nejen v p\u0159\u00edpad\u011b kon\u00ed. Zastavila se i canisterapie, terapie pomoc\u00ed ps\u016f. &#8222;Nejen na na\u0161ich pracovi\u0161t\u00edch, ale i formou n\u00e1v\u0161t\u011bv v n\u011bkolika domovech pro seniory a lidi s du\u0161evn\u00edm nebo ment\u00e1ln\u00edm onemocn\u011bn\u00edm,&#8220; dod\u00e1v\u00e1. <br><br>Negativn\u011b se na ekonomick\u00e9 situaci projevilo nav\u00edc uzav\u0159en\u00ed popul\u00e1rn\u00edho charitativn\u00edho obch\u016fdku, chyb\u00ed i v\u00fdt\u011b\u017eek ze Srd\u00ed\u010dkov\u00e9ho plesu, kter\u00fd ji\u017e v b\u0159eznu neprob\u011bhl. Nedostatek financ\u00ed m\u00e1 sv\u00e9 praktick\u00e9 dopady. <\/p>\n\n\n\n<p>&#8222;Pot\u0159ebujeme udr\u017eet na\u0161e zam\u011bstnance, mzdy, n\u00e1jemn\u00e9, krmen\u00ed a chov zv\u00ed\u0159at, provoz aut pro ter\u00e9nn\u00ed pr\u00e1ci, jsou zv\u00fd\u0161en\u00e9 n\u00e1klady na hygienu a dal\u0161\u00ed v\u00fddaje&#8220; p\u0159izn\u00e1v\u00e1 \u0159editelka.<\/p>\n\n\n\n<p>Do budoucna ji i p\u0159es vl\u00e1dn\u00ed pl\u00e1ny uvol\u0148ov\u00e1n\u00ed opat\u0159en\u00ed tr\u00e1p\u00ed p\u0159edev\u0161\u00edm organiza\u010dn\u00ed nejasnosti a nejistota. &#8222;Ka\u017ed\u00e9 l\u00e9to t\u0159eba p\u0159ipravujeme rehabilita\u010dn\u00ed pobyty pro posti\u017een\u00e9 d\u011bti i jejich rodi\u010de. Nev\u00edme, jak budeme \u0159e\u0161it ubytov\u00e1n\u00ed, kter\u00e9 se mus\u00ed zamlouvat dop\u0159edu a jestli akce v\u016fbec bude,&#8220; dod\u00e1v\u00e1. Pr\u00e1ci v\u0161ak nevzd\u00e1v\u00e1 a v\u011b\u0159\u00ed, \u017ee se v\u0161e \u010dasem vr\u00e1t\u00ed do norm\u00e1lu.<\/p>\n\n\n\n<p>Jakub Dost\u00e1l<\/p>\n\n\n\n<p>Vy\u0161kovsk\u00fd den\u00edk<\/p>\n\n\n\n<p><a rel=\"noreferrer noopener\" aria-label=\" (otev\u0159e se na nov\u00e9 z\u00e1lo\u017ece)\" href=\"https:\/\/vyskovsky.denik.cz\/\" target=\"_blank\">https:\/\/vyskovsky.denik.cz\/<\/a><br><\/p>\n","protected":false},"excerpt":{"rendered":"<div class=\"mh-excerpt\"><p>Vy\u0161kovsk\u00e1 PIAFA se ocitla ve ztr\u00e1t\u011b. Neziskov\u00e1 organizace, kter\u00e1 se star\u00e1 o pomoc pot\u0159ebn\u00fdm a poskytuje terapie a rehabilitace, se musela sama obr\u00e1tit na sv\u00e9 <a class=\"mh-excerpt-more\" href=\"https:\/\/www.invarena.cz\/?p=34359\" title=\"Piafu p\u0159ipravila krize o p\u0159\u00edjmy. S prosbou o pomoc se obrac\u00ed na sv\u00e9 p\u0159\u00edznivce\">[&#8230;]<\/a><\/p>\n<\/div>","protected":false},"author":1,"featured_media":10490,"comment_status":"open","ping_status":"closed","sticky":false,"template":"","format":"standard","meta":{"footnotes":""},"categories":[9],"tags":[],"class_list":["post-34359","post","type-post","status-publish","format-standard","has-post-thumbnail","hentry","category-zpravy"],"_links":{"self":[{"href":"https:\/\/www.invarena.cz\/index.php?rest_route=\/wp\/v2\/posts\/34359","targetHints":{"allow":["GET"]}}],"collection":[{"href":"https:\/\/www.invarena.cz\/index.php?rest_route=\/wp\/v2\/posts"}],"about":[{"href":"https:\/\/www.invarena.cz\/index.php?rest_route=\/wp\/v2\/types\/post"}],"author":[{"embeddable":true,"href":"https:\/\/www.invarena.cz\/index.php?rest_route=\/wp\/v2\/users\/1"}],"replies":[{"embeddable":true,"href":"https:\/\/www.invarena.cz\/index.php?rest_route=%2Fwp%2Fv2%2Fcomments&post=34359"}],"version-history":[{"count":0,"href":"https:\/\/www.invarena.cz\/index.php?rest_route=\/wp\/v2\/posts\/34359\/revisions"}],"wp:featuredmedia":[{"embeddable":true,"href":"https:\/\/www.invarena.cz\/index.php?rest_route=\/wp\/v2\/media\/10490"}],"wp:attachment":[{"href":"https:\/\/www.invarena.cz\/index.php?rest_route=%2Fwp%2Fv2%2Fmedia&parent=34359"}],"wp:term":[{"taxonomy":"category","embeddable":true,"href":"https:\/\/www.invarena.cz\/index.php?rest_route=%2Fwp%2Fv2%2Fcategories&post=34359"},{"taxonomy":"post_tag","embeddable":true,"href":"https:\/\/www.invarena.cz\/index.php?rest_route=%2Fwp%2Fv2%2Ftags&post=34359"}],"curies":[{"name":"wp","href":"https:\/\/api.w.org\/{rel}","templated":true}]}}