{"id":34362,"date":"2020-05-12T11:41:30","date_gmt":"2020-05-12T09:41:30","guid":{"rendered":"http:\/\/www.invarena.cz\/?p=34362"},"modified":"2020-05-12T11:41:31","modified_gmt":"2020-05-12T09:41:31","slug":"po-nehode-skoncil-jiri-suchanek-na-voziku-ale-nevzdal-to","status":"publish","type":"post","link":"https:\/\/www.invarena.cz\/?p=34362","title":{"rendered":"Po nehod\u011b skon\u010dil Ji\u0159\u00ed Such\u00e1nek na voz\u00edku, ale nevzdal to"},"content":{"rendered":"\n<p>Ji\u0159\u00ed Such\u00e1nek i na voz\u00ed\u010dku \u017eije aktivn\u00ed \u017eivot. <\/p>\n\n\n\n<p>&#8222;Do dev\u00e1t\u00e9 t\u0159\u00eddy jsem se v\u011bnoval judu, aikidu a v\u016fbec m\u011b bavily bojov\u00e9 sporty. Hr\u00e1l jsem tak\u00e9 fotbal, hlavn\u011b obranu. Autonehodu jsem m\u011bl v sedmn\u00e1cti letech. Za pen\u00edze z brig\u00e1dy jsem si koupil \u0160kodu 110, jel na z\u00e1bavu a zrovna neabstinoval. P\u0159i n\u00e1vratu jsem nezastavil na stopce a hodil auto na st\u0159echu. P\u0159i nehod\u011b do\u0161lo k poran\u011bn\u00ed kr\u010dn\u00ed p\u00e1te\u0159e, tak\u017ee m\u00e1m posti\u017een\u00e9 i ruce. Po transportu na traumacentrum do Liberce m\u011b se sv\u00fdm t\u00fdmem operoval dnes \u0159editel libereck\u00e9 nemocnice Richard Luk\u00e1\u0161. Po komplikac\u00edch jsem si u\u017eil pobyt tak\u00e9 na odd\u011blen\u00ed ARO.<br><br>Asi jsem byl v\u017edy bojovn\u00edk. S takto z\u00e1va\u017en\u00fdm stavem jsem se ale nikdy nepotkal. Samoz\u0159ejm\u011b, \u017ee nejv\u011bt\u0161\u00ed oporou mi byla rodina, kter\u00e1 se opravdu kv\u016fli mn\u011b ob\u011btovala, a kamar\u00e1di. Po t\u0159ech letech st\u0159\u00eddav\u00e9 rehabilitace a zevlov\u00e1n\u00ed p\u0159i\u0161el nejd\u016fle\u017eit\u011bj\u0161\u00ed zlom. Na\u0161el jsem zam\u011bstn\u00e1n\u00ed. M\u011bl jsem tedy zam\u011bstn\u00e1n\u00ed (n\u00e1pl\u0148) a \u017eil relativn\u011b jako b\u011b\u017en\u00fd \u010dlov\u011bk. <br><br>Se stoln\u00edm tenisem jsem za\u010dal a\u017e po p\u0159ibli\u017en\u011b p\u011bti letech na voz\u00edku. Kdy\u017e jsem \u017eil je\u0161t\u011b u na\u0161ich v Chlum\u00edn\u011b na M\u011blnicku, zkusil jsem v\u00edce sport\u016f a chvilku to vypadalo, \u017ee pro m\u011b bude ide\u00e1ln\u00ed ragby na voz\u00edku. Kv\u016fli zam\u011bstn\u00e1n\u00ed jsem se p\u0159est\u011bhoval do Liberce. Pokud bych se ragby cht\u011bl v\u011bnovat, musel bych doj\u00ed\u017ed\u011bt do Prahy. Na Liberecku byl hlavn\u00edm sportem stoln\u00ed tenis, a tak byla jen ot\u00e1zka \u010dasu, kdy se k n\u011bmu dostanu. <br><br>Za nejv\u011bt\u0161\u00ed sportovn\u00ed \u00fasp\u011bch pova\u017euji medaili z Ria. V Riu jsem porazil dokonce obh\u00e1jce zlata z Lond\u00fdna, pro m\u011b to znamenalo neskonal\u00fd \u00fasp\u011bch. Ale m\u00e1m tak\u00e9 n\u011bkolik medail\u00ed z mistrovstv\u00ed Evropy. Nap\u0159\u00edklad bronzovou z roku 2017. Zde jsem hr\u00e1l proti kolegovi z Ukrajiny, kter\u00e9ho jsem od roku 2014 neporazil. Kone\u010dn\u011b to vy\u0161lo a v boji o medaili. Pocitov\u011b to byl pro m\u011b nejt\u011b\u017e\u0161\u00ed z\u00e1pas nejenom za posledn\u00ed dobu, ale asi zat\u00edm za celou svou dosavadn\u00ed kari\u00e9ru. <br><br>Hrad\u00edm v podstat\u011b v\u0161e, ale d\u00edky v\u011bt\u0161\u00edm \u010di men\u0161\u00edm d\u00e1rc\u016fm se to d\u00e1 zvl\u00e1dnout. Kdysi jsem sahal pom\u011brn\u011b dost do vlastn\u00ed kapsy. Dnes to u\u017e d\u011bl\u00e1m tak, \u017ee na co nejsou finance, to prost\u011b ned\u011bl\u00e1m. M\u00e1m rodinu a up\u0159\u00edmn\u011b, u\u017e m\u011b nebav\u00ed n\u011bkde n\u011bco platit na \u00fakor rodinn\u00e9ho rozpo\u010dtu. Sna\u017e\u00edm se v\u011bnovat hlavn\u011b rodin\u011b. R\u00e1d si sednu n\u011bkam k vod\u011b a nahod\u00edm pruty. A co bych vzk\u00e1zal handicapovan\u00fdm nejen sportovc\u016fm? Je t\u0159eba j\u00edt dop\u0159edu a m\u00edt v \u017eivot\u011b n\u00e1pl\u0148. V r\u00e1mci mo\u017enost\u00ed \u017e\u00edt. Ne p\u0159e\u017e\u00edvat.&#8220;<\/p>\n\n\n\n<p>Ji\u0159\u00ed Louda<\/p>\n\n\n\n<p>Libereck\u00fd den\u00edk<\/p>\n\n\n\n<p><a rel=\"noreferrer noopener\" aria-label=\" (otev\u0159e se na nov\u00e9 z\u00e1lo\u017ece)\" href=\"https:\/\/liberecky.denik.cz\/\" target=\"_blank\">https:\/\/liberecky.denik.cz\/<\/a> <br><\/p>\n","protected":false},"excerpt":{"rendered":"<div class=\"mh-excerpt\"><p>Ji\u0159\u00ed Such\u00e1nek i na voz\u00ed\u010dku \u017eije aktivn\u00ed \u017eivot. &#8222;Do dev\u00e1t\u00e9 t\u0159\u00eddy jsem se v\u011bnoval judu, aikidu a v\u016fbec m\u011b bavily bojov\u00e9 sporty. Hr\u00e1l jsem tak\u00e9 <a class=\"mh-excerpt-more\" href=\"https:\/\/www.invarena.cz\/?p=34362\" title=\"Po nehod\u011b skon\u010dil Ji\u0159\u00ed Such\u00e1nek na voz\u00edku, ale nevzdal to\">[&#8230;]<\/a><\/p>\n<\/div>","protected":false},"author":1,"featured_media":13669,"comment_status":"open","ping_status":"closed","sticky":false,"template":"","format":"standard","meta":{"footnotes":""},"categories":[9],"tags":[],"class_list":["post-34362","post","type-post","status-publish","format-standard","has-post-thumbnail","hentry","category-zpravy"],"_links":{"self":[{"href":"https:\/\/www.invarena.cz\/index.php?rest_route=\/wp\/v2\/posts\/34362","targetHints":{"allow":["GET"]}}],"collection":[{"href":"https:\/\/www.invarena.cz\/index.php?rest_route=\/wp\/v2\/posts"}],"about":[{"href":"https:\/\/www.invarena.cz\/index.php?rest_route=\/wp\/v2\/types\/post"}],"author":[{"embeddable":true,"href":"https:\/\/www.invarena.cz\/index.php?rest_route=\/wp\/v2\/users\/1"}],"replies":[{"embeddable":true,"href":"https:\/\/www.invarena.cz\/index.php?rest_route=%2Fwp%2Fv2%2Fcomments&post=34362"}],"version-history":[{"count":0,"href":"https:\/\/www.invarena.cz\/index.php?rest_route=\/wp\/v2\/posts\/34362\/revisions"}],"wp:featuredmedia":[{"embeddable":true,"href":"https:\/\/www.invarena.cz\/index.php?rest_route=\/wp\/v2\/media\/13669"}],"wp:attachment":[{"href":"https:\/\/www.invarena.cz\/index.php?rest_route=%2Fwp%2Fv2%2Fmedia&parent=34362"}],"wp:term":[{"taxonomy":"category","embeddable":true,"href":"https:\/\/www.invarena.cz\/index.php?rest_route=%2Fwp%2Fv2%2Fcategories&post=34362"},{"taxonomy":"post_tag","embeddable":true,"href":"https:\/\/www.invarena.cz\/index.php?rest_route=%2Fwp%2Fv2%2Ftags&post=34362"}],"curies":[{"name":"wp","href":"https:\/\/api.w.org\/{rel}","templated":true}]}}