{"id":34366,"date":"2020-05-12T11:47:11","date_gmt":"2020-05-12T09:47:11","guid":{"rendered":"http:\/\/www.invarena.cz\/?p=34366"},"modified":"2020-05-12T11:47:12","modified_gmt":"2020-05-12T09:47:12","slug":"hanousek-zeleni-zarizeni-nabidne-24hodinovou-pobytovou-sluzbu-na-prechodne-maximalne-trimesicni-obdobi","status":"publish","type":"post","link":"https:\/\/www.invarena.cz\/?p=34366","title":{"rendered":"Hanousek (Zelen\u00ed): Za\u0159\u00edzen\u00ed nab\u00eddne 24hodinovou pobytovou slu\u017ebu na p\u0159echodn\u00e9, maxim\u00e1ln\u011b t\u0159\u00edm\u011bs\u00ed\u010dn\u00ed obdob\u00ed"},"content":{"rendered":"\n<p>Jedna z leto\u0161n\u00edch nejv\u011bt\u0161\u00edch investi\u010dn\u00edch akc\u00ed m\u011bsta Hradce Kr\u00e1lov\u00e9 dnes byla ofici\u00e1ln\u011b zah\u00e1jena. Veden\u00ed radnice dnes p\u0159edalo staveni\u0161t\u011b nov\u00e9 odleh\u010dovac\u00ed slu\u017eby v Honkov\u011b ulici spole\u010dnosti STRABAG a.s., kter\u00e1 za 115,7 milionu korun v\u010detn\u011b DPH postav\u00ed budovu s kapacitou 35 l\u016f\u017eek. Samotn\u00e9 stavebn\u00ed pr\u00e1ce za\u010dnou v nejbli\u017e\u0161\u00edch dnech demolic\u00ed star\u00e9ho objektu, dokon\u010den\u00ed a uveden\u00ed slu\u017eby do provozu by mohlo b\u00fdt v pr\u016fb\u011bhu roku 2021. <br><br>Cel\u00fd \u010dl\u00e1nek naleznete v Parlamentn\u00edch Listech: <a href=\"http:\/\/www.parlamentnilisty.cz\/politika\/politici-volicum\/Hanousek-Zeleni-Zarizeni-nabidne-24hodinovou-pobytovou-sluzbu-na-prechodne-maximalne-trimesicni-obdobi-623556\" target=\"_blank\" rel=\"noreferrer noopener\" aria-label=\" (otev\u0159e se na nov\u00e9 z\u00e1lo\u017ece)\">http:\/\/www.parlamentnilisty.cz\/politika\/politici-volicum\/Hanousek-Zeleni-Zarizeni-nabidne-24hodinovou-pobytovou-sluzbu-na-prechodne-maximalne-trimesicni-obdobi-623556<\/a><\/p>\n","protected":false},"excerpt":{"rendered":"<div class=\"mh-excerpt\"><p>Jedna z leto\u0161n\u00edch nejv\u011bt\u0161\u00edch investi\u010dn\u00edch akc\u00ed m\u011bsta Hradce Kr\u00e1lov\u00e9 dnes byla ofici\u00e1ln\u011b zah\u00e1jena. Veden\u00ed radnice dnes p\u0159edalo staveni\u0161t\u011b nov\u00e9 odleh\u010dovac\u00ed slu\u017eby v Honkov\u011b ulici spole\u010dnosti <a class=\"mh-excerpt-more\" href=\"https:\/\/www.invarena.cz\/?p=34366\" title=\"Hanousek (Zelen\u00ed): Za\u0159\u00edzen\u00ed nab\u00eddne 24hodinovou pobytovou slu\u017ebu na p\u0159echodn\u00e9, maxim\u00e1ln\u011b t\u0159\u00edm\u011bs\u00ed\u010dn\u00ed obdob\u00ed\">[&#8230;]<\/a><\/p>\n<\/div>","protected":false},"author":1,"featured_media":4002,"comment_status":"open","ping_status":"closed","sticky":false,"template":"","format":"standard","meta":{"footnotes":""},"categories":[9],"tags":[],"class_list":["post-34366","post","type-post","status-publish","format-standard","has-post-thumbnail","hentry","category-zpravy"],"_links":{"self":[{"href":"https:\/\/www.invarena.cz\/index.php?rest_route=\/wp\/v2\/posts\/34366","targetHints":{"allow":["GET"]}}],"collection":[{"href":"https:\/\/www.invarena.cz\/index.php?rest_route=\/wp\/v2\/posts"}],"about":[{"href":"https:\/\/www.invarena.cz\/index.php?rest_route=\/wp\/v2\/types\/post"}],"author":[{"embeddable":true,"href":"https:\/\/www.invarena.cz\/index.php?rest_route=\/wp\/v2\/users\/1"}],"replies":[{"embeddable":true,"href":"https:\/\/www.invarena.cz\/index.php?rest_route=%2Fwp%2Fv2%2Fcomments&post=34366"}],"version-history":[{"count":0,"href":"https:\/\/www.invarena.cz\/index.php?rest_route=\/wp\/v2\/posts\/34366\/revisions"}],"wp:featuredmedia":[{"embeddable":true,"href":"https:\/\/www.invarena.cz\/index.php?rest_route=\/wp\/v2\/media\/4002"}],"wp:attachment":[{"href":"https:\/\/www.invarena.cz\/index.php?rest_route=%2Fwp%2Fv2%2Fmedia&parent=34366"}],"wp:term":[{"taxonomy":"category","embeddable":true,"href":"https:\/\/www.invarena.cz\/index.php?rest_route=%2Fwp%2Fv2%2Fcategories&post=34366"},{"taxonomy":"post_tag","embeddable":true,"href":"https:\/\/www.invarena.cz\/index.php?rest_route=%2Fwp%2Fv2%2Ftags&post=34366"}],"curies":[{"name":"wp","href":"https:\/\/api.w.org\/{rel}","templated":true}]}}