{"id":34369,"date":"2020-05-12T11:57:56","date_gmt":"2020-05-12T09:57:56","guid":{"rendered":"http:\/\/www.invarena.cz\/?p=34369"},"modified":"2020-05-13T05:44:11","modified_gmt":"2020-05-13T03:44:11","slug":"muzikanti-hrali-pod-okny-vozickarum-a-sestrickam","status":"publish","type":"post","link":"https:\/\/www.invarena.cz\/?p=34369","title":{"rendered":"Muzikanti hr\u00e1li pod okny voz\u00ed\u010dk\u00e1\u0159\u016fm a sest\u0159i\u010dk\u00e1m"},"content":{"rendered":"\n<p>\u017dire\u010d \u2013 Na n\u00e1dvo\u0159\u00ed Domova sv. Josefa v \u017dir\u010di minul\u00fd t\u00fdden vystoupila se sv\u00fdm reperto\u00e1rem skupina Bumble Bee Band bez n\u00e1roku na jak\u00fdkoliv honor\u00e1\u0159, aby pot\u011b\u0161ila pacienty s roztrou\u0161enou skler\u00f3zou upoutan\u00e9 na invalidn\u00ed voz\u00edky.<\/p>\n\n\n\n<p>Po del\u0161\u00ed dob\u011b kulturn\u00edho p\u016fstu vlivem pandemie zorganizovala pro klienty domova kr\u00e1lov\u00e9dvorsk\u00e1 Arnika koncert Pod okny. Druh\u00fd den kapela zahr\u00e1la tak\u00e9 v Hospicu Ane\u017eky \u010cesk\u00e9.<\/p>\n\n\n\n<p>Skupina vystoupila v omezen\u00e9m seskupen\u00ed t\u0159\u00ed hudebn\u00edk\u016f z dev\u00edti a zahr\u00e1la hity nap\u0159\u00ed\u010d v\u0161emi \u017e\u00e1nry.<\/p>\n\n\n\n<p>P\u0159edala tak radost a optimismus, kter\u00fd je v t\u011bchto dnech velmi d\u016fle\u017eit\u00fd a l\u00e9\u010div\u00fd pro ka\u017edou du\u0161i. A pro nemocn\u00e9 o to v\u00edc.<\/p>\n\n\n\n<p>Pozitivn\u00ed ohlasy byly \u010detn\u00e9 a Domov sv. Josefa t\u00edmto d\u011bkuje organiz\u00e1tor\u016fm a skupin\u011b za nev\u0161edn\u00ed kulturn\u00ed z\u00e1\u017eitek. <br> <br>Dagmar Turkov\u00e1, Domov sv. Josefa \u017dire\u010d<\/p>\n\n\n\n<p>Krkono\u0161sk\u00fd den\u00edk<\/p>\n\n\n\n<p><a rel=\"noreferrer noopener\" aria-label=\" (otev\u0159e se na nov\u00e9 z\u00e1lo\u017ece)\" href=\"http:\/\/krkonossky.denik.cz\/\" target=\"_blank\">http:\/\/krkonossky.denik.cz\/<\/a><\/p>\n","protected":false},"excerpt":{"rendered":"<div class=\"mh-excerpt\"><p>\u017dire\u010d \u2013 Na n\u00e1dvo\u0159\u00ed Domova sv. Josefa v \u017dir\u010di minul\u00fd t\u00fdden vystoupila se sv\u00fdm reperto\u00e1rem skupina Bumble Bee Band bez n\u00e1roku na jak\u00fdkoliv honor\u00e1\u0159, aby <a class=\"mh-excerpt-more\" href=\"https:\/\/www.invarena.cz\/?p=34369\" title=\"Muzikanti hr\u00e1li pod okny voz\u00ed\u010dk\u00e1\u0159\u016fm a sest\u0159i\u010dk\u00e1m\">[&#8230;]<\/a><\/p>\n<\/div>","protected":false},"author":1,"featured_media":34380,"comment_status":"open","ping_status":"closed","sticky":false,"template":"","format":"standard","meta":{"footnotes":""},"categories":[7],"tags":[],"class_list":["post-34369","post","type-post","status-publish","format-standard","has-post-thumbnail","hentry","category-spolecnost"],"_links":{"self":[{"href":"https:\/\/www.invarena.cz\/index.php?rest_route=\/wp\/v2\/posts\/34369","targetHints":{"allow":["GET"]}}],"collection":[{"href":"https:\/\/www.invarena.cz\/index.php?rest_route=\/wp\/v2\/posts"}],"about":[{"href":"https:\/\/www.invarena.cz\/index.php?rest_route=\/wp\/v2\/types\/post"}],"author":[{"embeddable":true,"href":"https:\/\/www.invarena.cz\/index.php?rest_route=\/wp\/v2\/users\/1"}],"replies":[{"embeddable":true,"href":"https:\/\/www.invarena.cz\/index.php?rest_route=%2Fwp%2Fv2%2Fcomments&post=34369"}],"version-history":[{"count":0,"href":"https:\/\/www.invarena.cz\/index.php?rest_route=\/wp\/v2\/posts\/34369\/revisions"}],"wp:featuredmedia":[{"embeddable":true,"href":"https:\/\/www.invarena.cz\/index.php?rest_route=\/wp\/v2\/media\/34380"}],"wp:attachment":[{"href":"https:\/\/www.invarena.cz\/index.php?rest_route=%2Fwp%2Fv2%2Fmedia&parent=34369"}],"wp:term":[{"taxonomy":"category","embeddable":true,"href":"https:\/\/www.invarena.cz\/index.php?rest_route=%2Fwp%2Fv2%2Fcategories&post=34369"},{"taxonomy":"post_tag","embeddable":true,"href":"https:\/\/www.invarena.cz\/index.php?rest_route=%2Fwp%2Fv2%2Ftags&post=34369"}],"curies":[{"name":"wp","href":"https:\/\/api.w.org\/{rel}","templated":true}]}}