{"id":34372,"date":"2020-05-12T12:13:36","date_gmt":"2020-05-12T10:13:36","guid":{"rendered":"http:\/\/www.invarena.cz\/?p=34372"},"modified":"2020-05-13T05:33:35","modified_gmt":"2020-05-13T03:33:35","slug":"deti-detem-nezahali-ani-v-nouzovem-stavu-chysta-se-vlastni-tym","status":"publish","type":"post","link":"https:\/\/www.invarena.cz\/?p=34372","title":{"rendered":"D\u011aTI D\u011aTEM nezah\u00e1l\u00ed ani v nouzov\u00e9m stavu. Chyst\u00e1 se vlastn\u00ed t\u00fdm"},"content":{"rendered":"\n<p>Iniciativa D\u011aTI D\u011aTEM, organizuje sportovn\u00ed a kulturn\u00ed akce pro d\u011bti, jejich\u017e v\u00fdt\u011b\u017eek je v\u017edy v\u011bnov\u00e1n konkr\u00e9tn\u00edmu posti\u017een\u00e9mu d\u00edt\u011bti. Ve stavu nouze v\u0161ak byla nucena sv\u00e9 aktivity na n\u011bjak\u00fd \u010das odlo\u017eit. Nejen o tom jsem si pov\u00eddal se zakladatelem a dr\u017eitelem ocen\u011bn\u00ed Osobnost amat\u00e9rsk\u00e9ho fotbalu 2019 pro Olomouck\u00fd kraj Rostislavem Va\u0148kem. <\/p>\n\n\n\n<p><em>ilustra\u010dn\u00ed sn\u00edmek<\/em><br> <br>Jak va\u0161i iniciativu poznamenal nouzov\u00fd stav? <br> <br>Celkem z\u00e1sadn\u011b. Naru\u0161il n\u00e1\u0161 plynul\u00fd chod. \u0158adu akc\u00ed jsme museli p\u0159esunout do n\u00e1hradn\u00edch term\u00edn\u016f, nebo \u00fapln\u011b zru\u0161it. Bohu\u017eel v\u010detn\u011b na\u0161eho prvn\u00edho spole\u010densk\u00e9ho plesu, kter\u00fd m\u011bl b\u00fdt 13. b\u0159ezna. V\u0161e bylo zaji\u0161t\u011bno, tombola, ceny&#8230; Z\u00fa\u010dastnit se m\u011bli v\u00fdznamn\u00ed host\u00e9 v \u010dele s Davidem Rozehnalem, na\u0161\u00edm podporovatelem. Zdrav\u00ed je ale na prvn\u00edm m\u00edst\u011b. <br> <br>Co dal\u0161\u00edho muselo b\u00fdt zru\u0161eno? <br> <br>Divadeln\u00ed p\u0159edstaven\u00ed Rozpaky zuba\u0159e Svatopluka Nov\u00e1ka v pod\u00e1n\u00ed ochotnick\u00e9ho spolku JCHP, ale hlavn\u011b fotbalov\u00e9 turnaje. V Javorn\u00edku parta kolem Ondry Zykmunda cht\u011bla uspo\u0159\u00e1dat turnaj s mezin\u00e1rodn\u00ed \u00fa\u010dast\u00ed. Dal\u0161\u00ed novinkou m\u011bl b\u00fdt velk\u00fd turnaj v Nov\u00fdch Sadech, stejn\u011b tak ji\u017e tradi\u010dn\u00ed Pomorav\u00ed Cup v Jind\u0159ichov\u011b, kde ka\u017ed\u00fd rok bojuje o medaile ka\u017ed\u00fd rok 24 t\u00fdm\u016f. Nejv\u00edc n\u00e1s bol\u00ed zru\u0161en\u00ed celodenn\u00ed akce na Tyr\u0161ov\u011b stadionu v \u0160umperku. <br> <br>Pro\u010d pr\u00e1v\u011b tato akce? <br> <br>V r\u00e1mci bloku s n\u00e1zvem Milionov\u00e1 rodina, ve kter\u00e9m pom\u00e1h\u00e1me 7 rodin\u00e1m s jejich nelehk\u00fdm osudem, m\u011blo prob\u011bhnout vyvrcholen\u00ed v podob\u011b mezin\u00e1rodn\u00edho turnaje t\u011bch nejmen\u0161\u00edch fotbalist\u016f pod n\u00e1zvem Memori\u00e1l Luk\u00e1\u0161e P\u0159ibyla. \u00da\u010dastnit se m\u011bli Sparta, Slavia, Bohemians, Ban\u00edk Ostrava, Sigma Olomouc a dal\u0161\u00ed. Hr\u00e1t se m\u011blo i utk\u00e1n\u00ed legend FK \u0160umperk proti t\u00fdmu Real Top Praha, co\u017e je t\u00fdm osobnost\u00ed jako Jan Koller, Vladimir \u0160micer, Patrik Berger, Jakub Vor\u00e1\u010dek, Jakub \u0160t\u00e1fek, Jarom\u00edr Bos\u00e1k. Z po\u0159adu TIKI-TAKA, jeho\u017e str\u016fjcem je Alexandr Smita, byl p\u0159isl\u00edben nemal\u00fd obnos. V\u0161echny vybran\u00e9 prost\u0159edky pak m\u011bly sm\u011b\u0159ovat pr\u00e1v\u011b na pomoc vybran\u00fdm rodin\u00e1m. <br> <br>O kter\u00e9 rodiny se jedn\u00e1? <br> <br>Jedn\u00e1 se o Elenku Vojtkovou z Olomouce, Jaroslava K\u0159epelku z Velk\u00e9ho Po\u0159\u00ed\u010d\u00ed, Terezku Vep\u0159kovou z Kol\u0161ova, \u0160imona Pol\u00e1cha z Doln\u00edch Stud\u00e9nek, Nat\u00e1lku Denisu Lubinovou z Velk\u00fdch Losin, Izabelku Bu\u010dkovou ze Zvole a Tomina Burghardta z Velk\u00e9ho T\u00fdnce. V\u0161e se te\u010f posune na p\u0159\u00ed\u0161t\u00ed rok, tak\u017ee o pomoc nep\u0159ijdou. <br> <br>Jak sn\u00e1\u0161ej\u00ed rodiny toto obdob\u00ed? Jste s nimi v kontaktu? <br> <br>Ano, jsem. Je to pro n\u011b t\u011b\u017ek\u00e9. V\u011bt\u0161ina pravideln\u011b cvi\u010d\u00ed a sna\u017e\u00ed se zlep\u0161ovat sv\u016fj stav. Te\u010f to nen\u00ed podle jejich p\u0159edstav a je pochopiteln\u00e9, \u017ee je tu nervozita. Jsou ale neskute\u010dn\u011b siln\u00ed, tak ur\u010dit\u011b v\u0161e zvl\u00e1dnou. J\u00e1 ale douf\u00e1m, \u017ee a\u017e se v\u0161e uklidn\u00ed, budou lid\u00e9 i nad\u00e1le pom\u00e1hat\u2026. Pomoc pot\u0159ebuj\u00ed. <br> <br>A co nyn\u00ed chyst\u00e1te? <br> <br>Snad se budou moct po\u0159\u00e1dat zimn\u00ed akce, tak\u017ee p\u0159ipravujeme ty. Pom\u00e1h\u00e1me tak\u00e9 sen\u00e1toru Ad\u00e1mkovi s distribuc\u00ed bal\u00ed\u010dk\u016f pro rodiny. Je to od n\u011bj moc p\u011bkn\u00e9. Pro rodiny je moc d\u016fle\u017eit\u00e9 v\u011bd\u011bt, \u017ee nejsou na v\u0161e samy. S Martinem Blahou, b\u00fdval\u00fdm hr\u00e1\u010dem Sigmy Olomouc, chyst\u00e1me t\u00fdm legend D\u011aTID\u011aTEM, kter\u00fd bude na na\u0161ich akc\u00edch hr\u00e1t. Je \u00fa\u017easn\u00e9, jak cht\u011bj\u00ed takov\u00e9 osobnosti pomoci. <br> <br>Fotbalov\u00e9 st\u0159\u00edpky Davida Kobyl\u00edka Dnes trochu netradi\u010dn\u011b, ale o to v\u00e1\u017en\u011bji. V zimn\u00ed fotbalov\u00e9 pauze jsem m\u011bl tu p\u0159\u00edle\u017eitost z\u00fa\u010dastnit se charitativn\u00edho turnaje iniciativy D\u011bti D\u011btem a poznal jsem zap\u00e1len\u00e9, nad\u0161en\u00e9 dobrovoln\u00edky, kte\u0159\u00ed nezi\u0161tn\u011b pom\u00e1haj\u00ed mal\u00fdm d\u011btem. Tato kr\u00e1sn\u00e1 v\u011bc m\u011b opravdu velmi bezprost\u0159edn\u011b zas\u00e1hla a r\u00e1d bych V\u00e1m touto cestou p\u0159inesl v\u00edce informac\u00ed v m\u00e9m pravideln\u00e9m sloupku.<\/p>\n\n\n\n<p>Olomouck\u00fd den\u00edk<\/p>\n\n\n\n<p><a rel=\"noreferrer noopener\" aria-label=\" (otev\u0159e se na nov\u00e9 z\u00e1lo\u017ece)\" href=\"http:\/\/www.olomoucky.denik.cz\/\" target=\"_blank\">http:\/\/www.olomoucky.denik.cz\/<\/a><\/p>\n","protected":false},"excerpt":{"rendered":"<div class=\"mh-excerpt\"><p>Iniciativa D\u011aTI D\u011aTEM, organizuje sportovn\u00ed a kulturn\u00ed akce pro d\u011bti, jejich\u017e v\u00fdt\u011b\u017eek je v\u017edy v\u011bnov\u00e1n konkr\u00e9tn\u00edmu posti\u017een\u00e9mu d\u00edt\u011bti. Ve stavu nouze v\u0161ak byla nucena sv\u00e9 <a class=\"mh-excerpt-more\" href=\"https:\/\/www.invarena.cz\/?p=34372\" title=\"D\u011aTI D\u011aTEM nezah\u00e1l\u00ed ani v nouzov\u00e9m stavu. Chyst\u00e1 se vlastn\u00ed t\u00fdm\">[&#8230;]<\/a><\/p>\n<\/div>","protected":false},"author":1,"featured_media":21907,"comment_status":"open","ping_status":"closed","sticky":false,"template":"","format":"standard","meta":{"footnotes":""},"categories":[12],"tags":[],"class_list":["post-34372","post","type-post","status-publish","format-standard","has-post-thumbnail","hentry","category-rozhovory"],"_links":{"self":[{"href":"https:\/\/www.invarena.cz\/index.php?rest_route=\/wp\/v2\/posts\/34372","targetHints":{"allow":["GET"]}}],"collection":[{"href":"https:\/\/www.invarena.cz\/index.php?rest_route=\/wp\/v2\/posts"}],"about":[{"href":"https:\/\/www.invarena.cz\/index.php?rest_route=\/wp\/v2\/types\/post"}],"author":[{"embeddable":true,"href":"https:\/\/www.invarena.cz\/index.php?rest_route=\/wp\/v2\/users\/1"}],"replies":[{"embeddable":true,"href":"https:\/\/www.invarena.cz\/index.php?rest_route=%2Fwp%2Fv2%2Fcomments&post=34372"}],"version-history":[{"count":0,"href":"https:\/\/www.invarena.cz\/index.php?rest_route=\/wp\/v2\/posts\/34372\/revisions"}],"wp:featuredmedia":[{"embeddable":true,"href":"https:\/\/www.invarena.cz\/index.php?rest_route=\/wp\/v2\/media\/21907"}],"wp:attachment":[{"href":"https:\/\/www.invarena.cz\/index.php?rest_route=%2Fwp%2Fv2%2Fmedia&parent=34372"}],"wp:term":[{"taxonomy":"category","embeddable":true,"href":"https:\/\/www.invarena.cz\/index.php?rest_route=%2Fwp%2Fv2%2Fcategories&post=34372"},{"taxonomy":"post_tag","embeddable":true,"href":"https:\/\/www.invarena.cz\/index.php?rest_route=%2Fwp%2Fv2%2Ftags&post=34372"}],"curies":[{"name":"wp","href":"https:\/\/api.w.org\/{rel}","templated":true}]}}