{"id":34389,"date":"2020-05-14T14:16:02","date_gmt":"2020-05-14T12:16:02","guid":{"rendered":"http:\/\/www.invarena.cz\/?p=34389"},"modified":"2020-05-14T14:16:03","modified_gmt":"2020-05-14T12:16:03","slug":"lide-s-demenci-jsou-trochu-jako-deti-krehci-a-tesi-je-malickosti","status":"publish","type":"post","link":"https:\/\/www.invarena.cz\/?p=34389","title":{"rendered":"Lid\u00e9 s demenc\u00ed jsou trochu jako d\u011bti. K\u0159ehc\u00ed a t\u011b\u0161\u00ed je mali\u010dkosti"},"content":{"rendered":"\n<p>Je v\u017edy velkou radost\u00ed, kdy\u017e se klienti Alzheimercentra raduj\u00ed t\u0159eba na fa\u0161anku <br> <br>Rodinu klient\u016fm sice nenahrad\u00edme, ale v\u0161ichni si uv\u011bdomujeme, \u017ee pr\u00e1v\u011b v t\u011bchto chv\u00edl\u00edch pot\u0159ebuj\u00ed o to v\u00edc na\u0161\u00ed pozornosti, trp\u011blivosti a laskav\u00e9ho p\u0159\u00edstupu.<\/p>\n\n\n\n<p>\u0158\u00edk\u00e1 to v rozhovoru pro Den\u00edk aktiviza\u010dn\u00ed pracovnice Alzheimercentra ve Zl\u00edn\u011b Pavl\u00edna Dost\u00e1lov\u00e1.<\/p>\n\n\n\n<p>Mezi \u0159adou jejich \u00fakol\u016f pat\u0159\u00ed i vysv\u011btlov\u00e1n\u00ed, pro\u010d v posledn\u00edch t\u00fddnech nemohou za klienty p\u0159ij\u00edt p\u0159\u00edbuzn\u00ed. P\u0159esto\u017ee se omezen\u00ed kv\u016fli pandemi koronaviru postupn\u011b uvol\u0148uj\u00ed, nejrizikov\u011bj\u0161\u00ed skupiny obyvatel mus\u00ed b\u00fdt st\u00e1le velmi chr\u00e1n\u011bny. <br> <br>&#8211; Jak moc va\u0161i klienti situaci vn\u00edmaj\u00ed? <br> <br>Mnoz\u00ed vn\u00edmaj\u00ed, \u017ee se d\u011bje n\u011bco neobvykl\u00e9ho, a i kdy\u017e maj\u00ed sv\u016fj vlastn\u00ed sv\u011bt, dok\u00e1\u017e\u00ed velmi citliv\u011b vn\u00edmat na\u0161e rozpolo\u017een\u00ed nebo n\u00e1ladu. Pr\u00e1v\u011b proto se sna\u017e\u00edme, aby p\u0159es ve\u0161ker\u00e1 opat\u0159en\u00ed \u017eivot plynul d\u00e1l, a to co mo\u017en\u00e1 nejp\u0159irozen\u011bji. A kdy\u017e se vr\u00e1t\u00edm k rodin\u011b, i kdy\u017e ten osobn\u00ed kontakt nen\u00ed mo\u017en\u00fd, nab\u00edz\u00edme klient\u016fm mo\u017enost komunikovat s bl\u00edzk\u00fdmi prost\u0159ednictv\u00edm aplikace Skype, rodiny n\u00e1m tak\u00e9 pos\u00edlaj\u00ed videopozdravy, fotografie a textov\u00e9 zpr\u00e1vy, a i my se sna\u017e\u00edme na soci\u00e1ln\u00edch s\u00edt\u00edch pravideln\u011b zve\u0159ej\u0148ovat fotografie ze \u017eivota v centru. <br> <br>&#8211; Star\u0161\u00ed a nemocn\u00ed lid\u00e9 jsou n\u00e1chyln\u011bj\u0161\u00ed n\u00e1kaze? Co d\u011bl\u00e1te pro to, abyste je omylem nenakazila? Omezujte nap\u0159\u00edklad kontakty s lidmi mimo za\u0159\u00edzen\u00ed a nejbli\u017e\u0161\u00ed rodinu? <br> <br>V\u0161ichni zam\u011bstnanci dodr\u017eujeme p\u0159\u00edsn\u011bj\u0161\u00ed opat\u0159en\u00ed, p\u0159edev\u0161\u00edm v podob\u011b \u010dast\u011bj\u0161\u00ed dezinfekce, no\u0161en\u00ed ochrann\u00fdch pom\u016fcek nebo nap\u0159\u00edklad zv\u00fd\u0161en\u00e9ho p\u0159\u00edsunu vitamin\u016f. A samoz\u0159ejm\u011b se sna\u017e\u00edm v maxim\u00e1ln\u00ed mo\u017en\u00e9 m\u00ed\u0159e omezit kontakty s lidmi mimo na\u0161e pracovi\u0161t\u011b, a to jen na nejbli\u017e\u0161\u00ed rodinu. <br> <br>&#8211; \u010c\u00edm v\u00e1s pr\u00e1ce s lidmi posti\u017een\u00fdch r\u016fzn\u00fdmi typy demence napl\u0148uje? <br> <br>Pr\u00e1ce s lidmi posti\u017een\u00fdmi r\u016fzn\u00fdmi typy demenc\u00ed je skute\u010dn\u011b kr\u00e1sn\u00e1 v tom, \u017ee mi p\u0159ipom\u00edn\u00e1 pr\u00e1ci s d\u011btmi. V jist\u00e9m smyslu slova jsou toti\u017e na\u0161i klienti d\u011btem opravdu podobn\u00ed, jsou bezprost\u0159edn\u00ed, maj\u00ed radost i z mali\u010dkost\u00ed, z\u00e1rove\u0148 jsou velmi k\u0159ehc\u00ed a stejn\u011b jako d\u011bti pot\u0159ebuj\u00ed co nejv\u00edce l\u00e1sky, pot\u0159ebuj\u00ed m\u00edt pocit, \u017ee jsou u\u017eite\u010dn\u00ed a \u017ee n\u011bkomu na nich opravdu z\u00e1le\u017e\u00ed. <br> <br>&#8211; Co konkr\u00e9tn\u011b va\u0161e pr\u00e1ce obn\u00e1\u0161\u00ed? <br> <br>V Alzheimercentru Zl\u00edn pracuji jako aktiviza\u010dn\u00ed pracovn\u00edk, tak\u017ee se sna\u017e\u00edm p\u0159isp\u011bt k tomu, aby klienti z\u016fstali co nejdel\u0161\u00ed dobu sob\u011bsta\u010dn\u00ed. V programu m\u00e1me mno\u017estv\u00ed aktivit a terapi\u00ed, kter\u00e9 klient\u016fm d\u011blaj\u00ed radost a pom\u00e1haj\u00ed jim, a\u0165 u\u017e jsou to pohybov\u00e9 aktivity, v\u00fdtvarn\u00e9 \u010dinnosti, kognitivn\u00ed pr\u00e1ce (lu\u0161t\u011bn\u00ed k\u0159\u00ed\u017eovek nebo r\u016fzn\u00e9 kv\u00edzy), ale tak\u00e9 nap\u0159\u00edklad akce, kter\u00e9 se vztahuj\u00ed k dan\u00e9mu ro\u010dn\u00edmu obdob\u00ed nebo sv\u00e1tk\u016fm \u2013 t\u0159eba fa\u0161ank, velikono\u010dn\u00ed poml\u00e1zku \u010di p\u00e1len\u00ed \u010darod\u011bjnic a mnoho dal\u0161\u00edch akc\u00ed. T\u011b\u0161\u00edme se na to i my, zam\u011bstnanci, proto\u017ee pr\u00e1v\u011b ve chv\u00edl\u00edch, kdy vid\u00edme radost v o\u010d\u00edch klient\u016f a jejich \u00fasm\u011bv, si uv\u011bdomujeme, \u017ee to v\u0161echno m\u00e1 smysl. <br> <br>&#8211; Jak releaxujete, tr\u00e1v\u00edte voln\u00fd \u010das, jak\u00e9 jsou va\u0161e kon\u00ed\u010dky, na co r\u00e1da vzpom\u00edn\u00e1te, co v\u00e1m ud\u011bl\u00e1 radost? <br> <br>M\u00e1m dva kluky, oba jsou to mal\u00ed sportovci, tak\u017ee voln\u00fd \u010das se sna\u017e\u00edm tr\u00e1vit aktivn\u011b venku \u2013 s balonem, na kole nebo jen tak na zahrad\u011b. Krom\u011b toho u\u017e n\u011bkolik let b\u011bh\u00e1m. A pr\u00e1v\u011b b\u011bh, \u010derstv\u00fd vzduch a v\u00edtr ve vlasech je pro m\u011b velk\u00fdm zdrojem energie, optimismu a dobr\u00e9 n\u00e1lady. <br> <br> &#8212; <br> <br>Z historek Pavl\u00edny Dost\u00e1lov\u00e9 <br> <br>M\u00e1m velmi r\u00e1da jednu historku, kter\u00e1 se mi stala kr\u00e1tce po m\u00e9m n\u00e1stupu do Alzheimercentra. \u0160la jsem doprovodit jednu klientku na pokoj, a p\u0159itom jsem se ji ptala, jak se jmenuje, abychom spole\u010dn\u011b ten spr\u00e1vn\u00fd pokoj na\u0161ly. Od kolegyn\u011b jsem to jm\u00e9no v\u011bd\u011bla, ale klientka si vzpomenout nemohla a kdy\u017e jsem ji to jej\u00ed jm\u00e9no \u0159ekla, za\u010dala se sm\u00e1t, byla up\u0159\u00edmn\u011b nad\u0161en\u00e1 a p\u0159ekvapen\u00e1, \u017ee mohla tak kr\u00e1sn\u00e9 jm\u00e9no zapomenout. A j\u00e1 jsem si s \u00fasm\u011bvem \u0159ekla: &#8222;Tak a jsem opravdu v Alzheimercentru&#8220;.  <\/p>\n\n\n\n<p>V n\u011bkter\u00fdch chv\u00edl\u00edch si \u0159\u00edk\u00e1m: &#8222;Ned\u011blej jin\u00fdm to, co nechce\u0161, aby jin\u00ed d\u011blali tob\u011b&#8220; a aktu\u00e1ln\u011b t\u0159eba &#8222;Kdy\u017e ti v \u017eivot\u011b n\u011bco sch\u00e1z\u00ed, dej to prvn\u00edmu \u010dlov\u011bku, kter\u00e9ho potk\u00e1\u0161 \u2013 t\u0159eba jen \u00fasm\u011bv nebo pohlazen\u00ed&#8220;. A funguje to opravdu z\u00e1zra\u010dn\u011b.<\/p>\n\n\n\n<p>DAVID KAROLA<\/p>\n\n\n\n<p>Krom\u011b\u0159\u00ed\u017esk\u00fd den\u00edk<\/p>\n\n\n\n<p><a rel=\"noreferrer noopener\" aria-label=\" (otev\u0159e se na nov\u00e9 z\u00e1lo\u017ece)\" href=\"http:\/\/kromerizsky.denik.cz\/\" target=\"_blank\">http:\/\/kromerizsky.denik.cz\/<\/a><\/p>\n","protected":false},"excerpt":{"rendered":"<div class=\"mh-excerpt\"><p>Je v\u017edy velkou radost\u00ed, kdy\u017e se klienti Alzheimercentra raduj\u00ed t\u0159eba na fa\u0161anku Rodinu klient\u016fm sice nenahrad\u00edme, ale v\u0161ichni si uv\u011bdomujeme, \u017ee pr\u00e1v\u011b v t\u011bchto chv\u00edl\u00edch <a class=\"mh-excerpt-more\" href=\"https:\/\/www.invarena.cz\/?p=34389\" title=\"Lid\u00e9 s demenc\u00ed jsou trochu jako d\u011bti. K\u0159ehc\u00ed a t\u011b\u0161\u00ed je mali\u010dkosti\">[&#8230;]<\/a><\/p>\n<\/div>","protected":false},"author":1,"featured_media":17515,"comment_status":"open","ping_status":"closed","sticky":false,"template":"","format":"standard","meta":{"footnotes":""},"categories":[9],"tags":[],"class_list":["post-34389","post","type-post","status-publish","format-standard","has-post-thumbnail","hentry","category-zpravy"],"_links":{"self":[{"href":"https:\/\/www.invarena.cz\/index.php?rest_route=\/wp\/v2\/posts\/34389","targetHints":{"allow":["GET"]}}],"collection":[{"href":"https:\/\/www.invarena.cz\/index.php?rest_route=\/wp\/v2\/posts"}],"about":[{"href":"https:\/\/www.invarena.cz\/index.php?rest_route=\/wp\/v2\/types\/post"}],"author":[{"embeddable":true,"href":"https:\/\/www.invarena.cz\/index.php?rest_route=\/wp\/v2\/users\/1"}],"replies":[{"embeddable":true,"href":"https:\/\/www.invarena.cz\/index.php?rest_route=%2Fwp%2Fv2%2Fcomments&post=34389"}],"version-history":[{"count":0,"href":"https:\/\/www.invarena.cz\/index.php?rest_route=\/wp\/v2\/posts\/34389\/revisions"}],"wp:featuredmedia":[{"embeddable":true,"href":"https:\/\/www.invarena.cz\/index.php?rest_route=\/wp\/v2\/media\/17515"}],"wp:attachment":[{"href":"https:\/\/www.invarena.cz\/index.php?rest_route=%2Fwp%2Fv2%2Fmedia&parent=34389"}],"wp:term":[{"taxonomy":"category","embeddable":true,"href":"https:\/\/www.invarena.cz\/index.php?rest_route=%2Fwp%2Fv2%2Fcategories&post=34389"},{"taxonomy":"post_tag","embeddable":true,"href":"https:\/\/www.invarena.cz\/index.php?rest_route=%2Fwp%2Fv2%2Ftags&post=34389"}],"curies":[{"name":"wp","href":"https:\/\/api.w.org\/{rel}","templated":true}]}}