{"id":34392,"date":"2020-05-14T14:19:26","date_gmt":"2020-05-14T12:19:26","guid":{"rendered":"http:\/\/www.invarena.cz\/?p=34392"},"modified":"2020-05-14T14:19:27","modified_gmt":"2020-05-14T12:19:27","slug":"tatovi-na-voziku-postavil-syn-v-beskydech-posed-s-plosinou-i-posteli","status":"publish","type":"post","link":"https:\/\/www.invarena.cz\/?p=34392","title":{"rendered":"T\u00e1tovi na voz\u00edku postavil syn v Beskydech posed s plo\u0161inou i postel\u00ed"},"content":{"rendered":"\n<p>T\u011b\u017eko mohl dostat od syna hez\u010d\u00ed d\u00e1rek. \u010clenovi mysliveck\u00e9ho spolku Pavlu Taskovi postavil jeho potomek posed. Ne ledajak\u00fd \u2013 m\u00e1 postel, kamna a hlavn\u011b plo\u0161inu. D\u00edky n\u00ed m\u016f\u017ee milovn\u00edk p\u0159\u00edrody, kter\u00fd je ji\u017e dvacet let upoutan\u00fd na voz\u00edk, tr\u00e1vit na Velk\u00e9m So\u0161ov\u011b na N\u00fddecku cel\u00e9 dny. <br><br>Cel\u00fd \u010dl\u00e1nek naleznete na idnes.cz: <a href=\"https:\/\/www.idnes.cz\/ostrava\/zpravy\/posed-plosina-beskydy-rodina-nydek.A200512_141002_ostrava-zpravy_woj\" target=\"_blank\" rel=\"noreferrer noopener\" aria-label=\" (otev\u0159e se na nov\u00e9 z\u00e1lo\u017ece)\">https:\/\/www.idnes.cz\/ostrava\/zpravy\/posed-plosina-beskydy-rodina-nydek.A200512_141002_ostrava-zpravy_woj<\/a><\/p>\n","protected":false},"excerpt":{"rendered":"<div class=\"mh-excerpt\"><p>T\u011b\u017eko mohl dostat od syna hez\u010d\u00ed d\u00e1rek. \u010clenovi mysliveck\u00e9ho spolku Pavlu Taskovi postavil jeho potomek posed. Ne ledajak\u00fd \u2013 m\u00e1 postel, kamna a hlavn\u011b plo\u0161inu. <a class=\"mh-excerpt-more\" href=\"https:\/\/www.invarena.cz\/?p=34392\" title=\"T\u00e1tovi na voz\u00edku postavil syn v Beskydech posed s plo\u0161inou i postel\u00ed\">[&#8230;]<\/a><\/p>\n<\/div>","protected":false},"author":1,"featured_media":22016,"comment_status":"open","ping_status":"closed","sticky":false,"template":"","format":"standard","meta":{"footnotes":""},"categories":[9],"tags":[],"class_list":["post-34392","post","type-post","status-publish","format-standard","has-post-thumbnail","hentry","category-zpravy"],"_links":{"self":[{"href":"https:\/\/www.invarena.cz\/index.php?rest_route=\/wp\/v2\/posts\/34392","targetHints":{"allow":["GET"]}}],"collection":[{"href":"https:\/\/www.invarena.cz\/index.php?rest_route=\/wp\/v2\/posts"}],"about":[{"href":"https:\/\/www.invarena.cz\/index.php?rest_route=\/wp\/v2\/types\/post"}],"author":[{"embeddable":true,"href":"https:\/\/www.invarena.cz\/index.php?rest_route=\/wp\/v2\/users\/1"}],"replies":[{"embeddable":true,"href":"https:\/\/www.invarena.cz\/index.php?rest_route=%2Fwp%2Fv2%2Fcomments&post=34392"}],"version-history":[{"count":0,"href":"https:\/\/www.invarena.cz\/index.php?rest_route=\/wp\/v2\/posts\/34392\/revisions"}],"wp:featuredmedia":[{"embeddable":true,"href":"https:\/\/www.invarena.cz\/index.php?rest_route=\/wp\/v2\/media\/22016"}],"wp:attachment":[{"href":"https:\/\/www.invarena.cz\/index.php?rest_route=%2Fwp%2Fv2%2Fmedia&parent=34392"}],"wp:term":[{"taxonomy":"category","embeddable":true,"href":"https:\/\/www.invarena.cz\/index.php?rest_route=%2Fwp%2Fv2%2Fcategories&post=34392"},{"taxonomy":"post_tag","embeddable":true,"href":"https:\/\/www.invarena.cz\/index.php?rest_route=%2Fwp%2Fv2%2Ftags&post=34392"}],"curies":[{"name":"wp","href":"https:\/\/api.w.org\/{rel}","templated":true}]}}