{"id":34398,"date":"2020-05-14T14:28:59","date_gmt":"2020-05-14T12:28:59","guid":{"rendered":"http:\/\/www.invarena.cz\/?p=34398"},"modified":"2020-05-14T14:29:00","modified_gmt":"2020-05-14T12:29:00","slug":"vezni-vychovaji-dalsi-vodici-psy-pro-slepce","status":"publish","type":"post","link":"https:\/\/www.invarena.cz\/?p=34398","title":{"rendered":"V\u011bzni vychovaj\u00ed dal\u0161\u00ed vodic\u00ed psy pro slepce"},"content":{"rendered":"\n<p>Loni v l\u00e9t\u011b zapo\u010dat\u00fd projekt Tlapka v dlani m\u00e1 za sebou prvn\u00ed \u00fasp\u011b\u0161nou f\u00e1zi. Dv\u011b \u0161t\u011b\u0148ata, kter\u00fdch se ujala \u010dtve\u0159ice v\u011bz\u0148\u016f z Otev\u0159en\u00e9 v\u011bznice v Ji\u0159ic\u00edch, se nau\u010dila od sv\u00fdch do\u010dasn\u00fdch p\u00e1n\u00ed\u010dk\u016f z\u00e1kladn\u00ed povely. V ide\u00e1ln\u00edm p\u0159\u00edpad\u011b by byli oba psi p\u0159ipraveni na dal\u0161\u00ed speci\u00e1ln\u00ed v\u00fdcvik a pozd\u011bji k p\u0159ed\u00e1n\u00ed jako vodic\u00ed psi pro slepce.<\/p>\n\n\n\n<p>T\u00fdkat se to v\u0161ak bude pouze jednoho z nich \u2013 Gora. Druh\u00fd kv\u016fli drobn\u00fdm zdravotn\u00edm probl\u00e9m\u016fm z\u016fstane ve v\u011bznici a\u017e do propu\u0161t\u011bn\u00ed sv\u00e9ho st\u00e1vaj\u00edc\u00edho p\u00e1n\u00ed\u010dka a stanou se par\u0165\u00e1ky na st\u00e1lo. Z\u00e1rove\u0148 v\u010dera chovatel\u00e9 ze spolku Vodic\u00ed pes p\u0159edali k v\u00fdchov\u011b do v\u011bznice dal\u0161\u00ed dv\u011b \u0161t\u011b\u0148ata. <br> <br>U\u017d \u017d\u00c1DN\u00c9 POCHYBNOSTI <br> <br>Na zah\u00e1jen\u00ed druh\u00e9 vlny projektu p\u0159ijel tak\u00e9 gener\u00e1ln\u00ed \u0159editel V\u011bze\u0148sk\u00e9 slu\u017eby Petr Dohnal. &#8222;Loni jsme m\u011bli trochu pochybnosti, jak se nov\u00fd projekt osv\u011bd\u010d\u00ed a jak psy v\u011bze\u0148sk\u00e1 subkultura p\u0159ijme.<\/p>\n\n\n\n<p>V\u0161echno se poda\u0159ilo, spoluv\u011bzni p\u0159ijali psy s otev\u0159enou n\u00e1ru\u010d\u00ed a cel\u00fd projekt m\u00e1 i dal\u0161\u00ed nadstavbu. Vnesl do v\u011bzen\u00ed kus harmonie a dobra, co\u017e je v souladu s na\u0161\u00ed koncepc\u00ed humanizace a budov\u00e1n\u00ed v\u011bzen\u00ed 21. stolet\u00ed,&#8220; \u0159ekl Petr Dohnal. <\/p>\n\n\n\n<p>P\u0159ed\u00e1n pro dal\u0161\u00ed speci\u00e1ln\u00ed v\u00fdcvik byl po deseti m\u011bs\u00edc\u00edch b\u00edl\u00fd Goro. Podle Milana Dvo\u0159\u00e1ka ze spolku Vodic\u00ed pes u\u017e existuje z\u00e1jemce o pejska. &#8222;Te\u010f podstoup\u00ed dal\u0161\u00ed osmim\u011bs\u00ed\u010dn\u00ed speci\u00e1ln\u00ed v\u00fdcvik, aby mohl b\u00fdt u\u017eite\u010dn\u00fd nevidom\u00e9mu \u010dlov\u011bku. Pot\u00e9 bude p\u0159ed\u00e1n do rodiny, kde j\u00e1 je\u0161t\u011b budu n\u011bjak\u00fd \u010das pejska i p\u00e1n\u00ed\u010dka seznamovat,&#8220; vysv\u011btlil Dvo\u0159\u00e1k. Druh\u00fd b\u00edl\u00fd pes, kter\u00fd pro\u0161el z\u00e1kladn\u00edm v\u00fdcvikem ve v\u011bznici, je Shadow a u\u017e neabsolvuje dal\u0161\u00ed speci\u00e1ln\u00ed v\u00fdcvik.<\/p>\n\n\n\n<p>Na p\u0159\u00e1n\u00ed jeho st\u00e1vaj\u00edc\u00edho p\u00e1n\u00ed\u010dka Jaroslava Hluch\u00e9ho z\u016fstane s n\u00edm ve v\u011bzen\u00ed i n\u00e1sledn\u011b po propu\u0161t\u011bn\u00ed, co\u017e je v\u011bc, kter\u00e1 je v na\u0161em v\u011bze\u0148sk\u00e9m syst\u00e9mu unik\u00e1tem.<\/p>\n\n\n\n<p>P\u011bt tis\u00edc korun za odkup psa za odsouzen\u00e9ho zaplatila V\u011bze\u0148sk\u00e1 duchovn\u00ed p\u00e9\u010de.<\/p>\n\n\n\n<p>&#8222;Jsem moc r\u00e1d, \u017ee z\u016fstane se mnou. Oba u\u017e se t\u011b\u0161\u00edme, a\u017e skon\u010d\u00ed tahle karant\u00e9na a budeme moci j\u00edt na proch\u00e1zku,&#8220; \u0159ekl Jaroslav Hluch\u00fd. Ten u\u017e m\u00e1 po\u017e\u00e1d\u00e1no o podm\u00edne\u010dn\u00e9 propu\u0161t\u011bn\u00ed. Pokud to nedopadne, m\u016f\u017ee spolu se Shadowem str\u00e1vit v Ji\u0159ic\u00edch je\u0161t\u011b dal\u0161\u00edch p\u011bt let.<\/p>\n\n\n\n<p>O Jaroslavu Hluch\u00e9m jsme ji\u017e d\u0159\u00edve psali. V Mir\u00e1kulu, kam jako v\u011bze\u0148 doj\u00ed\u017ed\u00ed pracovat, m\u011bl jeho civiln\u00ed spolupracovn\u00edk srde\u010dn\u00ed kolaps. Pohotov\u00e1 reakce odsouzen\u00e9ho tehdy pravd\u011bpodobn\u011b zachr\u00e1nila civiln\u00edmu zam\u011bstnanci \u017eivot.<\/p>\n\n\n\n<p>MIROSLAV S. JILEMNICK\u00dd<\/p>\n\n\n\n<p>\u010ceskobud\u011bjovick\u00fd den\u00edk<\/p>\n\n\n\n<p><a rel=\"noreferrer noopener\" aria-label=\" (otev\u0159e se na nov\u00e9 z\u00e1lo\u017ece)\" href=\"http:\/\/ceskobudejovicky.denik.cz\/\" target=\"_blank\">http:\/\/ceskobudejovicky.denik.cz\/<\/a><\/p>\n","protected":false},"excerpt":{"rendered":"<div class=\"mh-excerpt\"><p>Loni v l\u00e9t\u011b zapo\u010dat\u00fd projekt Tlapka v dlani m\u00e1 za sebou prvn\u00ed \u00fasp\u011b\u0161nou f\u00e1zi. Dv\u011b \u0161t\u011b\u0148ata, kter\u00fdch se ujala \u010dtve\u0159ice v\u011bz\u0148\u016f z Otev\u0159en\u00e9 v\u011bznice v <a class=\"mh-excerpt-more\" href=\"https:\/\/www.invarena.cz\/?p=34398\" title=\"V\u011bzni vychovaj\u00ed dal\u0161\u00ed vodic\u00ed psy pro slepce\">[&#8230;]<\/a><\/p>\n<\/div>","protected":false},"author":1,"featured_media":17530,"comment_status":"open","ping_status":"closed","sticky":false,"template":"","format":"standard","meta":{"footnotes":""},"categories":[9],"tags":[],"class_list":["post-34398","post","type-post","status-publish","format-standard","has-post-thumbnail","hentry","category-zpravy"],"_links":{"self":[{"href":"https:\/\/www.invarena.cz\/index.php?rest_route=\/wp\/v2\/posts\/34398","targetHints":{"allow":["GET"]}}],"collection":[{"href":"https:\/\/www.invarena.cz\/index.php?rest_route=\/wp\/v2\/posts"}],"about":[{"href":"https:\/\/www.invarena.cz\/index.php?rest_route=\/wp\/v2\/types\/post"}],"author":[{"embeddable":true,"href":"https:\/\/www.invarena.cz\/index.php?rest_route=\/wp\/v2\/users\/1"}],"replies":[{"embeddable":true,"href":"https:\/\/www.invarena.cz\/index.php?rest_route=%2Fwp%2Fv2%2Fcomments&post=34398"}],"version-history":[{"count":0,"href":"https:\/\/www.invarena.cz\/index.php?rest_route=\/wp\/v2\/posts\/34398\/revisions"}],"wp:featuredmedia":[{"embeddable":true,"href":"https:\/\/www.invarena.cz\/index.php?rest_route=\/wp\/v2\/media\/17530"}],"wp:attachment":[{"href":"https:\/\/www.invarena.cz\/index.php?rest_route=%2Fwp%2Fv2%2Fmedia&parent=34398"}],"wp:term":[{"taxonomy":"category","embeddable":true,"href":"https:\/\/www.invarena.cz\/index.php?rest_route=%2Fwp%2Fv2%2Fcategories&post=34398"},{"taxonomy":"post_tag","embeddable":true,"href":"https:\/\/www.invarena.cz\/index.php?rest_route=%2Fwp%2Fv2%2Ftags&post=34398"}],"curies":[{"name":"wp","href":"https:\/\/api.w.org\/{rel}","templated":true}]}}