{"id":34421,"date":"2023-04-16T09:34:01","date_gmt":"2023-04-16T07:34:01","guid":{"rendered":"http:\/\/www.invarena.cz\/?p=34421"},"modified":"2023-04-16T12:07:14","modified_gmt":"2023-04-16T10:07:14","slug":"zivotni-boj-vozickare","status":"publish","type":"post","link":"https:\/\/www.invarena.cz\/?p=34421","title":{"rendered":"\u017divotn\u00ed boj voz\u00ed\u010dk\u00e1\u0159e"},"content":{"rendered":"\n<p>Pro n\u011bkter\u00e9 lidi je p\u0159edstava, \u017ee skon\u010d\u00ed na invalidn\u00edm voz\u00edku, nep\u0159edstaviteln\u00e1. A znamenala by, \u017ee jim skon\u010dil \u017eivot, aspo\u0148 tak to maj\u00ed v hlav\u011b. To se d\u00e1 \u0159\u00edci o osmat\u0159icetilet\u00e9m Jarom\u00edrovi z Ostravy. M\u011bl t\u011b\u017ek\u00fd \u00faraz a po tom \u00farazu, kter\u00fd se stal p\u0159ed 18 lety, se mu obr\u00e1til \u017eivot naruby a on z\u016fstal odk\u00e1zan\u00fd na pomoc druh\u00fdch. P\u0159esto \u017eije d\u00e1l naplno a samoz\u0159ejm\u011b to nebylo hned. I on p\u0159izn\u00e1v\u00e1, \u017ee v prvn\u00edch p\u011bti letech ho prov\u00e1zely chmurn\u00e9 my\u0161lenky o budoucnosti, o jeho pr\u00e1ce a vlastn\u011b existence, ale dr\u017eel se, proto\u017ee necht\u011bl  zra\u0148ovat svoji maminku. Pak si ale po\u0159\u00eddil psa, ps\u00edho par\u0165\u00e1ka Rustyho a p\u0159i jeho v\u00fdchov\u011b se potkal s Johankou a spolu s n\u00ed se za\u010dal v\u011bnovat v\u00fdcviku, ps\u00edm sport\u016fm a canisterapii a za\u010dali po\u0159\u00e1dat akce pro handicapovan\u00e9 a zejm\u00e9na d\u011bti a pom\u00e1hat v denn\u00edch stacion\u00e1\u0159\u00edch pro seniory, v nemocnic\u00edch, a pan\u00ed  Johanku si po n\u011bjak\u00e9 dob\u011b vzal a spole\u010dn\u011b zalo\u017eili nadaci s n\u00e1zvem V  jedn\u00e9 vte\u0159in\u011b, proto\u017ee to byla pr\u00e1v\u011b nejen u pana Jarom\u00edra, ale i u spousty dal\u0161\u00edch posti\u017een\u00fdch lid\u00ed po  t\u011b\u017ek\u00e9m \u00faraze ta 1 vte\u0159ina, kter\u00e1 jim p\u0159evr\u00e1tila \u017eivot naruby. V jedn\u00e9 vte\u0159in\u011b se toti\u017e Jarom\u00edr spustil ze sjezdovky na pneumatice od traktoru, jen tak z legrace, takov\u00e1 ta klasick\u00e1 z\u00e1bava, a narazil do stromu a tahle ta 1 vte\u0159ina mu nav\u017edy zm\u011bnila \u017eivot. On te\u010f d\u00edky n\u00ed m\u011bn\u00ed \u017eivot n\u011bkolika des\u00edtk\u00e1m lid\u00ed k lep\u0161\u00edmu a za to mu samoz\u0159ejm\u011b pat\u0159\u00ed velk\u00fd d\u00edk i  jeho \u017een\u011b. <\/p>\n\n\n\n<p>Report\u00e1\u017e Jarom\u00edra Soukupa   <br><\/p>\n","protected":false},"excerpt":{"rendered":"<div class=\"mh-excerpt\"><p>Pro n\u011bkter\u00e9 lidi je p\u0159edstava, \u017ee skon\u010d\u00ed na invalidn\u00edm voz\u00edku, nep\u0159edstaviteln\u00e1. A znamenala by, \u017ee jim skon\u010dil \u017eivot, aspo\u0148 tak to maj\u00ed v hlav\u011b. To <a class=\"mh-excerpt-more\" href=\"https:\/\/www.invarena.cz\/?p=34421\" title=\"\u017divotn\u00ed boj voz\u00ed\u010dk\u00e1\u0159e\">[&#8230;]<\/a><\/p>\n<\/div>","protected":false},"author":1,"featured_media":14263,"comment_status":"open","ping_status":"closed","sticky":false,"template":"","format":"standard","meta":{"footnotes":""},"categories":[4],"tags":[],"class_list":["post-34421","post","type-post","status-publish","format-standard","has-post-thumbnail","hentry","category-nazory"],"_links":{"self":[{"href":"https:\/\/www.invarena.cz\/index.php?rest_route=\/wp\/v2\/posts\/34421","targetHints":{"allow":["GET"]}}],"collection":[{"href":"https:\/\/www.invarena.cz\/index.php?rest_route=\/wp\/v2\/posts"}],"about":[{"href":"https:\/\/www.invarena.cz\/index.php?rest_route=\/wp\/v2\/types\/post"}],"author":[{"embeddable":true,"href":"https:\/\/www.invarena.cz\/index.php?rest_route=\/wp\/v2\/users\/1"}],"replies":[{"embeddable":true,"href":"https:\/\/www.invarena.cz\/index.php?rest_route=%2Fwp%2Fv2%2Fcomments&post=34421"}],"version-history":[{"count":0,"href":"https:\/\/www.invarena.cz\/index.php?rest_route=\/wp\/v2\/posts\/34421\/revisions"}],"wp:featuredmedia":[{"embeddable":true,"href":"https:\/\/www.invarena.cz\/index.php?rest_route=\/wp\/v2\/media\/14263"}],"wp:attachment":[{"href":"https:\/\/www.invarena.cz\/index.php?rest_route=%2Fwp%2Fv2%2Fmedia&parent=34421"}],"wp:term":[{"taxonomy":"category","embeddable":true,"href":"https:\/\/www.invarena.cz\/index.php?rest_route=%2Fwp%2Fv2%2Fcategories&post=34421"},{"taxonomy":"post_tag","embeddable":true,"href":"https:\/\/www.invarena.cz\/index.php?rest_route=%2Fwp%2Fv2%2Ftags&post=34421"}],"curies":[{"name":"wp","href":"https:\/\/api.w.org\/{rel}","templated":true}]}}