{"id":34451,"date":"2020-05-21T18:03:09","date_gmt":"2020-05-21T16:03:09","guid":{"rendered":"http:\/\/www.invarena.cz\/?p=34451"},"modified":"2020-05-21T18:03:10","modified_gmt":"2020-05-21T16:03:10","slug":"sdruzeni-neratov-veri-ze-prezije","status":"publish","type":"post","link":"https:\/\/www.invarena.cz\/?p=34451","title":{"rendered":"Sdru\u017een\u00ed Neratov v\u011b\u0159\u00ed, \u017ee p\u0159e\u017eije"},"content":{"rendered":"\n<p>Neratov \u2013 Je to u\u017e 75 let, co osadu Neratov v Orlick\u00fdch hor\u00e1ch postihla pohroma.<\/p>\n\n\n\n<p>Po\u017e\u00e1ru v kv\u011btnu 1945 padla za ob\u011b\u0165 st\u0159echa, d\u0159ev\u011bn\u00e1 schodi\u0161t\u011b obou v\u011b\u017e\u00ed i zvony. Znovu vzk\u0159\u00edsit kostel a vr\u00e1tit \u017eivot do vys\u00eddlen\u00e9 pohrani\u010dn\u00ed osady se poda\u0159ilo a\u017e ob\u010dansk\u00e9mu sdru\u017een\u00ed Neratov. D\u00edky n\u011bmu na\u0161li v Neratov\u011b domov i pr\u00e1ci lid\u00e9 s posti\u017een\u00edm. Dal\u0161\u00ed r\u00e1nu Neratovu zas\u00e1hla vl\u00e1dn\u00ed opat\u0159en\u00ed proti \u0161\u00ed\u0159en\u00ed koronaviru.<\/p>\n\n\n\n<p>&#8222;I pro n\u00e1s zdrav\u00e9 je situace t\u011b\u017ek\u00e1 a pro lidi s ment\u00e1ln\u00edm posti\u017een\u00edm, kte\u0159\u00ed maj\u00ed n\u011bjak\u00fd hendikep, je to t\u011b\u017ek\u00e9 dvojn\u00e1sob.<\/p>\n\n\n\n<p>T\u0159eba i to, \u017ee nemohli nikam vych\u00e1zet, nikam jezdit. Mysl\u00edm si ale, \u017ee person\u00e1l chr\u00e1n\u011bn\u00e9ho bydlen\u00ed se s t\u00edm popasoval dob\u0159e,&#8220; hodnot\u00ed p\u0159edsedkyn\u011b sdru\u017een\u00ed Jana N\u011bmcov\u00e1. <\/p>\n\n\n\n<p>M\u011bs\u00edce spojen\u00e9 s \u0159adou omezen\u00ed pr\u00fd pom\u00e1halo p\u0159e\u010dkat zdej\u0161\u00ed prost\u0159ed\u00ed. &#8222;Zapla\u0165 p\u00e1nb\u016fh, \u017ee \u017eijeme v takov\u00e9 kr\u00e1sn\u00e9 p\u0159\u00edrod\u011b,&#8220; \u0159\u00edk\u00e1 rodil\u00e1 Pra\u017ea\u010dka. <br> <br>SDRU\u017dEN\u00cd P\u0158I\u0160LO O D\u016eLE\u017dIT\u00c9 P\u0158\u00cdJMY <br> <br>Stav nouze v\u0161ak p\u0159inesl i jin\u00e9 starosti. &#8222;Museli jsme zav\u0159\u00edt hospodu a ubytov\u00e1n\u00ed, z \u010deho\u017e jsou docela velk\u00e9 a pro n\u00e1s d\u016fle\u017eit\u00e9 p\u0159\u00edjmy,&#8220; vysv\u011btluje Jana N\u011bmcov\u00e1. <br><br>Koronakrizi odnesli i zam\u011bstnanci sdru\u017een\u00ed. &#8222;N\u011bkter\u00e9 zam\u011bstnance jsme poslali dom\u016f se 60 procenty mzdy, pracovn\u00ed n\u00e1pl\u0148 se n\u00e1m sn\u00ed\u017eila jen na n\u011bjak\u00e9 mont\u00e1\u017en\u00ed pr\u00e1ce,&#8220; \u0159\u00edk\u00e1 p\u0159edsedkyn\u011b. <br> <br>R\u00c1NU SNAD POMOHOU ZACELIT V\u00ddLETN\u00cdCI <br> <br>Jak ale podot\u00fdk\u00e1, sdru\u017een\u00ed jen pasivn\u011b ne\u010dekalo, co bude d\u00e1l: &#8222;V na\u0161\u00ed chr\u00e1n\u011bn\u00e9 d\u00edln\u011b jsme \u0161ili rou\u0161ky a dodnes \u0161ijeme ochrann\u00e9 obleky, co\u017e n\u00e1m na druh\u00e9 stran\u011b ztr\u00e1ty tak tro\u0161ku vykompenzovalo. V sou\u010dasn\u00e9 dob\u011b u\u017e m\u00e1me otev\u0159en\u00e9 zahradnictv\u00ed, zahr\u00e1dku u hospody, na ubytov\u00e1n\u00ed u\u017e m\u00e1me v\u0161echno zarezervovan\u00e9, tak jen \u010dek\u00e1me, a\u017e budeme moci otev\u0159\u00edt. Tak n\u011bjak v\u011b\u0159\u00edme, \u017ee p\u0159e\u017eijeme.&#8220;<\/p>\n\n\n\n<p>R\u00e1nu snad pomohou zacelit v\u00fdletn\u00edci, kter\u00fdch do Neratova p\u0159ij\u00ed\u017ed\u00ed st\u00e1le dost. L\u00e1k\u00e1 je sem zejm\u00e9na neopakovateln\u00e1 atmosf\u00e9ra zrekonstruovan\u00e9ho kostela s prosklenou st\u0159echou. U\u017e se v n\u011bm op\u011bt konaj\u00ed m\u0161e.<\/p>\n\n\n\n<p>Opat\u0159en\u00ed p\u0159inesla i ru\u0161en\u00ed kulturn\u00edch akc\u00ed, v\u00fdt\u011b\u017eek z nich Neratovu tak\u00e9 pom\u00e1h\u00e1. Nad t\u011bmi pl\u00e1novan\u00fdmi na l\u00e9to st\u00e1le vis\u00ed otazn\u00edk. T\u00fdk\u00e1 se to nap\u0159\u00edklad Menteatr\u00e1lu, festivalu divadel pracuj\u00edc\u00edch s ment\u00e1ln\u011b posti\u017een\u00fdmi, nebo Neratovsk\u00e9 pouti. <br> <br>ZTR\u00c1TY S\u010c\u00cdT\u00c1 I PFERDA <br> <br>Finan\u010dn\u00ed pot\u00ed\u017ee spojen\u00e9 se stavem nouze te\u010f \u0159e\u0161\u00ed rovn\u011b\u017e rychnovsk\u00e1 neziskov\u00e1 organizace Pferda, kter\u00e1 poskytuje slu\u017eby dosp\u011bl\u00fdm lidem s ment\u00e1ln\u00edm a du\u0161evn\u00edm onemocn\u011bn\u00edm.<\/p>\n\n\n\n<p>&#8222;T\u0159i st\u0159ediska jsou z na\u0159\u00edzen\u00ed vl\u00e1dy st\u00e1le \u00fapln\u011b zav\u0159en\u00e1 \u2013 ob\u011b Tr\u00e9ninkov\u00e9 kav\u00e1rny L\u00e1ry F\u00e1ry a Tr\u00e9ninkov\u00e1 pek\u00e1rna, ostatn\u00ed funguj\u00ed v\u011bt\u0161inou jen na p\u016fl plynu,&#8220; \u0159\u00edk\u00e1 z\u00e1stupkyn\u011b \u0159editelky Iva La\u0161tovicov\u00e1.<\/p>\n\n\n\n<p>Ani v dob\u011b nejv\u011bt\u0161\u00edch karant\u00e9nn\u00edch opat\u0159en\u00ed p\u0159itom nep\u0159estali zam\u011bstnanci Pferdy poskytovat podporu klient\u016fm, kte\u0159\u00ed bydl\u00ed sami doma a pot\u0159ebuj\u00ed asistenci.<\/p>\n\n\n\n<p>I kdy\u017e se situace posledn\u00ed t\u00fddny lehce normalizuje, s\u010d\u00edtaj\u00ed ztr\u00e1ty a hledaj\u00ed podporu na \u010dinnost. S nad\u011bj\u00ed nyn\u00ed vyhl\u00ed\u017eej\u00ed, a\u017e \u017ee se v pond\u011bl\u00ed otev\u0159ou v\u0161echna st\u0159ediska a do obou kav\u00e1ren se vr\u00e1t\u00ed z\u00e1kazn\u00edci. &#8222;Budeme r\u00e1di za jakoukoliv formu podpory,&#8220; dod\u00e1v\u00e1 Iva La\u0161tovicov\u00e1.<\/p>\n\n\n\n<p>JANA KOTALOV\u00c1<\/p>\n\n\n\n<p>Ji\u010d\u00ednsk\u00fd den\u00edk<\/p>\n\n\n\n<p><a rel=\"noreferrer noopener\" aria-label=\" (otev\u0159e se na nov\u00e9 z\u00e1lo\u017ece)\" href=\"http:\/\/jicinsky.denik.cz\/\" target=\"_blank\">http:\/\/jicinsky.denik.cz\/<\/a><\/p>\n","protected":false},"excerpt":{"rendered":"<div class=\"mh-excerpt\"><p>Neratov \u2013 Je to u\u017e 75 let, co osadu Neratov v Orlick\u00fdch hor\u00e1ch postihla pohroma. Po\u017e\u00e1ru v kv\u011btnu 1945 padla za ob\u011b\u0165 st\u0159echa, d\u0159ev\u011bn\u00e1 schodi\u0161t\u011b <a class=\"mh-excerpt-more\" href=\"https:\/\/www.invarena.cz\/?p=34451\" title=\"Sdru\u017een\u00ed Neratov v\u011b\u0159\u00ed, \u017ee p\u0159e\u017eije\">[&#8230;]<\/a><\/p>\n<\/div>","protected":false},"author":1,"featured_media":21140,"comment_status":"open","ping_status":"closed","sticky":false,"template":"","format":"standard","meta":{"footnotes":""},"categories":[9],"tags":[],"class_list":["post-34451","post","type-post","status-publish","format-standard","has-post-thumbnail","hentry","category-zpravy"],"_links":{"self":[{"href":"https:\/\/www.invarena.cz\/index.php?rest_route=\/wp\/v2\/posts\/34451","targetHints":{"allow":["GET"]}}],"collection":[{"href":"https:\/\/www.invarena.cz\/index.php?rest_route=\/wp\/v2\/posts"}],"about":[{"href":"https:\/\/www.invarena.cz\/index.php?rest_route=\/wp\/v2\/types\/post"}],"author":[{"embeddable":true,"href":"https:\/\/www.invarena.cz\/index.php?rest_route=\/wp\/v2\/users\/1"}],"replies":[{"embeddable":true,"href":"https:\/\/www.invarena.cz\/index.php?rest_route=%2Fwp%2Fv2%2Fcomments&post=34451"}],"version-history":[{"count":0,"href":"https:\/\/www.invarena.cz\/index.php?rest_route=\/wp\/v2\/posts\/34451\/revisions"}],"wp:featuredmedia":[{"embeddable":true,"href":"https:\/\/www.invarena.cz\/index.php?rest_route=\/wp\/v2\/media\/21140"}],"wp:attachment":[{"href":"https:\/\/www.invarena.cz\/index.php?rest_route=%2Fwp%2Fv2%2Fmedia&parent=34451"}],"wp:term":[{"taxonomy":"category","embeddable":true,"href":"https:\/\/www.invarena.cz\/index.php?rest_route=%2Fwp%2Fv2%2Fcategories&post=34451"},{"taxonomy":"post_tag","embeddable":true,"href":"https:\/\/www.invarena.cz\/index.php?rest_route=%2Fwp%2Fv2%2Ftags&post=34451"}],"curies":[{"name":"wp","href":"https:\/\/api.w.org\/{rel}","templated":true}]}}