{"id":34496,"date":"2020-05-26T12:00:28","date_gmt":"2020-05-26T10:00:28","guid":{"rendered":"http:\/\/www.invarena.cz\/?p=34496"},"modified":"2020-05-26T12:00:29","modified_gmt":"2020-05-26T10:00:29","slug":"jamaron-zahraje-pro-filu-ktery-potrebuje-sportovni-protezy","status":"publish","type":"post","link":"https:\/\/www.invarena.cz\/?p=34496","title":{"rendered":"Jamaron zahraje pro F\u00edlu, kter\u00fd pot\u0159ebuje sportovn\u00ed prot\u00e9zy"},"content":{"rendered":"\n<p>30. kv\u011btna v 19 a\u017e 22 hodin, Pec pod Sn\u011b\u017ekou <br> <br>Leto\u0161n\u00ed ro\u010dn\u00edk charitativn\u00edho v\u00fdstupu &#8222;Na Sn\u011b\u017eku pro F\u00edlu&#8220;, se vzhledem k mno\u017estv\u00ed \u00fa\u010dastn\u00edk\u016f uskute\u010dn\u00ed pouze individu\u00e1ln\u011b a zru\u0161en\u00fd je i doprovodn\u00fd program, ale v aktu\u00e1ln\u00ed situaci vznikla superrychl\u00e1 spolupr\u00e1ce kapely Jamaron, nada\u010dn\u00edho fondu KlaPeto a KlonDike music clubu v Peci pod Sn\u011b\u017ekou, kte\u0159\u00ed p\u0159ipravili koncert na podporu Filipa Vesel\u00e9ho z Litv\u00ednova. Tomu l\u00e9ka\u0159i museli amputovat ob\u011b nohy pod kolenem. Pen\u00edze F\u00edla pot\u0159ebuje na sportovn\u00ed prot\u00e9zy, kter\u00e9 nehrad\u00ed poji\u0161\u0165ovny.<\/p>\n\n\n\n<p>Kapela Jamaron zahraje od 20:00, dve\u0159e klubu se otev\u0159ou o hodinu d\u0159\u00edve a kapacita bude omezena dle vl\u00e1dn\u00edch na\u0159\u00edzen\u00ed na 300 osob.<\/p>\n\n\n\n<p>Vstupn\u00e9 je dobrovoln\u00e9 a v\u00fdt\u011b\u017eek p\u016fjde na transparentn\u00ed \u00fa\u010det nada\u010dn\u00edho fondu KlaPeto.<\/p>\n\n\n\n<p>&#8222;P\u0159ij\u010f podpo\u0159it kr\u00e1snou akci na pomoc hendikepovan\u00fdm d\u011btem a poslechnout si suprovou kapelu,&#8220; zvou po\u0159adatel\u00e9. Parkov\u00e1n\u00ed je mo\u017en\u00e9 na centr\u00e1ln\u00edm parkovi\u0161ti U Kapli\u010dky.<\/p>\n\n\n\n<p>Krkono\u0161sk\u00fd den\u00edk<\/p>\n\n\n\n<p><a rel=\"noreferrer noopener\" aria-label=\" (otev\u0159e se na nov\u00e9 z\u00e1lo\u017ece)\" href=\"http:\/\/krkonossky.denik.cz\/\" target=\"_blank\">http:\/\/krkonossky.denik.cz\/<\/a><\/p>\n","protected":false},"excerpt":{"rendered":"<div class=\"mh-excerpt\"><p>30. kv\u011btna v 19 a\u017e 22 hodin, Pec pod Sn\u011b\u017ekou Leto\u0161n\u00ed ro\u010dn\u00edk charitativn\u00edho v\u00fdstupu &#8222;Na Sn\u011b\u017eku pro F\u00edlu&#8220;, se vzhledem k mno\u017estv\u00ed \u00fa\u010dastn\u00edk\u016f uskute\u010dn\u00ed pouze <a class=\"mh-excerpt-more\" href=\"https:\/\/www.invarena.cz\/?p=34496\" title=\"Jamaron zahraje pro F\u00edlu, kter\u00fd pot\u0159ebuje sportovn\u00ed prot\u00e9zy\">[&#8230;]<\/a><\/p>\n<\/div>","protected":false},"author":1,"featured_media":17096,"comment_status":"open","ping_status":"closed","sticky":false,"template":"","format":"standard","meta":{"footnotes":""},"categories":[9],"tags":[],"class_list":["post-34496","post","type-post","status-publish","format-standard","has-post-thumbnail","hentry","category-zpravy"],"_links":{"self":[{"href":"https:\/\/www.invarena.cz\/index.php?rest_route=\/wp\/v2\/posts\/34496","targetHints":{"allow":["GET"]}}],"collection":[{"href":"https:\/\/www.invarena.cz\/index.php?rest_route=\/wp\/v2\/posts"}],"about":[{"href":"https:\/\/www.invarena.cz\/index.php?rest_route=\/wp\/v2\/types\/post"}],"author":[{"embeddable":true,"href":"https:\/\/www.invarena.cz\/index.php?rest_route=\/wp\/v2\/users\/1"}],"replies":[{"embeddable":true,"href":"https:\/\/www.invarena.cz\/index.php?rest_route=%2Fwp%2Fv2%2Fcomments&post=34496"}],"version-history":[{"count":0,"href":"https:\/\/www.invarena.cz\/index.php?rest_route=\/wp\/v2\/posts\/34496\/revisions"}],"wp:featuredmedia":[{"embeddable":true,"href":"https:\/\/www.invarena.cz\/index.php?rest_route=\/wp\/v2\/media\/17096"}],"wp:attachment":[{"href":"https:\/\/www.invarena.cz\/index.php?rest_route=%2Fwp%2Fv2%2Fmedia&parent=34496"}],"wp:term":[{"taxonomy":"category","embeddable":true,"href":"https:\/\/www.invarena.cz\/index.php?rest_route=%2Fwp%2Fv2%2Fcategories&post=34496"},{"taxonomy":"post_tag","embeddable":true,"href":"https:\/\/www.invarena.cz\/index.php?rest_route=%2Fwp%2Fv2%2Ftags&post=34496"}],"curies":[{"name":"wp","href":"https:\/\/api.w.org\/{rel}","templated":true}]}}