{"id":34514,"date":"2020-07-01T14:55:25","date_gmt":"2020-07-01T12:55:25","guid":{"rendered":"http:\/\/www.invarena.cz\/?p=34514"},"modified":"2020-07-01T14:56:11","modified_gmt":"2020-07-01T12:56:11","slug":"videt-srdcem-litomericka-zus-umi-pomohla-ladikovi-a-rozalce","status":"publish","type":"post","link":"https:\/\/www.invarena.cz\/?p=34514","title":{"rendered":"Vid\u011bt srdcem litom\u011b\u0159ick\u00e1 ZU\u0160 um\u00ed. Pomohla L\u00e1d\u00edkovi a Roz\u00e1lce"},"content":{"rendered":"\n<p><em>ilustra\u010dn\u00ed foto<\/em><\/p>\n\n\n\n<p>Prvn\u00ed ve\u0159ejn\u00e9 po nouzov\u00e9m stavu a z\u00e1rove\u0148 posledn\u00ed v tomto \u0161koln\u00edm roce \u2013 takov\u00e9 bylo minulou st\u0159edu vystoupen\u00ed \u017e\u00e1k\u016f litom\u011b\u0159ick\u00e9 ZU\u0160. Hudba v jejich pod\u00e1n\u00ed v\u0161ak z\u00e1rove\u0148 pom\u00e1hala. <br><br>ZU\u0160 se toti\u017e rozhodla p\u0159ipojit k benefi\u010dn\u00edmu projektu Nada\u010dn\u00edho fondu BigMat CZ Vid\u011bt srdcem. Akce v zahradn\u00edm are\u00e1lu \u0161koly m\u011bla konkr\u00e9tn\u00ed v\u00fdsledek. Lid\u00e9 p\u0159isp\u011bli do sb\u00edrky celkem 11 tis\u00edci korun a voz\u00ed\u010dk\u00e1\u0159 Ladislav Kohl, mimochodem \u017e\u00e1k ZU\u0160, si ze zahrady odvezl p\u0159ekvapen\u00ed &#8211; nov\u00fd voz\u00edk benecykl.<\/p>\n\n\n\n<p>&#8222;Moc si spolupr\u00e1ce se ZU\u0160 v\u00e1\u017e\u00edme a d\u011bkujeme i lidem, kte\u0159\u00ed jakkoli p\u0159isp\u011bli. K podpo\u0159e L\u00e1di a tak\u00e9 Roz\u00e1lie \u0160t\u011bp\u00e1nkov\u00e9 po\u0159\u00e1d\u00e1me r\u016fzn\u00e9 akce v pr\u016fb\u011bhu cel\u00e9ho roku,&#8220; uvedli za nadaci Lucie Baudlerov\u00e1 se sv\u00fdm man\u017eelem Vratislavem.<\/p>\n\n\n\n<p>\u0160kola cht\u011bla na podporu fondu uspo\u0159\u00e1dat u\u017e d\u0159\u00edv benefi\u010dn\u00ed koncert u\u010ditel\u016f, vzhledem k nouzov\u00e9mu stavu k tomu ale nedo\u0161lo. &#8222;A\u017e te\u010f, kdy\u017e se podm\u00ednky p\u0159ece jen uvolnily, p\u0159ipravili jsme aspo\u0148 tohle mal\u00e9 setk\u00e1n\u00ed. S n\u00e1padem p\u0159i\u0161el n\u00e1\u0161 u\u010ditel z odd\u011blen\u00ed bic\u00edch n\u00e1stroj\u016f Pavel \u0160imbersk\u00fd, kdy\u017e se asi p\u0159ed m\u011bs\u00edcem z\u00fa\u010dastnil pochodu na Mile\u0161ovku. Tam vlastn\u011b projekt Vid\u011bt srdcem odstartoval,&#8220; \u0159\u00edk\u00e1 \u0159editelka ZU\u0160 Dominika Vale\u0161kov\u00e1.<\/p>\n\n\n\n<p>Nevidom\u00fd voz\u00ed\u010dk\u00e1\u0159, kter\u00fd se u Pavla u\u010d\u00ed, se tehdy na vrchol nejvy\u0161\u0161\u00ed hory \u010cesk\u00e9ho st\u0159edoho\u0159\u00ed dostal za pomoci \u00fa\u010dastn\u00edk\u016f, mj. i sv\u00e9ho u\u010ditele.<\/p>\n\n\n\n<p>Na zahradn\u00edm setk\u00e1n\u00ed zahr\u00e1li mj. \u017e\u00e1ci z odd\u011blen\u00ed bic\u00edch n\u00e1stroj\u016f a spolu s nimi i jejich pedagogov\u00e9 a tak\u00e9 mlad\u00ed kytarist\u00e9 ze t\u0159\u00eddy Jana Vesel\u00e9ho. V\u00fdt\u011b\u017ekem z prodeje ob\u010derstven\u00ed v\u00fdznamn\u011b podpo\u0159ilo benefici p\u0159\u00edmo na m\u00edst\u011b &#8222;F\u00e9r Kafe&#8220; Petry a Jana Dost\u00e1lov\u00fdch.<\/p>\n\n\n\n<p>Miroslav Zimmer<\/p>\n\n\n\n<p>Litom\u011b\u0159ick\u00fd den\u00edk<\/p>\n\n\n\n<p><a rel=\"noreferrer noopener\" aria-label=\" (otev\u0159e se na nov\u00e9 z\u00e1lo\u017ece)\" href=\"https:\/\/litomericky.denik.cz\/\" target=\"_blank\">https:\/\/litomericky.denik.cz\/<\/a><\/p>\n","protected":false},"excerpt":{"rendered":"<div class=\"mh-excerpt\"><p>ilustra\u010dn\u00ed foto Prvn\u00ed ve\u0159ejn\u00e9 po nouzov\u00e9m stavu a z\u00e1rove\u0148 posledn\u00ed v tomto \u0161koln\u00edm roce \u2013 takov\u00e9 bylo minulou st\u0159edu vystoupen\u00ed \u017e\u00e1k\u016f litom\u011b\u0159ick\u00e9 ZU\u0160. Hudba v <a class=\"mh-excerpt-more\" href=\"https:\/\/www.invarena.cz\/?p=34514\" title=\"Vid\u011bt srdcem litom\u011b\u0159ick\u00e1 ZU\u0160 um\u00ed. Pomohla L\u00e1d\u00edkovi a Roz\u00e1lce\">[&#8230;]<\/a><\/p>\n<\/div>","protected":false},"author":1,"featured_media":10607,"comment_status":"open","ping_status":"closed","sticky":false,"template":"","format":"standard","meta":{"footnotes":""},"categories":[9],"tags":[],"class_list":["post-34514","post","type-post","status-publish","format-standard","has-post-thumbnail","hentry","category-zpravy"],"_links":{"self":[{"href":"https:\/\/www.invarena.cz\/index.php?rest_route=\/wp\/v2\/posts\/34514","targetHints":{"allow":["GET"]}}],"collection":[{"href":"https:\/\/www.invarena.cz\/index.php?rest_route=\/wp\/v2\/posts"}],"about":[{"href":"https:\/\/www.invarena.cz\/index.php?rest_route=\/wp\/v2\/types\/post"}],"author":[{"embeddable":true,"href":"https:\/\/www.invarena.cz\/index.php?rest_route=\/wp\/v2\/users\/1"}],"replies":[{"embeddable":true,"href":"https:\/\/www.invarena.cz\/index.php?rest_route=%2Fwp%2Fv2%2Fcomments&post=34514"}],"version-history":[{"count":0,"href":"https:\/\/www.invarena.cz\/index.php?rest_route=\/wp\/v2\/posts\/34514\/revisions"}],"wp:featuredmedia":[{"embeddable":true,"href":"https:\/\/www.invarena.cz\/index.php?rest_route=\/wp\/v2\/media\/10607"}],"wp:attachment":[{"href":"https:\/\/www.invarena.cz\/index.php?rest_route=%2Fwp%2Fv2%2Fmedia&parent=34514"}],"wp:term":[{"taxonomy":"category","embeddable":true,"href":"https:\/\/www.invarena.cz\/index.php?rest_route=%2Fwp%2Fv2%2Fcategories&post=34514"},{"taxonomy":"post_tag","embeddable":true,"href":"https:\/\/www.invarena.cz\/index.php?rest_route=%2Fwp%2Fv2%2Ftags&post=34514"}],"curies":[{"name":"wp","href":"https:\/\/api.w.org\/{rel}","templated":true}]}}