{"id":34523,"date":"2020-07-01T15:18:04","date_gmt":"2020-07-01T13:18:04","guid":{"rendered":"http:\/\/www.invarena.cz\/?p=34523"},"modified":"2020-07-01T15:18:05","modified_gmt":"2020-07-01T13:18:05","slug":"para-sportovec-se-tady-neuzivi-mame-moc-svazu-smutni-zrakove-postizeny-lyzar","status":"publish","type":"post","link":"https:\/\/www.invarena.cz\/?p=34523","title":{"rendered":"Para sportovec se tady neu\u017eiv\u00ed! M\u00e1me moc svaz\u016f, smutn\u00ed zrakov\u011b posti\u017een\u00fd ly\u017ea\u0159"},"content":{"rendered":"\n<p>V n\u011bkter\u00fdch zem\u00edch se para sportovci mohou \u017eivit v\u00fdhradn\u011b sportem. To je z\u00e1sadn\u00ed rozd\u00edl mezi n\u00e1mi a odr\u00e1\u017e\u00ed se to i na v\u00fdsledc\u00edch. <br><br>&#8222;V \u010cesku je para sport rozd\u011blen do p\u0159\u00edli\u0161 mnoho subjekt\u016f a instituc\u00ed. Na sportovce pak zbude jen minimum pen\u011bz,&#8220; posteskl si Patrik Hetmer, zrakov\u011b handicapovan\u00fd ly\u017ea\u0159 z Luha\u010dovic, bronzov\u00fd medailista v ob\u0159\u00edm slalomu na MS 2015 a \u00fa\u010dastn\u00edk paralympijsk\u00fdch her z let 2014 a 2018.<\/p>\n\n\n\n<p>&#8222;P\u011bt nebo \u0161est svaz\u016f pro hendikepovan\u00e9 mi p\u0159ijde opravdu zbyte\u010dn\u00e9. Nev\u00edm pro\u010d by sportovci nem\u011bli b\u00fdt sdru\u017eeni pod jednou centr\u00e1ln\u00ed organizac\u00ed,&#8220; dod\u00e1v\u00e1 Hetmer, kter\u00fd se \u017eiv\u00ed jako u\u010ditel na z\u00e1kladn\u00ed \u0161kole Emila Z\u00e1topka ve Zl\u00edn\u011b.<\/p>\n\n\n\n<p>&#8211; Jak\u00e9 jsou v \u010cesku podle v\u00e1s podm\u00ednky v paralympijsk\u00e9m sportu?<\/p>\n\n\n\n<p>\u0158ekl bych, \u017ee se pomalu, ale jist\u011b zlep\u0161uj\u00ed. Nebo bych tomu alespo\u0148 r\u00e1d v\u011b\u0159il. Nem\u016f\u017eeme se rovnat se zem\u011bmi, kde do para sportu investuj\u00ed stejn\u00e9 pen\u00edze jako do toho klasick\u00e9ho. U n\u00e1s se jedn\u00e1 st\u00e1le o amat\u00e9rskou \u010di poloprofesion\u00e1ln\u00ed \u00farove\u0148, co se podm\u00ednek t\u00fd\u010de.<\/p>\n\n\n\n<p>&#8211; Pro\u010d jsou zahrani\u010dn\u00ed soupe\u0159i \u010dasto profesion\u00e1lov\u00e9 a v \u010cesku tomu tak nen\u00ed?<\/p>\n\n\n\n<p>V n\u011bkter\u00fdch zem\u00edch maj\u00ed para sportovci takov\u00e9 programy, \u017ee se mohou \u017eivit v\u00fdhradn\u011b sportem. Pob\u00edraj\u00ed plat a mohou se naplno v\u011bnovat p\u0159\u00edprav\u011b. To je z\u00e1sadn\u00ed rozd\u00edl mezi n\u00e1mi, a pr\u00e1v\u011b t\u011bmito zem\u011bmi. A odr\u00e1\u017e\u00ed se to logicky i na v\u00fdsledc\u00edch. <br><br>&#8211; V \u010dem je podle v\u00e1s v \u010cesku probl\u00e9m a co byste navrhoval zm\u011bnit?<\/p>\n\n\n\n<p>V \u010cesku je para sport rozd\u011blen do p\u0159\u00edli\u0161 mnoho subjekt\u016f a instituc\u00ed. Ne\u017e se pen\u00edze, kter\u00e9 by m\u011bly b\u00fdt investov\u00e1ny do sportovc\u016f, dostanou k nim, zbyde jich minimum. P\u011bt nebo \u0161est svaz\u016f pro hendikepovan\u00e9 mi p\u0159ijde opravdu zbyte\u010dn\u00e9, nev\u00edm, pro\u010d by sportovci nem\u011bli b\u00fdt sdru\u017eeni pod jednou centr\u00e1ln\u00ed organizac\u00ed.<\/p>\n\n\n\n<p>&#8211; Jak se u v\u00e1s projevuje zrakov\u00e9 posti\u017een\u00ed? Kolik toho vlastn\u011b p\u0159i ly\u017eov\u00e1n\u00ed vid\u00edte?<\/p>\n\n\n\n<p>Moje zrakov\u00e9 posti\u017een\u00ed je z\u00fa\u017een\u00e9 zorn\u00e9 pole na \u010dty\u0159i stupn\u011b v obou o\u010d\u00edch, m\u00e1m takov\u00e9 trubicovit\u00e9 vid\u011bn\u00ed. P\u0159i ly\u017eov\u00e1n\u00ed vid\u00edm v\u011bt\u0161inou p\u016flku sv\u00e9ho tras\u00e9ra. D\u00edv\u00e1m se mu na nohy, abych vid\u011bl, jak s nimi pracuje a reagoval na to. Dorozum\u00edv\u00e1me se pomoc\u00ed interkomu. Tras\u00e9r mi pomoc\u00ed n\u011bj \u0159\u00edk\u00e1, co se na trati d\u011bje a jak\u00e9 jsou zm\u011bny rytmu.<\/p>\n\n\n\n<p>&#8211; Jak je ly\u017eov\u00e1n\u00ed p\u0159i zrakov\u00e9m hendikepu nebezpe\u010dn\u00e9?<\/p>\n\n\n\n<p>Z\u00e1le\u017e\u00ed, jak se to kdo nau\u010d\u00ed, ale pokud m\u00e1 \u010dlov\u011bk dobr\u00e9ho tras\u00e9ra, na kter\u00e9ho je zvykl\u00ed a stoprocentn\u011b mu d\u016fv\u011b\u0159uje a ovl\u00e1d\u00e1 techniku, tak si mysl\u00edm, \u017ee je to relativn\u011b bezpe\u010dn\u00e9. Zran\u011bn\u00ed p\u0159i ly\u017eov\u00e1n\u00ed p\u0159ich\u00e1z\u00ed u handicapovan\u00fdch sportovc\u016f stejn\u011b jako t\u011bch zdrav\u00fdch.<\/p>\n\n\n\n<p>&#8211; M\u00e1te n\u011bkdy strach, kdy\u017e stoj\u00edte na prudk\u00e9m kopci a m\u00e1te vyrazit na sjezd?<\/p>\n\n\n\n<p>Strach ne, ale respekt ano. Zvl\u00e1\u0161\u0165 z rychlosti. Sna\u017e\u00edm se s t\u00edm pracovat a je to hodn\u011b o zvyku. \u010c\u00edm v\u00edc tr\u00e9nuji rychlost\u00ed discipl\u00edny a dost\u00e1v\u00e1m se ze sv\u00e9 komfortn\u00ed z\u00f3ny, t\u00edm je to pro m\u011b pak v z\u00e1vod\u011b jednodu\u0161\u0161\u00ed.<\/p>\n\n\n\n<p>&#8211; Co v\u00e1s na ly\u017eov\u00e1n\u00ed nejv\u00edce bav\u00ed?<\/p>\n\n\n\n<p>Jednozna\u010dn\u011b atmosf\u00e9ra z\u00e1vod\u016f a taky to, \u017ee se d\u00edky ly\u017eov\u00e1n\u00ed dostanu do r\u016fzn\u00fdch kout\u016f sv\u011bta. Taky parta lid\u00e9, kterou tam m\u00e1me. A\u0165 u\u017e tren\u00e9r, tras\u00e9r nebo m\u016fj t\u00e1ta, kter\u00fd n\u00e1m se v\u0161\u00edm pom\u00e1h\u00e1. Bav\u00ed n\u00e1s to a u\u017e\u00edv\u00e1me si to. <br><br>&#8211; P\u0159ed dv\u011bma lety v\u00e1m l\u00e9ka\u0159i objevili cystu na slezin\u011b. Jak jste na tom dnes zdravotn\u011b?<\/p>\n\n\n\n<p>Dnes na\u0161t\u011bst\u00ed dob\u0159e. P\u0159ed dv\u011bma lety mi l\u00e9ka\u0159i museli slezinu odoperovat, byl to docela slo\u017eit\u00fd z\u00e1krok, ale nem\u00e1m \u017e\u00e1dn\u00e9 n\u00e1sledky. Jedin\u00e9, co si mus\u00edm v\u00edc hl\u00eddat je \u017eivotospr\u00e1va. A dal\u0161\u00ed nev\u00fdhodou je sn\u00ed\u017een\u00e1 imunita, ale zat\u00edm to opravdu nijak nepoci\u0165uju.<\/p>\n\n\n\n<p>&#8211; Jak\u00fd je v\u00e1\u0161 vztah k b\u011bh\u00e1n\u00ed? B\u011bh\u00e1te v tr\u00e9ninku \u010dasto?<\/p>\n\n\n\n<p>Vztah k b\u011bh\u00e1n\u00ed m\u00e1m velice kladn\u00fd, a to i proto, \u017ee kdy\u017e neb\u011bh\u00e1m tak tloustnu. Nevad\u00ed mi ani dlouh\u00e9 trat\u011b. R\u00e1d b\u011bh\u00e1m v p\u0159\u00edrod\u011b za jak\u00e9hokoli po\u010das\u00ed. Nejsem vyznava\u010dem b\u011bh\u00e1n\u00ed na ov\u00e1le. Del\u0161\u00ed v\u00fdb\u011bhy do p\u0159\u00edrody na \u010derstv\u00e9m vzduchu jsou ide\u00e1ln\u00ed. <br><br>&#8211; Jak se v\u00e1m b\u011b\u017eel leto\u0161n\u00ed Run Tour\/Jak jste se na n\u011bj p\u0159ipravoval?<\/p>\n\n\n\n<p>Na Run Tour jsem se nijak zvl\u00e1\u0161\u0165 nep\u0159ipravoval. M\u00e1m r\u00e1d z\u00e1vody a jejich atmosf\u00e9ru, to m\u011b v\u017edycky nakopne. Jinak se p\u0159ipravuju tak, \u017ee prost\u011b a jednodu\u0161e b\u011bh\u00e1m.<\/p>\n\n\n\n<p>&#8211; Spousta lid\u00ed se u\u010d\u00ed ly\u017eovat v pozd\u011bj\u0161\u00edm v\u011bku a p\u0159irozen\u011b z toho maj\u00ed strach. Co byste jim poradil?<\/p>\n\n\n\n<p>Z\u00e1klad je naj\u00edt si dobr\u00e9ho instruktora, kter\u00fd se v\u00e1m bude intenzivn\u011b v\u011bnovat a nau\u010d\u00ed v\u00e1s od za\u010d\u00e1tku spr\u00e1vnou techniku. Pokud je \u010dlov\u011bk samouk, pohyb se nenau\u010d\u00ed spr\u00e1vn\u011b a pak se to o to h\u016f\u0159 odbour\u00e1v\u00e1. Sta\u010d\u00ed p\u00e1r hodin s kvalitn\u00edm instruktorem. To je podle m\u011b ta nejlep\u0161\u00ed investice.<\/p>\n\n\n\n<p>Martin B\u0159enek<\/p>\n\n\n\n<p>Zl\u00ednsk\u00fd den\u00edk<\/p>\n\n\n\n<p><a rel=\"noreferrer noopener\" aria-label=\" (otev\u0159e se na nov\u00e9 z\u00e1lo\u017ece)\" href=\"https:\/\/zlinsky.denik.cz\/\" target=\"_blank\">https:\/\/zlinsky.denik.cz\/<\/a><br><\/p>\n","protected":false},"excerpt":{"rendered":"<div class=\"mh-excerpt\"><p>V n\u011bkter\u00fdch zem\u00edch se para sportovci mohou \u017eivit v\u00fdhradn\u011b sportem. To je z\u00e1sadn\u00ed rozd\u00edl mezi n\u00e1mi a odr\u00e1\u017e\u00ed se to i na v\u00fdsledc\u00edch. &#8222;V \u010cesku <a class=\"mh-excerpt-more\" href=\"https:\/\/www.invarena.cz\/?p=34523\" title=\"Para sportovec se tady neu\u017eiv\u00ed! M\u00e1me moc svaz\u016f, smutn\u00ed zrakov\u011b posti\u017een\u00fd ly\u017ea\u0159\">[&#8230;]<\/a><\/p>\n<\/div>","protected":false},"author":1,"featured_media":10548,"comment_status":"open","ping_status":"closed","sticky":false,"template":"","format":"standard","meta":{"footnotes":""},"categories":[9],"tags":[],"class_list":["post-34523","post","type-post","status-publish","format-standard","has-post-thumbnail","hentry","category-zpravy"],"_links":{"self":[{"href":"https:\/\/www.invarena.cz\/index.php?rest_route=\/wp\/v2\/posts\/34523","targetHints":{"allow":["GET"]}}],"collection":[{"href":"https:\/\/www.invarena.cz\/index.php?rest_route=\/wp\/v2\/posts"}],"about":[{"href":"https:\/\/www.invarena.cz\/index.php?rest_route=\/wp\/v2\/types\/post"}],"author":[{"embeddable":true,"href":"https:\/\/www.invarena.cz\/index.php?rest_route=\/wp\/v2\/users\/1"}],"replies":[{"embeddable":true,"href":"https:\/\/www.invarena.cz\/index.php?rest_route=%2Fwp%2Fv2%2Fcomments&post=34523"}],"version-history":[{"count":0,"href":"https:\/\/www.invarena.cz\/index.php?rest_route=\/wp\/v2\/posts\/34523\/revisions"}],"wp:featuredmedia":[{"embeddable":true,"href":"https:\/\/www.invarena.cz\/index.php?rest_route=\/wp\/v2\/media\/10548"}],"wp:attachment":[{"href":"https:\/\/www.invarena.cz\/index.php?rest_route=%2Fwp%2Fv2%2Fmedia&parent=34523"}],"wp:term":[{"taxonomy":"category","embeddable":true,"href":"https:\/\/www.invarena.cz\/index.php?rest_route=%2Fwp%2Fv2%2Fcategories&post=34523"},{"taxonomy":"post_tag","embeddable":true,"href":"https:\/\/www.invarena.cz\/index.php?rest_route=%2Fwp%2Fv2%2Ftags&post=34523"}],"curies":[{"name":"wp","href":"https:\/\/api.w.org\/{rel}","templated":true}]}}