{"id":34526,"date":"2020-07-01T15:27:29","date_gmt":"2020-07-01T13:27:29","guid":{"rendered":"http:\/\/www.invarena.cz\/?p=34526"},"modified":"2020-07-01T15:27:30","modified_gmt":"2020-07-01T13:27:30","slug":"hluchonemy-parasutista-si-seskokem-na-pribramskem-letisti-splnil-sen","status":"publish","type":"post","link":"https:\/\/www.invarena.cz\/?p=34526","title":{"rendered":"Hluchon\u011bm\u00fd para\u0161utista si seskokem na p\u0159\u00edbramsk\u00e9m leti\u0161ti splnil sen"},"content":{"rendered":"\n<p>Na leti\u0161ti v Dlouh\u00e9 Lhot\u011b u P\u0159\u00edbrami se v druh\u00e9 polovin\u011b \u010dervna poprv\u00e9 v \u010cesk\u00e9 republice \u00fasp\u011b\u0161n\u011b uskute\u010dnil v\u00fdcvik voln\u00fdch p\u00e1d\u016f u z\u00e1jemc\u016f se sluchov\u00fdm posti\u017een\u00edm, dosud se tito lid\u00e9 \u00fa\u010dastnili pouze tandemov\u00fdch seskok\u016f. <br><br>Karel Svit\u00e1k je nesly\u0161\u00edc\u00ed od narozen\u00ed a \u00fa\u010dastnil se v\u00fdcviku metodou AFF, co\u017e je intenzivn\u00ed kurz voln\u00fdch p\u00e1d\u016f ze 4000 metr\u016f v\u010detn\u011b n\u00e1cviku skoku ve virtu\u00e1ln\u00ed realit\u011b. P\u0159ed samotn\u00fdmi seskoky z\u00edsk\u00e1val zku\u0161enosti ve v\u011btrn\u00e9m tunelu v Praze v Let\u0148anech.<\/p>\n\n\n\n<p>&#8222;Teoretick\u00e1 p\u0159\u00edprava i praktick\u00fd n\u00e1cvik byl za asistence tlumo\u010dn\u00edka do znakov\u00e9 \u0159e\u010di Miroslava Hanzl\u00ed\u010dka, abychom m\u011bli jistotu, \u017ee se v\u0161echny informace ke Karlovi dostanou tak, jak maj\u00ed,&#8220; informoval o organizaci v\u00fduky vedouc\u00ed instruktor v\u00fdcvikov\u00e9ho st\u0159ediska Roman \u0160tengl. <br><br>D\u00e1le pokra\u010doval: &#8222;P\u0159i prvn\u00edm seskoku byli p\u0159\u00edtomni na zemi dal\u0161\u00ed tlumo\u010dn\u00edci a pom\u00e1hali s p\u0159\u00edpravou a s rozborem jednotliv\u00fdch seskok\u016f. B\u011bhem v\u00fdcviku jsme \u0159e\u0161ili i dal\u0161\u00ed komunika\u010dn\u00ed p\u0159ek\u00e1\u017eky, jako nap\u0159\u00edklad nav\u00e1d\u011bn\u00ed vys\u00edla\u010dkou b\u011bhem prvn\u00edch seskok\u016f, \u010di povinn\u00e9 pou\u017eit\u00ed zvukov\u00e9ho v\u00fd\u0161kom\u011bru, kter\u00fd upozor\u0148uje pomoc\u00ed p\u00edp\u00e1n\u00ed na v\u00fd\u0161ku otev\u0159en\u00ed. Situaci n\u00e1m m\u00edrn\u011b usnad\u0148oval fakt, \u017ee m\u00e1 Karel kochle\u00e1rn\u00ed implant\u00e1t a ur\u010dit\u00e9 zvuky sly\u0161\u00ed.&#8220;<\/p>\n\n\n\n<p>S\u00e1m handicapovan\u00fd para\u0161utista Karel Svit\u00e1k k v\u00fdcviku uvedl: &#8222;Sk\u00e1k\u00e1n\u00ed se mi l\u00edb\u00ed od mali\u010dka. Prvn\u00ed seskok jsem uskute\u010dnil v osmn\u00e1cti letech na kulat\u00e9m pad\u00e1ku OVP 68. Pak jsem si pl\u00e1noval dal\u0161\u00ed skoky, sezn\u00e1mil jsem se s Romanem \u0160tenglem a moc jsem ho obdivoval. Tento sport se mi velmi l\u00edb\u00ed.&#8220;<\/p>\n\n\n\n<p>Kurz byl podle n\u011bj bez probl\u00e9m\u016f a v\u00fduka prob\u00edhala v klidu, bez sp\u011bchu a nervozity, s dostate\u010dn\u00fdm \u010dasem na tlumo\u010den\u00ed. Na z\u00e1v\u011br Karel doplnil: &#8222;Prvn\u00ed seskok ze \u010dty\u0159 kilometr\u016f byl neskute\u010dn\u00fd z\u00e1\u017eitek, jsem moc r\u00e1d, \u017ee jsem v\u0161echno zvl\u00e1dnul. Velmi r\u00e1d bych pokra\u010doval, spolupr\u00e1ce s Romanem \u0160tenglem je v\u00fdborn\u00e1 a cht\u011bl bych pokro\u010dit a m\u00edt dal\u0161\u00ed z\u00e1\u017eitky v tomto sportu.&#8220;<\/p>\n\n\n\n<p>\u0160\u00e1rka Sp\u00e1\u010dilov\u00e1<\/p>\n\n\n\n<p>P\u0159\u00edbramsk\u00fd den\u00edk<\/p>\n\n\n\n<p><a rel=\"noreferrer noopener\" aria-label=\" (otev\u0159e se na nov\u00e9 z\u00e1lo\u017ece)\" href=\"https:\/\/pribramsky.denik.cz\/\" target=\"_blank\">https:\/\/pribramsky.denik.cz\/<\/a><br><\/p>\n","protected":false},"excerpt":{"rendered":"<div class=\"mh-excerpt\"><p>Na leti\u0161ti v Dlouh\u00e9 Lhot\u011b u P\u0159\u00edbrami se v druh\u00e9 polovin\u011b \u010dervna poprv\u00e9 v \u010cesk\u00e9 republice \u00fasp\u011b\u0161n\u011b uskute\u010dnil v\u00fdcvik voln\u00fdch p\u00e1d\u016f u z\u00e1jemc\u016f se sluchov\u00fdm <a class=\"mh-excerpt-more\" href=\"https:\/\/www.invarena.cz\/?p=34526\" title=\"Hluchon\u011bm\u00fd para\u0161utista si seskokem na p\u0159\u00edbramsk\u00e9m leti\u0161ti splnil sen\">[&#8230;]<\/a><\/p>\n<\/div>","protected":false},"author":1,"featured_media":21347,"comment_status":"open","ping_status":"closed","sticky":false,"template":"","format":"standard","meta":{"footnotes":""},"categories":[9],"tags":[],"class_list":["post-34526","post","type-post","status-publish","format-standard","has-post-thumbnail","hentry","category-zpravy"],"_links":{"self":[{"href":"https:\/\/www.invarena.cz\/index.php?rest_route=\/wp\/v2\/posts\/34526","targetHints":{"allow":["GET"]}}],"collection":[{"href":"https:\/\/www.invarena.cz\/index.php?rest_route=\/wp\/v2\/posts"}],"about":[{"href":"https:\/\/www.invarena.cz\/index.php?rest_route=\/wp\/v2\/types\/post"}],"author":[{"embeddable":true,"href":"https:\/\/www.invarena.cz\/index.php?rest_route=\/wp\/v2\/users\/1"}],"replies":[{"embeddable":true,"href":"https:\/\/www.invarena.cz\/index.php?rest_route=%2Fwp%2Fv2%2Fcomments&post=34526"}],"version-history":[{"count":0,"href":"https:\/\/www.invarena.cz\/index.php?rest_route=\/wp\/v2\/posts\/34526\/revisions"}],"wp:featuredmedia":[{"embeddable":true,"href":"https:\/\/www.invarena.cz\/index.php?rest_route=\/wp\/v2\/media\/21347"}],"wp:attachment":[{"href":"https:\/\/www.invarena.cz\/index.php?rest_route=%2Fwp%2Fv2%2Fmedia&parent=34526"}],"wp:term":[{"taxonomy":"category","embeddable":true,"href":"https:\/\/www.invarena.cz\/index.php?rest_route=%2Fwp%2Fv2%2Fcategories&post=34526"},{"taxonomy":"post_tag","embeddable":true,"href":"https:\/\/www.invarena.cz\/index.php?rest_route=%2Fwp%2Fv2%2Ftags&post=34526"}],"curies":[{"name":"wp","href":"https:\/\/api.w.org\/{rel}","templated":true}]}}