{"id":34532,"date":"2020-07-02T11:51:39","date_gmt":"2020-07-02T09:51:39","guid":{"rendered":"http:\/\/www.invarena.cz\/?p=34532"},"modified":"2020-07-02T11:51:40","modified_gmt":"2020-07-02T09:51:40","slug":"keramicke-hrnicky-rozsiruji-sortiment-darkovych-predmetu-v-ledecskem-tic","status":"publish","type":"post","link":"https:\/\/www.invarena.cz\/?p=34532","title":{"rendered":"Keramick\u00e9 hrn\u00ed\u010dky roz\u0161i\u0159uj\u00ed sortiment d\u00e1rkov\u00fdch p\u0159edm\u011bt\u016f v lede\u010dsk\u00e9m TIC"},"content":{"rendered":"\n<p>Nov\u011b najdete v&nbsp;Turistick\u00e9m informa\u010dn\u00edm centru\nv&nbsp;Led\u010di nad S\u00e1zavou keramick\u00e9 hrne\u010dky ze Soci\u00e1ln\u011b terapeutick\u00e9 d\u00edlny p\u0159i\nOblastn\u00ed charit\u011b Havl\u00ed\u010dk\u016fv Brod. S&nbsp;n\u00e1padem roz\u0161\u00ed\u0159it nab\u00eddku d\u00e1rkov\u00fdch\np\u0159edm\u011bt\u016f lede\u010dsk\u00e9ho TIC p\u0159i\u0161la Jitka Burianov\u00e1, kter\u00e1 v&nbsp;centru pracovala.<\/p>\n\n\n\n<p>\u201eLetos v&nbsp;\u00fanoru jsem se v&nbsp;jednom \u010dl\u00e1nku do\u010detla, \u017ee tady ve m\u011bst\u011b\nm\u00e1me Soci\u00e1ln\u011b terapeutickou d\u00edlnu. Na fotce jsem vid\u011bla hrn\u00ed\u010dky, kter\u00e9\nv&nbsp;keramick\u00e9 d\u00edln\u011b vyr\u00e1b\u011bj\u00ed, a hned m\u011b napadlo, \u017ee bychom je mohli\nv&nbsp;TIC prod\u00e1vat,\u201c prozradila Jitka Burianov\u00e1. Proto jsou od \u010dervna\nv&nbsp;centru k&nbsp;zakoupen\u00ed hrne\u010dky s&nbsp;barevn\u00fdmi v\u00e1\u017ekami a and\u00edlky, do\nbudoucna by v\u0161ak m\u011bli klienti d\u00edlny vyr\u00e1b\u011bt hrnky p\u0159\u00edmo s&nbsp;m\u011bstsk\u00fdm znakem\nLed\u010de nad S\u00e1zavou. \u201eAktu\u00e1ln\u011b \u0159e\u0161\u00edme v\u00fdrobu raznice se znakem m\u011bsta a\nv&nbsp;budoucnu bychom mohli vyr\u00e1b\u011bt nejen hrne\u010dky, ale tak\u00e9 t\u0159eba keramick\u00e9\nplaci\u010dky, srd\u00ed\u010dka nebo jin\u00e9 v\u00fdrobky s&nbsp;m\u011bstsk\u00fdm znakem, podle pot\u0159eb\nturistick\u00e9ho centra,\u201c uvedla vedouc\u00ed d\u00edlny Jana Koubkov\u00e1.<\/p>\n\n\n\n<p>Nav\u00edc keramika z&nbsp;terapeutick\u00e9 d\u00edlny by mohla b\u00fdt hezk\u00fdm d\u00e1rkov\u00fdm p\u0159edm\u011btem\nm\u011bsta. \u201eS&nbsp;panem starostou Zde\u0148kem T\u016fmou i&nbsp;panem m\u00edstostarostou\nMichalem Simandlem jsme mo\u017enosti prob\u00edrali, a proto\u017ee po\u0159\u00e1d\u00e1me nejr\u016fzn\u011bj\u0161\u00ed\nsportovn\u00ed, tane\u010dn\u00ed, hudebn\u00ed nebo i&nbsp;v\u00fdtvarn\u00e9 sout\u011b\u017ee, byl by to hezk\u00fd d\u00e1rek\npro v\u00edt\u011bze, p\u0159\u00edpadn\u011b pro nejr\u016fzn\u011bj\u0161\u00ed n\u00e1v\u0161t\u011bvy, kter\u00e9 do Led\u010de zav\u00edtaj\u00ed,\u201c\np\u0159ibl\u00ed\u017eila z\u00e1m\u011br Jitka Burianov\u00e1, kter\u00e1 si velmi pochvaluje fakt, \u017ee keramika\nvznik\u00e1 p\u0159\u00edmo v&nbsp;Led\u010di nad S\u00e1zavou a nav\u00edc ji pom\u00e1haj\u00ed vyr\u00e1b\u011bt lid\u00e9\ns&nbsp;ment\u00e1ln\u00edm posti\u017een\u00edm, kte\u0159\u00ed se tak u\u010d\u00ed pracovn\u00edm n\u00e1vyk\u016fm a roz\u0161i\u0159uj\u00ed sv\u00e9\nkompetence a dovednosti.<\/p>\n\n\n\n<p>Soci\u00e1ln\u011b terapeutick\u00e1 d\u00edlna Lede\u010d nad S\u00e1zavou<\/p>\n\n\n\n<p>D\u00edlna funguje v rodinn\u00e9m dom\u011b na adrese Pivovarsk\u00e1 1223 v\nLed\u010di nad S\u00e1zavou. U domu je zahrada, kter\u00e1 se vyu\u017e\u00edv\u00e1 pro pracovn\u00ed\nterapeutick\u00e9 \u010dinnosti. Klienti &#8211; osoby s lehk\u00fdm nebo st\u0159edn\u00edm ment\u00e1ln\u00edm\nposti\u017een\u00edm, se sn\u00ed\u017eenou sob\u011bsta\u010dnost\u00ed z d\u016fvod\u016f zdravotn\u00edho posti\u017een\u00ed \u2013 s\np\u0159idru\u017eenou t\u011blesnou vadou nebo s kombinovan\u00fdm posti\u017een\u00edm, kter\u00e9 nejsou z\ntohoto d\u016fvodu um\u00edstiteln\u00e9 na otev\u0159en\u00e9m ani chr\u00e1n\u011bn\u00e9m trhu pr\u00e1ce, tady pracuj\u00ed v\nn\u011bkolika d\u00edln\u00e1ch. V gastronomick\u00e9 a obslu\u017en\u00e9 d\u00edln\u011b se u\u010d\u00ed pracovat v kuchyni,\nva\u0159it nebo m\u00fdt n\u00e1dob\u00ed, v \u0161ic\u00ed a textiln\u00ed d\u00edln\u011b h\u00e1\u010dkuj\u00ed, \u0161ij\u00ed a pracuj\u00ed tak\u00e9 s\n\u017eehli\u010dkou. O kv\u011btiny, bylinky, ovoce a zeleninu a dal\u0161\u00ed rostliny pe\u010duj\u00ed v r\u00e1mci\nzahradnick\u00e9 d\u00edlny, origin\u00e1ln\u00ed v\u00fdrobky pak vznikaj\u00ed v tvo\u0159iv\u00e9 d\u00edln\u011b. V z\u00e1v\u011bru\nlo\u0148sk\u00e9ho roku tady vznikla i keramick\u00e1 d\u00edlna, kde klienti a pracovn\u00edci d\u00edlny\nvytv\u00e1\u0159ej\u00ed kr\u00e1sn\u00e9 dekorativn\u00ed v\u00fdrobky z hl\u00edny, hrne\u010dky, ale t\u0159eba i formu na\nb\u00e1bovku. V\u0161echny v\u00fdrobky pak prod\u00e1vaj\u00ed na nejr\u016fzn\u011bj\u0161\u00edch prodejn\u00edch v\u00fdstav\u00e1ch\nnebo trz\u00edch, kde si je m\u016f\u017eete zakoupit a podpo\u0159it jejich \u010dinnost.<\/p>\n\n\n\n<p>Soci\u00e1ln\u00ed slu\u017eba Soci\u00e1ln\u011b terapeutick\u00e1 d\u00edlna Lede\u010d nad S\u00e1zavou\nje financov\u00e1na z projektu Podpora vybran\u00fdch soci\u00e1ln\u00edch slu\u017eeb na \u00fazem\u00ed Kraje\nVyso\u010dina, individu\u00e1ln\u00ed projekt VI. Na tento projekt je poskytov\u00e1na finan\u010dn\u00ed\npodpora EU, st\u00e1tn\u00edho rozpo\u010dtu a Kraje Vyso\u010dina.<\/p>\n\n\n\n<p>Monika Broth\u00e1nkov\u00e1, Oblastn\u00ed charita Havl\u00ed\u010dk\u016fv Brod<\/p>\n\n\n\n<p>\u017d\u010f\u00e1rsk\u00fd den\u00edk<\/p>\n\n\n\n<p><a rel=\"noreferrer noopener\" aria-label=\" (otev\u0159e se na nov\u00e9 z\u00e1lo\u017ece)\" href=\"https:\/\/zdarsky.denik.cz\/\" target=\"_blank\">https:\/\/zdarsky.denik.cz\/<\/a><br><\/p>\n","protected":false},"excerpt":{"rendered":"<div class=\"mh-excerpt\"><p>Nov\u011b najdete v&nbsp;Turistick\u00e9m informa\u010dn\u00edm centru v&nbsp;Led\u010di nad S\u00e1zavou keramick\u00e9 hrne\u010dky ze Soci\u00e1ln\u011b terapeutick\u00e9 d\u00edlny p\u0159i Oblastn\u00ed charit\u011b Havl\u00ed\u010dk\u016fv Brod. S&nbsp;n\u00e1padem roz\u0161\u00ed\u0159it nab\u00eddku d\u00e1rkov\u00fdch p\u0159edm\u011bt\u016f lede\u010dsk\u00e9ho <a class=\"mh-excerpt-more\" href=\"https:\/\/www.invarena.cz\/?p=34532\" title=\"Keramick\u00e9 hrn\u00ed\u010dky roz\u0161i\u0159uj\u00ed sortiment d\u00e1rkov\u00fdch p\u0159edm\u011bt\u016f v lede\u010dsk\u00e9m TIC\">[&#8230;]<\/a><\/p>\n<\/div>","protected":false},"author":1,"featured_media":4001,"comment_status":"open","ping_status":"closed","sticky":false,"template":"","format":"standard","meta":{"footnotes":""},"categories":[9],"tags":[],"class_list":["post-34532","post","type-post","status-publish","format-standard","has-post-thumbnail","hentry","category-zpravy"],"_links":{"self":[{"href":"https:\/\/www.invarena.cz\/index.php?rest_route=\/wp\/v2\/posts\/34532","targetHints":{"allow":["GET"]}}],"collection":[{"href":"https:\/\/www.invarena.cz\/index.php?rest_route=\/wp\/v2\/posts"}],"about":[{"href":"https:\/\/www.invarena.cz\/index.php?rest_route=\/wp\/v2\/types\/post"}],"author":[{"embeddable":true,"href":"https:\/\/www.invarena.cz\/index.php?rest_route=\/wp\/v2\/users\/1"}],"replies":[{"embeddable":true,"href":"https:\/\/www.invarena.cz\/index.php?rest_route=%2Fwp%2Fv2%2Fcomments&post=34532"}],"version-history":[{"count":0,"href":"https:\/\/www.invarena.cz\/index.php?rest_route=\/wp\/v2\/posts\/34532\/revisions"}],"wp:featuredmedia":[{"embeddable":true,"href":"https:\/\/www.invarena.cz\/index.php?rest_route=\/wp\/v2\/media\/4001"}],"wp:attachment":[{"href":"https:\/\/www.invarena.cz\/index.php?rest_route=%2Fwp%2Fv2%2Fmedia&parent=34532"}],"wp:term":[{"taxonomy":"category","embeddable":true,"href":"https:\/\/www.invarena.cz\/index.php?rest_route=%2Fwp%2Fv2%2Fcategories&post=34532"},{"taxonomy":"post_tag","embeddable":true,"href":"https:\/\/www.invarena.cz\/index.php?rest_route=%2Fwp%2Fv2%2Ftags&post=34532"}],"curies":[{"name":"wp","href":"https:\/\/api.w.org\/{rel}","templated":true}]}}