{"id":34609,"date":"2020-07-15T20:56:02","date_gmt":"2020-07-15T18:56:02","guid":{"rendered":"http:\/\/www.invarena.cz\/?p=34609"},"modified":"2020-07-15T20:56:03","modified_gmt":"2020-07-15T18:56:03","slug":"mala-charlottka-ma-sen-se-rozbehnout-muzete-ji-podporit","status":"publish","type":"post","link":"https:\/\/www.invarena.cz\/?p=34609","title":{"rendered":"Mal\u00e1 Charlottka m\u00e1 sen se rozb\u011bhnout. M\u016f\u017eete ji podpo\u0159it"},"content":{"rendered":"\n<p>P\u011btilet\u00e1 Charlottka z&nbsp;Hradce Kr\u00e1lov\u00e9 kv\u016fli mozkov\u00e9 obrn\u011b\nvelmi \u0161patn\u011b chod\u00ed. Jej\u00ed rodi\u010de j\u00ed v\u011bnuj\u00ed maximum sv\u00e9ho \u010dasu a pravideln\u011b\ns&nbsp;n\u00ed cvi\u010d\u00ed za \u00fa\u010delem postavit svou malou dceru na nohy. Snem Charlottky\nje, aby jednou mohla chodit a b\u011bhat stejn\u011b jako jej\u00ed vrstevn\u00edci.<\/p>\n\n\n\n<p>Zuzana Zouharov\u00e1 je u\u010ditelkou mal\u00e9 bojovnice ve specializovan\u00e9 mate\u0159sk\u00e9 \u0161kolce, z\u00e1rove\u0148 se stala jej\u00ed patronkou v charitativn\u00edm projektu Patron d\u011bt\u00ed zalo\u017een\u00e9m Nadac\u00ed Sirius.<\/p>\n\n\n\n<p>\u201eHol\u010di\u010dka d\u011bl\u00e1 d\u00edky rodi\u010d\u016fm velk\u00e9 pokroky. P\u0159esto je st\u00e1le\nodk\u00e1z\u00e1na na chod\u00edtko nebo jin\u00e9 podp\u016frn\u00e9 pom\u016fcky. V\u00edme, \u017ee pomoc existuje, ale\nbarierou jsou pen\u00edze,\u201c popisuje patronka. Charlottka by ji\u017e v srpnu mohla\npodstoupit rehabilitace, kter\u00e9 by jej\u00ed zdravotn\u00ed stav mohly v\u00fdrazn\u011b zlep\u0161it.\nStoj\u00ed ov\u0161em 45 000 korun. Pro rodi\u010de d\u00edvenky jsou to nemal\u00e9 v\u00fddaje.<\/p>\n\n\n\n<p>Rodinu finan\u010dn\u011b zabezpe\u010duje pouze otec, aby se maminka mohla v\u011bnovat dcerce. \u017d\u00e1daj\u00ed proto o pomoc ve\u0159ejnost. P\u0159isp\u011bt na rehabilitace m\u016f\u017eete na adrese <a rel=\"noreferrer noopener\" aria-label=\" (otev\u0159e se na nov\u00e9 z\u00e1lo\u017ece)\" href=\"https:\/\/patrondeti.cz\/pribeh\/aby-se-charlottka-mohla-rozebehnout.\" target=\"_blank\">https:\/\/patrondeti.cz\/pribeh\/aby-se-charlottka-mohla-rozebehnout<\/a><\/p>\n\n\n\n<p>Sto procent vybran\u00e9 \u010d\u00e1stky jde p\u0159\u00edmo na podporu mal\u00e9\nbojovnice. \u201eBudeme v\u0161em velmi vd\u011b\u010dn\u00ed. T\u0159eba jednou pom\u016f\u017eeme zase my n\u011bjak\u00e9mu\ndal\u0161\u00edmu d\u00edt\u011bti, kter\u00e9 si na za\u010d\u00e1tku vyt\u00e1hlo hor\u0161\u00ed karty,\u201c dod\u00e1v\u00e1 maminka\nCharlottky.<\/p>\n\n\n\n<p>D\u011btskou mozkovou obrnu vn\u00edm\u00e1 spousta lid\u00ed jako posti\u017een\u00ed\nminul\u00fdch stolet\u00ed. Nen\u00ed to pravda. Podle statistiky se s n\u00ed i v sou\u010dasnosti\nnarod\u00ed v \u010cesku dv\u011b d\u011bti z tis\u00edce v\u0161ech novorozenc\u016f. Poji\u0161\u0165ovny bohu\u017eel zdaleka\nne v\u0161echny terapie pro d\u011bti propl\u00e1c\u00ed.<\/p>\n\n\n\n<p>Tom\u00e1\u0161 Kulh\u00e1nek<\/p>\n\n\n\n<p>Hradeck\u00fd den\u00edk<\/p>\n\n\n\n<p><a rel=\"noreferrer noopener\" aria-label=\" (otev\u0159e se na nov\u00e9 z\u00e1lo\u017ece)\" href=\"https:\/\/hradecky.denik.cz\/\" target=\"_blank\">https:\/\/hradecky.denik.cz\/<\/a><\/p>\n","protected":false},"excerpt":{"rendered":"<div class=\"mh-excerpt\"><p>P\u011btilet\u00e1 Charlottka z&nbsp;Hradce Kr\u00e1lov\u00e9 kv\u016fli mozkov\u00e9 obrn\u011b velmi \u0161patn\u011b chod\u00ed. Jej\u00ed rodi\u010de j\u00ed v\u011bnuj\u00ed maximum sv\u00e9ho \u010dasu a pravideln\u011b s&nbsp;n\u00ed cvi\u010d\u00ed za \u00fa\u010delem postavit svou <a class=\"mh-excerpt-more\" href=\"https:\/\/www.invarena.cz\/?p=34609\" title=\"Mal\u00e1 Charlottka m\u00e1 sen se rozb\u011bhnout. M\u016f\u017eete ji podpo\u0159it\">[&#8230;]<\/a><\/p>\n<\/div>","protected":false},"author":1,"featured_media":19893,"comment_status":"open","ping_status":"closed","sticky":false,"template":"","format":"standard","meta":{"footnotes":""},"categories":[9],"tags":[],"class_list":["post-34609","post","type-post","status-publish","format-standard","has-post-thumbnail","hentry","category-zpravy"],"_links":{"self":[{"href":"https:\/\/www.invarena.cz\/index.php?rest_route=\/wp\/v2\/posts\/34609","targetHints":{"allow":["GET"]}}],"collection":[{"href":"https:\/\/www.invarena.cz\/index.php?rest_route=\/wp\/v2\/posts"}],"about":[{"href":"https:\/\/www.invarena.cz\/index.php?rest_route=\/wp\/v2\/types\/post"}],"author":[{"embeddable":true,"href":"https:\/\/www.invarena.cz\/index.php?rest_route=\/wp\/v2\/users\/1"}],"replies":[{"embeddable":true,"href":"https:\/\/www.invarena.cz\/index.php?rest_route=%2Fwp%2Fv2%2Fcomments&post=34609"}],"version-history":[{"count":0,"href":"https:\/\/www.invarena.cz\/index.php?rest_route=\/wp\/v2\/posts\/34609\/revisions"}],"wp:featuredmedia":[{"embeddable":true,"href":"https:\/\/www.invarena.cz\/index.php?rest_route=\/wp\/v2\/media\/19893"}],"wp:attachment":[{"href":"https:\/\/www.invarena.cz\/index.php?rest_route=%2Fwp%2Fv2%2Fmedia&parent=34609"}],"wp:term":[{"taxonomy":"category","embeddable":true,"href":"https:\/\/www.invarena.cz\/index.php?rest_route=%2Fwp%2Fv2%2Fcategories&post=34609"},{"taxonomy":"post_tag","embeddable":true,"href":"https:\/\/www.invarena.cz\/index.php?rest_route=%2Fwp%2Fv2%2Ftags&post=34609"}],"curies":[{"name":"wp","href":"https:\/\/api.w.org\/{rel}","templated":true}]}}