{"id":34696,"date":"2020-08-04T10:42:57","date_gmt":"2020-08-04T08:42:57","guid":{"rendered":"http:\/\/www.invarena.cz\/?p=34696"},"modified":"2020-08-04T10:42:58","modified_gmt":"2020-08-04T08:42:58","slug":"novy-zakon-pro-asistencni-psy-2","status":"publish","type":"post","link":"https:\/\/www.invarena.cz\/?p=34696","title":{"rendered":"Nov\u00fd z\u00e1kon pro asisten\u010dn\u00ed psy"},"content":{"rendered":"\n<p>Kdo jsou asisten\u010dn\u00ed, vod\u00edc\u00ed nebo  sign\u00e1ln\u00ed psi pro handicapovan\u00e9 a kam v\u0161ude m\u016f\u017eou. Ur\u010dit to m\u00e1 nov\u00fd  z\u00e1kon, ke kter\u00e9mu vydala souhlasn\u00e9 stanovisko vl\u00e1da. M\u00e1 p\u0159edev\u0161\u00edm  zajistit vstup posti\u017een\u00fdch lid\u00ed v doprovodu psa do ve\u0159ejn\u00fdch prostor a dopravy. Pr\u00e1v\u011b tam se dnes n\u011bkde nedostanou.  Report\u00e1\u017e  \u010cesk\u00e1  televize <br><br>Asisten\u010dn\u00ed  fenka Easy pom\u00e1h\u00e1 Marii M\u00e1dlov\u00e9 od kv\u011btna, hlavn\u011b podat v\u011bci, kter\u00e9  jej\u00ed majitelce upadnout. V\u0161ude chod\u00ed spolu. I ony u\u017e ale za\u017eily situace,  kdy nemohly tam, kam cht\u011bly.  <br><br>Marie M\u00c1DLOV\u00c1, majitelka asisten\u010dn\u00edho psa  <br>Je pravda, \u017ee se stane, \u017ee na obchodech vis\u00ed cedulka pejsky ne, tak tam \u010dlov\u011bk ani nejde koupit.  <br><br>redaktor  <br>Psi v\u010detn\u011b t\u011bch asisten\u010dn\u00edch n\u011bkde vad\u00ed, pot\u00ed\u017ee za\u017e\u00edvaj\u00ed se sv\u00fdmi pomocn\u00edky nejen posti\u017een\u00ed dosp\u011bl\u00ed, ale i d\u011bti.  <br><br>Jana SIROTKOV\u00c1, \u0159editelka, spole\u010dnost Pestr\u00e1  <br>Diskriminace nast\u00e1v\u00e1 v t\u00e9 ve\u0159ejn\u00e9 doprav\u011b velmi \u010dasto, pak velmi \u010dasto je to i p\u0159\u00edstup do \u0161kol.  <br><br> redaktor  <br>To  v\u0161echno by m\u011bla zcela nov\u00e1 legislativa odstranit a umo\u017enit vycvi\u010den\u00fdm  ps\u016fm handicapovan\u00fdch p\u0159\u00edstup do ve\u0159ejn\u00fdch prostor i dopravy.  <br>Z\u00e1kon se zam\u011b\u0159uje na ty se speci\u00e1ln\u00edm v\u00fdcvikem. Pod tento pojem se v \u010cesku \u0159ad\u00ed psi asisten\u010dn\u00ed, vod\u00edc\u00ed a sign\u00e1ln\u00ed.    <br>M\u00e1 p\u0159esn\u011b stanovit nejen, kam takov\u00fd pes m\u016f\u017ee, ale t\u0159eba i kdo ho m\u016f\u017ee vycvi\u010dit.  <br><br>Jana SIROTKOV\u00c1, \u0159editelka, spole\u010dnost Pestr\u00e1  <br>To jednozna\u010dn\u011b ukazuje na to, \u017ee ten pes byl \u0159\u00e1dn\u011b vycvi\u010den, kvalitn\u011b vycvi\u010den a nen\u00ed nebezpe\u010dn\u00fd pro to okol\u00ed.  <br><br>redaktor  <br>N\u00e1vrh z\u00e1kona p\u0159ipravila skupina poslanc\u016f i kv\u016fli \u00fanorov\u00e9mu p\u0159\u00edpad\u016f, kdy \u0159idi\u010d taxislu\u017eby vyhodil kv\u016fli vod\u00edc\u00edmu psu z vozu nevidomou pasa\u017e\u00e9rku. Na vl\u00e1du se tak dostal po zhruba p\u011bti m\u011bs\u00edc\u00edch.  <br><br>Karel HAVL\u00cd\u010cEK, ministr dopravy, ministr pr\u016fmyslu \/nestr. za ANO\/  <br>Samoz\u0159ejm\u011b  bude o tom diskuse a nech\u0165 prost\u011b se k tomu vyj\u00e1d\u0159\u00ed ti, kte\u0159\u00ed k tomu  maj\u00ed nejbl\u00ed\u017ee, ale mn\u011b se to, zda se to zd\u00e1 logick\u00e9.  <br><br>Lubom\u00edr ZAOR\u00c1LEK, ministr kultury \/\u010cSSD\/  <br>Tohle je v\u011bc, kterou podpo\u0159\u00edm, na tom se pod\u00edlleli taky poslanci soci\u00e1ln\u00ed demokracie.  <br><br>redaktor  <br>Jednozna\u010dn\u011b  pro z\u00e1kon je i Marie M\u00e1dlov\u00e1. I ona by pak s Easy mohla v\u0161ude. Nejen  tam, kde asisten\u010dn\u00ed psi nikomu nevad\u00ed. <\/p>\n\n\n\n<p> \u010cesk\u00e1  televize.  <br><\/p>\n","protected":false},"excerpt":{"rendered":"<div class=\"mh-excerpt\"><p>Kdo jsou asisten\u010dn\u00ed, vod\u00edc\u00ed nebo sign\u00e1ln\u00ed psi pro handicapovan\u00e9 a kam v\u0161ude m\u016f\u017eou. Ur\u010dit to m\u00e1 nov\u00fd z\u00e1kon, ke kter\u00e9mu vydala souhlasn\u00e9 stanovisko vl\u00e1da. M\u00e1 <a class=\"mh-excerpt-more\" href=\"https:\/\/www.invarena.cz\/?p=34696\" title=\"Nov\u00fd z\u00e1kon pro asisten\u010dn\u00ed psy\">[&#8230;]<\/a><\/p>\n<\/div>","protected":false},"author":1,"featured_media":30936,"comment_status":"open","ping_status":"closed","sticky":false,"template":"","format":"standard","meta":{"footnotes":""},"categories":[7],"tags":[],"class_list":["post-34696","post","type-post","status-publish","format-standard","has-post-thumbnail","hentry","category-spolecnost"],"_links":{"self":[{"href":"https:\/\/www.invarena.cz\/index.php?rest_route=\/wp\/v2\/posts\/34696","targetHints":{"allow":["GET"]}}],"collection":[{"href":"https:\/\/www.invarena.cz\/index.php?rest_route=\/wp\/v2\/posts"}],"about":[{"href":"https:\/\/www.invarena.cz\/index.php?rest_route=\/wp\/v2\/types\/post"}],"author":[{"embeddable":true,"href":"https:\/\/www.invarena.cz\/index.php?rest_route=\/wp\/v2\/users\/1"}],"replies":[{"embeddable":true,"href":"https:\/\/www.invarena.cz\/index.php?rest_route=%2Fwp%2Fv2%2Fcomments&post=34696"}],"version-history":[{"count":0,"href":"https:\/\/www.invarena.cz\/index.php?rest_route=\/wp\/v2\/posts\/34696\/revisions"}],"wp:featuredmedia":[{"embeddable":true,"href":"https:\/\/www.invarena.cz\/index.php?rest_route=\/wp\/v2\/media\/30936"}],"wp:attachment":[{"href":"https:\/\/www.invarena.cz\/index.php?rest_route=%2Fwp%2Fv2%2Fmedia&parent=34696"}],"wp:term":[{"taxonomy":"category","embeddable":true,"href":"https:\/\/www.invarena.cz\/index.php?rest_route=%2Fwp%2Fv2%2Fcategories&post=34696"},{"taxonomy":"post_tag","embeddable":true,"href":"https:\/\/www.invarena.cz\/index.php?rest_route=%2Fwp%2Fv2%2Ftags&post=34696"}],"curies":[{"name":"wp","href":"https:\/\/api.w.org\/{rel}","templated":true}]}}