{"id":34701,"date":"2020-08-04T11:05:19","date_gmt":"2020-08-04T09:05:19","guid":{"rendered":"http:\/\/www.invarena.cz\/?p=34701"},"modified":"2020-08-04T11:05:21","modified_gmt":"2020-08-04T09:05:21","slug":"slovensko-nechce-vyplacet-prispevek-na-peci-slovakovi-v-cesku","status":"publish","type":"post","link":"https:\/\/www.invarena.cz\/?p=34701","title":{"rendered":"Slovensko nechce vypl\u00e1cet p\u0159\u00edsp\u011bvek na p\u00e9\u010di Slov\u00e1kovi v \u010cesku"},"content":{"rendered":"\n<p>Jedn\u00e1 se o ob\u010dana \u010cesk\u00e9 i Slovensk\u00e9 republiky, kter\u00fd je t\u011blesn\u011b posti\u017een\u00fd, ale p\u0159esto mus\u00ed \u017e\u00edt bez podpory soci\u00e1ln\u00edho syst\u00e9mu Slovensk\u00e9 republiky. Report\u00e1\u017e CT, po\u0159ad \u010cern\u00e9 ovce.<\/p>\n\n\n\n<p>Je  to p\u0159\u00edpad, k jeho\u017e vy\u0159e\u0161en\u00ed \u00fa\u0159ad\u016fm naprosto chyb\u00ed lidsk\u00fd rozm\u011br. Krom\u011b  toho, \u017ee se pan Kohout de facto ocitl mimo syst\u00e9m, na jeho rodinu  dopadaj\u00ed dal\u0161\u00ed velk\u00e9 probl\u00e9my. A v\u0161em hroz\u00ed, \u017ee p\u0159ijdou o d\u016fm.  <br><br>Milo\u0161 KOHOUT, posti\u017een\u00fd ob\u010dan SR  <br>J\u00e1  nem\u00e1m nikoho, kdo by byl schopen se o m\u011b postarat, kdyby se n\u011bco stalo s  rodi\u010dema, nic, j\u00e1 jsem \u00fapln\u011b, \u0159eknu to slu\u0161n\u011b, v pytli.  <br><br>Pan  Kohout \u017eije s rodi\u010di v obci Krums\u00edn nedaleko Prost\u011bjova. Je invalida  t\u0159et\u00edho stupn\u011b a s v\u00e1\u017en\u00fdm posti\u017een\u00edm se u\u017e narodil. Jeho matka je  Slovenka a otec \u010cech. On se narodil a vyr\u016fstal na Slovensku jako ob\u010dan  nejd\u0159\u00edve \u010ceskoslovenska a pot\u00e9 Slovensk\u00e9 republiky. V roce 2012 se s  rodi\u010di p\u0159est\u011bhoval do \u010cech. Tehdy za\u010daly probl\u00e9my. Slovensko panu  Kohoutovi p\u0159estalo vypl\u00e1cet soci\u00e1ln\u00ed p\u0159\u00edsp\u011bvky.  <br><br>Milo\u0161 KOHOUT, posti\u017een\u00fd ob\u010dan SR  <br>V moment\u011b, kdy jsme se p\u0159est\u011bhovali sem, tak na Slovensku mi v\u0161ecko v podstat\u011b anulovali, vzali krom\u011b d\u016fchodu,  <br><br>(REDAKTORKA)  <br>A jak je vysok\u00fd ten d\u016fchod?  <br><br>Milo\u0161 KOHOUT,   <br>330,- EUR.  <br><br>(REDAKTORKA)  <br>A to je teda v\u00e1\u0161 jedin\u00fd p\u0159\u00edjem?  <br><br>Milo\u0161 KOHOUT, posti\u017een\u00fd ob\u010dan SR  <br>To je jedin\u00fd p\u0159\u00edjem, kter\u00fd m\u00e1m.  <br><br>(REDAKTORKA)  <br>\u010cesk\u00e1  republika panu Kohoutovi p\u0159\u00edsp\u011bvek na p\u00e9\u010di vypl\u00e1cet nem\u016f\u017ee, p\u0159esto\u017ee m\u00e1  u\u017e i \u010desk\u00e9 ob\u010danstv\u00ed. Jeho hlavn\u00ed zdravotn\u00ed poji\u0161\u0165ovnou toti\u017e v\u017edy byla  a nav\u017edy bude Slovensk\u00e1 zdravotn\u00ed poji\u0161\u0165ovna. T\u00edm je podle sm\u011brnice  Evropsk\u00e9 unie d\u00e1no, \u017ee p\u0159\u00edsp\u011bvek mu m\u00e1 vypl\u00e1cet Slovensko. Slovensko ale  soci\u00e1ln\u00ed p\u0159\u00edsp\u011bvky do zahrani\u010d\u00ed nevypl\u00e1c\u00ed. Jak je to mo\u017en\u00e9? Povolil mu  to Evropsk\u00fd soudn\u00ed dv\u016fr.  <br><br>Vladim\u00edr \u0158EPKA, mluv\u010d\u00ed, Ministerstvo spravedlnosti  <br>Situace  je pom\u011brn\u011b ne\u0161\u0165astn\u00e1, proto\u017ee on se d\u00edky rozhodnut\u00ed Evropsk\u00e9ho soudn\u00edho  dvora dostal do takov\u00e9ho vlastn\u011b, nazv\u011bme to klidn\u011b vakuum, do vakua,  kdy my s nimi jedn\u00e1me skoro 2,5 roku, od podzimu roku 2016, ale zat\u00edm  bez\u00fasp\u011b\u0161n\u011b.  <br><br>(REDAKTORKA)  <br>P\u0159\u00edsp\u011bvek na p\u00e9\u010di  je ur\u010den\u00fd na \u00fahradu soci\u00e1ln\u00edch slu\u017eeb. Proto\u017ee ho pan Kohout nedost\u00e1v\u00e1,  jsou pro n\u011bj ter\u00e9nn\u00ed i pobytov\u00e9 soci\u00e1ln\u00ed slu\u017eby nedostupn\u00e9.  <br><br>Milo\u0161 KOHOUT, posti\u017een\u00fd ob\u010dan SR  <br>Nikdo  si neum\u00ed p\u0159edstavit, jak\u00fd to je pro m\u011b, d\u00edvat se na unaven\u00fd, vy\u010derpan\u00fd  rodi\u010de a nemoct s n\u00edm nic d\u011blat, a v\u00edte, \u017ee je to va\u0161e vina vlastn\u011b, \u017ee  jsou v takov\u00fdm stavu. Nem\u016f\u017eou si odpo\u010dinout, nem\u016f\u017eou nikam j\u00edt, vlastn\u011b  24 hodin denn\u011b p\u0159i mn\u011b.  <br><br>(REDAKTORKA)  <br>P\u0159ed dv\u011bma lety n\u00e1m na slovensk\u00e9m Ministerstvu pr\u00e1ce, soci\u00e1ln\u00edch v\u011bc\u00ed a rodiny \u0159ekli toto.  <br><br>Michal STU\u0160KA, mluv\u010d\u00ed, Ministerstvo pr\u00e1ce, soci\u00e1ln\u00edch v\u011bc\u00ed a rodiny SR  <br>Moment\u00e1ln\u011b  si analyzujeme tu situaci, proto\u017ee samoz\u0159ejm\u011b hled\u00e1me \u0159e\u0161en\u00ed, kter\u00e9  nenaru\u0161\u00ed filozofii dan\u00e9 legislativy, ale p\u0159itom t\u011bmto lidem pom\u016f\u017ee.  <br><br>(REDAKTORKA)  <br>Zhruba po roce jsme Kohoutovy znovu nav\u0161t\u00edvili. Tak douf\u00e1m, \u017ee m\u00e1te n\u011bjak\u00fd dobr\u00fd zpr\u00e1vy.  <br><br>Milo\u0161 KOHOUT,   <br>Nem\u00e1m moc dobr\u00fd zpr\u00e1vy, nem\u00e1m, bohu\u017eel, sp\u00ed\u0161 naopak.  <br><br>(REDAKTORKA)  <br>Pan Kohout se je\u0161t\u011b jednou obr\u00e1til na ob\u011b ministerstva pr\u00e1ce a soci\u00e1ln\u00edch v\u011bc\u00ed se \u017e\u00e1dost\u00ed o pomoc.  <br><br>Milo\u0161 KOHOUT,  <br>Ze  slovensk\u00e9ho ministerstva jsem odpov\u011b\u010f nedostal, z \u010desk\u00fdho jsem sice  odpov\u011b\u010f dostal, ale je to v podstat\u011b sm\u011bsice zn\u00e1m\u00fdch fakt\u016f.  <br><br>Ji\u0159\u00ed VA\u0147\u00c1SEK, n\u00e1m\u011bstek pro \u0159\u00edzen\u00ed sekce zam\u011bstnanosti a nepojistn\u00fdch soci\u00e1ln\u00edch d\u00e1vek, Ministerstvo pr\u00e1ce a soci\u00e1ln\u00edch v\u011bc\u00ed \u010cR  <br>My  jsme zaslali vlastn\u011b slovensk\u00e9 stran\u011b u\u017e 3 konkr\u00e9tn\u00ed varianty, jak  bychom si p\u0159edstavovali \u0159e\u0161it tuhletu ne\u0161\u0165astnou situaci, a v\u011b\u0159\u00edm, \u017ee se  dohodneme na n\u011bjak\u00e9m rozumn\u00e9m \u0159e\u0161en\u00ed tak, abychom t\u011bm lid\u00e9 mohli velmi  rychle pomoci.  <br><br> (REDAKTORKA)  <br>\u017de o probl\u00e9mu v\u011bd\u00ed a pracuj\u00ed na n\u011bm, n\u00e1m loni znovu tvrdili i v Bratislav\u011b.  <br><br>Michal STU\u0160KA, mluv\u010d\u00ed, Ministerstvo pr\u00e1ce, soci\u00e1ln\u00edch v\u011bc\u00ed a rodiny SR  <br>Nechceme d\u00e1vat nerealistick\u00e9, nesplniteln\u00e9 sliby, ale mysl\u00edme si, \u017ee v\u011bt\u0161ina t\u00e9 komunikace u\u017e je za n\u00e1mi.  <br><br>(REDAKTORKA)  <br>Uplynul rok a my jsme znovu v Krums\u00edn\u011b. Jdeme se zeptat pana Kohouta, jestli jsou u\u017e jeho probl\u00e9my vy\u0159e\u0161en\u00e9.  <br><br>Milo\u0161 KOHOUT, posti\u017een\u00fd ob\u010dan \u010cR a SR  <br>Nezm\u011bnilo se v\u016fbec nic. Vyka\u0161lali se na to, ignorujou to.  <br><br> (REDAKTORKA)  <br>No, ale \u0159\u00edkali p\u0159ed rokem na Slovensku, \u017ee u\u017e u\u017e.  <br><br>Milo\u0161 KOHOUT, posti\u017een\u00fd ob\u010dan \u010cR a SR  <br>No, u\u017e u\u017e, ale to \u0159\u00edkali v\u00e1m do kamery, ale u\u017e u\u017e se nestalo nic.  <br><br> (REDAKTORKA)  <br>Tak\u017ee  pan Kohout je nad\u00e1le v legislativn\u00edm vakuu a mimo dosah soci\u00e1ln\u00edch  slu\u017eeb. Jedin\u00fd, kdo o n\u011bj pe\u010duje, jsou rodi\u010de v seniorsk\u00e9m v\u011bku.  <br><br>Marta KOHOUTOV\u00c1, matka M. Kohouta  <br>Stra\u0161n\u011b m\u011b bol\u00ed ruce, \u010d\u00edm d\u00e1l je to hor\u0161\u00ed, kolikr\u00e1t to m\u00e1m \u00fapln\u011b a\u017e tak napuchl\u00fd a j\u00e1 ho ani nezvednu, to d\u011bl\u00e1 man\u017eel.  <br><br> (REDAKTORKA)  <br>P\u0159ed rokem to vypadalo, \u017ee se schyluje k n\u011bjak\u00e9mu \u0159e\u0161en\u00ed. Tak co se stalo?  <br><br>Kate\u0159ina JIRKOV\u00c1, n\u00e1m\u011bstkyn\u011b Ministerstva pr\u00e1ce a soci\u00e1ln\u00edch v\u011bc\u00ed  <br>My  jsme oslovili Slovenskou republiku s t\u00edm, aby tato dvoustrann\u00e1 dohoda  byla uzav\u0159en\u00e1, aby byly u\u010din\u011bny p\u0159\u00edslu\u0161n\u00e9 kroky, a vlastn\u011b jsme  realizovali od roku 2016 pracovn\u00ed jedn\u00e1n\u00ed, v z\u00e1sad\u011b ta jedn\u00e1n\u00ed se  vyv\u00edjela velmi slibn\u011b, nicm\u00e9n\u011b v rozmez\u00ed, trouf\u00e1m si \u0159\u00edct, uplynul\u00e9ho  roku slovensk\u00e1 strana p\u0159estala reagovat.  <br><br>V\u00e1clav KR\u00c1SA, p\u0159edseda N\u00e1rodn\u00ed rady osob se zdravotn\u00edm posti\u017een\u00edm  <br>My  vlastn\u011b plat\u00edme na\u0161im lidem, kter\u00fd jsou na Slovensku, p\u0159\u00edsp\u011bvek na  p\u00e9\u010di, oni tam maj\u00ed je\u0161t\u011b dokonce sv\u016fj p\u0159\u00edsp\u011bvek na p\u00e9\u010di na Slovensku a  ob\u010dan, kter\u00fd se p\u0159ist\u011bhoval ze Slovenska, nem\u00e1 \u017e\u00e1dn\u00fd p\u0159\u00edsp\u011bvek, proto\u017ee  Slovensko jim odm\u00edt\u00e1 ten p\u0159\u00edsp\u011bvek d\u00e1t, a my tomu nerozum\u00edme.  <br><br> (REDAKTORKA)  <br>Rodina  Kohoutov\u00fdch se nav\u00edc dostala do dal\u0161\u00edch velk\u00fdch probl\u00e9m\u016f. Na pana  Kohouta i jeho rodi\u010de bylo vyd\u00e1no n\u011bkolik exekuc\u00ed kv\u016fli dluh\u016fm za  nebankovn\u00ed p\u016fj\u010dky. Jak velk\u00fd je ten dluh?  <br><br>Milo\u0161 KOHOUT, posti\u017een\u00fd ob\u010dan \u010cR a SR  <br>94 500.  <br><br>(REDAKTORKA)  <br>Komu vlastn\u011b dlu\u017e\u00edte?  <br><br>Milo\u0161 KOHOUT, posti\u017een\u00fd ob\u010dan \u010cR a SR  <br>Jak\u00e9si  firm\u011b, s kterou jsem v \u017eivot\u011b nejednal, v \u017eivot\u011b jsem nikoho z t\u00e9 firmy  nevid\u011bl. J\u00e1 jsem nikdy \u017e\u00e1dnou p\u016fj\u010dku nevzal ani bych nemohl, proto\u017ee  m\u00e1m tak n\u00edzk\u00fd d\u016fchod, \u017ee sotva vyjdu.  <br><br>Marta KOHOUTOV\u00c1, matka M. Kohouta  <br>Nikdy jsem z t\u011bch p\u016fj\u010dek nem\u011bla ani korunu ani jsem ty pen\u00edze nikdy nevid\u011bla.  <br><br> (REDAKTORKA)  <br>Jste to vzala pro n\u011bkoho a on sl\u00edbil, \u017ee to bude spl\u00e1cet?  <br><br>Marta KOHOUTOV\u00c1, matka M. Kohouta  <br>Jo. No, ano, ale jen jednu. T\u0159i p\u016fj\u010dky m\u00e1m bez m\u00e9ho podpisu.  <br><br>(REDAKTORKA)  <br>Kohoutovi  uv\u011b\u0159ili n\u011bkomu, koho dob\u0159e znali. Nakonec podali trestn\u00ed ozn\u00e1men\u00ed na  podez\u0159en\u00ed ze sp\u00e1ch\u00e1n\u00ed trestn\u00e9ho \u010dinu podvodu. Krajsk\u00e9 \u0159editelstv\u00ed  policie Olomouck\u00e9ho kraje n\u00e1m potvrdilo, \u017ee toto trestn\u00ed ozn\u00e1men\u00ed  prov\u011b\u0159uje. Kdy\u017e jsme loni odvys\u00edlali druhou report\u00e1\u017e o panu Kohoutovi,  na Obecn\u00edm \u00fa\u0159adu v Krums\u00edn\u011b se mu sna\u017eili pomoct.  <br><br>Jaroslav ST\u0158EL\u00c1K, starosta Krums\u00edna \/SNK\/  <br>Na  za\u010d\u00e1tku roku 2019 jsme z\u0159\u00eddili se souhlasem Olomouck\u00e9ho kraje  transparentn\u00ed \u00fa\u010det, na tento \u00fa\u010det chodily zpo\u010d\u00e1tku roku finan\u010dn\u00ed  prost\u0159edky pro pana Kohouta a to je tak asi v\u0161echno, co my jsme schopni a  co m\u016f\u017eeme ud\u011blat.  <br><br> (REDAKTORKA)  <br>Pen\u00edze od d\u00e1rc\u016f pomohly rodin\u011b p\u0159e\u010dkat letn\u00ed m\u011bs\u00edce, kdy m\u011bli pan Kohout i jeho matka \u00fa\u010dty obstaven\u00e9 kv\u016fli exekuc\u00edm.  <br><br>Milo\u0161 KOHOUT, posti\u017een\u00fd ob\u010dan \u010cR a SR  <br>J\u00e1  bych cht\u011bl pod\u011bkovat v\u0161em, kter\u00fd na ten \u00fa\u010det aspo\u0148 trochu p\u0159isp\u011bli. N\u00e1m  to stra\u0161n\u011b pomohlo, \/nesrozumiteln\u00e9\/, kdybych jeden \u010das ten  transparentn\u00ed \u00fa\u010det nem\u011bl a nevybral ho, tak nem\u00e1me z \u010deho \u017e\u00edt.  <br><br>Miloslav KOHOUT, otec M. Kohouta  <br>Jsme vlastn\u011b \u017eili jenom z m\u00fdho d\u016fchodu, tak\u017ee p\u0159ed p\u0159\u00edchodem dal\u0161\u00edho d\u016fchodu jsme u\u017e kolikr\u00e1t byli r\u00e1di, \u017ee m\u00e1me na chleba.  <br><br> (REDAKTORKA)  <br>Zd\u00e1lo by se, \u017ee nemohlo b\u00fdt h\u016f\u0159. P\u0159i\u0161la ale dal\u0161\u00ed r\u00e1na. Exeku\u010dn\u00ed p\u0159\u00edkaz k proveden\u00ed exekuce prodejem nemovitosti.  <br><br>Milo\u0161 KOHOUT, posti\u017een\u00fd ob\u010dan \u010cR a SR  <br>Pob\u00fdv\u00e1me si v p\u011bkn\u00fdm domku a j\u00e1 nev\u00edm, jestli je\u0161t\u011b z\u00edtra budu v\u016fbec tady sed\u011bt.  <br><br> (REDAKTORKA)  <br>V  tomto p\u0159\u00edpad\u011b se jedn\u00e1 o dluh ze dvou \u00fav\u011br\u016f, kter\u00e9 si vzal otec pana  Kohouta u spole\u010dnosti Home Credit pro n\u011bkoho, komu uv\u011b\u0159il, \u017ee v\u0161e \u0159\u00e1dn\u011b  splat\u00ed.  <br><br>Miloslav KOHOUT, otec M. Kohouta  <br>Nem\u00e1m na to ani slov. J\u00e1 ani nev\u00edm, co na to m\u00e1m \u0159\u00edct. To bol\u00ed prost\u011b, no.  <br><br>Marta KOHOUTOV\u00c1, matka M. Kohouta  <br>Nev\u00edm, co se s t\u00edm d\u00e1 d\u011blat.  <br><br> (REDAKTORKA)  <br>Kam byste mohli j\u00edt?  <br><br>Marta KOHOUTOV\u00c1, matka M. Kohouta  <br>Nikam.  Nem\u00e1me kam j\u00edt. My jsme si to brali, ten d\u016fm, jako kv\u016fli synovi, jakou  upravili jsme si ho bezbari\u00e9rov\u011b jako, a jinak nem\u00e1me kam j\u00edt.  <br><br> (REDAKTORKA)  <br>Kdy\u017e jsme z Krums\u00edna odj\u00ed\u017ed\u011bli, zd\u00e1la se situace pana Kohouta a jeho rodi\u010d\u016f bezv\u00fdchodn\u00e1.  <br><br>V\u00e1clav KR\u00c1SA, p\u0159edseda N\u00e1rodn\u00ed rady osob se zdravotn\u00edm posti\u017een\u00edm  <br>Opravdu  ho to ohro\u017euje na \u017eivot\u011b a je pot\u0159eba, aby si to ka\u017ed\u00fd uv\u011bdomil. M\u011bl by  po\u017e\u00e1dat exekutora o odklad exeku\u010dn\u00edho v\u00fdkonu a d\u00e1t k tomu p\u0159edev\u0161\u00edm to  vyj\u00e1d\u0159en\u00ed, \u017ee je t\u011b\u017ece zdravotn\u011b posti\u017een\u00fd, \u017ee tam je podvod, \u017ee to \u0161et\u0159\u00ed policie.  <br><br>(REDAKTORKA)  <br>V  prosinci poslala pan\u00ed Kohoutov\u00e1 na p\u0159\u00edslu\u0161n\u00fd exekutorsk\u00fd \u00fa\u0159ad \u017e\u00e1dost o  \u010d\u00e1ste\u010dn\u00e9 zastaven\u00ed exekuce. V takov\u00fdch p\u0159\u00edpadech plat\u00ed, \u017ee se exekutor  obr\u00e1t\u00ed na opr\u00e1vn\u011bn\u00e9ho neboli v\u011b\u0159itele s dotazem, jestli s n\u00e1vrhem na  zastaven\u00ed exekuce souhlas\u00ed. Ze spole\u010dnosti Home Credit n\u00e1m napsali.  <br><br>redaktorka, citace: Linda BILAL, mluv\u010d\u00ed Home Credit a.s.  <br>Na z\u00e1klad\u011b va\u0161ich informac\u00ed jsme se rozhodli vyj\u00edt klientovi vst\u0159\u00edc nad r\u00e1mec b\u011b\u017en\u00e9ho jedn\u00e1n\u00ed a pozastavit dra\u017ebu.  <br><br>(REDAKTORKA)  <br>To n\u00e1m potvrdili i z Exekutorsk\u00e9 komory \u010cesk\u00e9 republiky.  <br><br>mluv\u010d\u00ed  <br>Opr\u00e1vn\u011bn\u00fd  vyj\u00e1d\u0159il s \u010d\u00e1ste\u010dn\u00fdm zastaven\u00edm exekuce co do proveden\u00ed exekuce  prodejem nemovit\u00fdch v\u011bc\u00ed souhlas. Exekuce byla v tomto rozsahu \u010d\u00e1ste\u010dn\u011b  zastavena a k prodeji nemovitost\u00ed povinn\u00e9ho nedojde.  <br><br> (REDAKTORKA)  <br>Kohoutovi  si tedy mohli t\u011bsn\u011b p\u0159ed V\u00e1nocemi aspo\u0148 trochu oddechnout. Kv\u016fli t\u00e9to  exekuci o d\u016fm nep\u0159ijdou. Je ale t\u0159eba \u0159\u00edct, \u017ee dluhy, kter\u00e9 u  spole\u010dnosti maj\u00ed, t\u00edm smazan\u00e9 nejsou a oni se budou muset nejen s t\u00edmto,  ale i s dal\u0161\u00edmi v\u011b\u0159iteli dohodnout. Finan\u010dn\u00ed situace rodiny je nad\u00e1le  \u0161patn\u00e1. To si uv\u011bdomili i v N\u00e1rodn\u00ed rad\u011b zdravotn\u011b posti\u017een\u00fdch.  <br><br>V\u00e1clav KR\u00c1SA, p\u0159edseda N\u00e1rodn\u00ed rady osob se zdravotn\u00edm posti\u017een\u00edm  <br>V\u00edm,  \u017ee pan Kohout m\u00e1 ten transparentn\u00ed \u00fa\u010det, my jsme se rozhodli v N\u00e1rodn\u00ed  rad\u011b, \u017ee bychom p\u0159isp\u011bli asi 25 000, je to 10 % na\u0161eho \u00fa\u010dtu sb\u00edrkov\u00e9ho.   <br><br> (REDAKTORKA)  <br>Budou je\u0161t\u011b dlouho panu  Kohoutovi m\u00edsto st\u00e1tu, a\u0165 u\u017e kter\u00e9hokoliv, pom\u00e1hat jen ob\u010dan\u00e9 a  instituce sv\u00fdmi dary? Jedeme znovu do Bratislavy na Ministerstvo pr\u00e1ce,  soci\u00e1ln\u00edch v\u011bc\u00ed a rodiny. Jak u\u017e v\u00edme, Slovensko nevypl\u00e1c\u00ed p\u0159\u00edsp\u011bvek na  p\u00e9\u010di, kter\u00fd pan Kohout nutn\u011b pot\u0159ebuje, do zahrani\u010d\u00ed tak jako ostatn\u00ed  zem\u011b Evropsk\u00e9 unie. P\u0159ed rokem to vypadalo, \u017ee \u0159e\u0161en\u00ed u\u017e je na spadnut\u00ed.   <br><br>Michal STU\u0160KA, mluv\u010d\u00ed, Ministerstvo pr\u00e1ce, soci\u00e1ln\u00edch v\u011bc\u00ed a rodiny SR  <br>P\u0159ed  rokem byla ambice Ministerstva pr\u00e1ce a jeho veden\u00ed p\u0159evz\u00edt jako kdyby  problematiku gentlemansky pod svoje k\u0159\u00eddla a p\u0159ij\u00edt s p\u0159\u00edpadn\u011b  legislativou, jakoukoli syst\u00e9movou zm\u011bnou, kter\u00e1 tyto p\u0159\u00edpady dostate\u010dn\u011b  vy\u0159e\u0161\u00ed. V mezi\u010dase v\u0161ak v\u0161ecky pr\u00e1vn\u00ed anal\u00fdzy uk\u00e1zaly, \u017ee nen\u00ed mo\u017en\u00e9 to  \u0159e\u0161it ani legislativn\u00ed zm\u011bnou na Slovensku.  <br><br> (REDAKTORKA)  <br>Nen\u00ed n\u011bjak\u00e1 vize, \u017ee by Slovensko se cht\u011blo p\u0159ibl\u00ed\u017eit k t\u00e9 evropsk\u00e9 legislativ\u011b? Budete trvat na sv\u00e9 v\u00fdjimce?  <br><br>Michal STU\u0160KA, mluv\u010d\u00ed, Ministerstvo pr\u00e1ce, soci\u00e1ln\u00edch v\u011bc\u00ed a rodiny SR  <br>Trv\u00e1me  na t\u00e9 v\u00fdjimce, proto\u017ee byla dlouho samoz\u0159ejm\u011b argumentovan\u00e1 a m\u00e1 svoje  racion\u00e1ln\u00ed z\u00e1klady, tak\u017ee proto ta snaha bude zabezpe\u010dit to \u0159e\u0161en\u00ed v  jednotliv\u00fdch p\u0159\u00edpadech, v\u00fdhradn\u011b tou slovenskou a \u010deskou stranou  prost\u0159ednictv\u00edm bilater\u00e1ln\u00ed smlouvy.  <br><br> (REDAKTORKA)  <br>P\u0159\u00edb\u011bh  pana kohouta sledujeme u\u017e 2 roky. \u010cesk\u00e9 a slovensk\u00e9 ministerstvo spolu  zat\u00edm chv\u00edlemi jednaj\u00ed a chv\u00edlemi zase nejednaj\u00ed, ale ka\u017edop\u00e1dn\u011b se  nezd\u00e1, \u017ee by to v\u0161echno m\u011blo m\u00edt n\u011bjak\u00fd konkr\u00e9tn\u00ed v\u00fdsledek. Nejen sem,  ale i za panem Kohoutem do Krums\u00edna se ur\u010dit\u011b je\u0161t\u011b vr\u00e1t\u00edme.  <br><br>Milo\u0161 KOHOUT, posti\u017een\u00fd ob\u010dan \u010cR a SR  <br>J\u00e1 bych stra\u0161n\u011b cht\u011bl poprosit n\u011bkoho, proboha, zakro\u010dte u\u017e. J\u00e1 u\u017e prost\u011b nem\u016f\u017eu .<\/p>\n","protected":false},"excerpt":{"rendered":"<div class=\"mh-excerpt\"><p>Jedn\u00e1 se o ob\u010dana \u010cesk\u00e9 i Slovensk\u00e9 republiky, kter\u00fd je t\u011blesn\u011b posti\u017een\u00fd, ale p\u0159esto mus\u00ed \u017e\u00edt bez podpory soci\u00e1ln\u00edho syst\u00e9mu Slovensk\u00e9 republiky. Report\u00e1\u017e CT, po\u0159ad <a class=\"mh-excerpt-more\" href=\"https:\/\/www.invarena.cz\/?p=34701\" title=\"Slovensko nechce vypl\u00e1cet p\u0159\u00edsp\u011bvek na p\u00e9\u010di Slov\u00e1kovi v \u010cesku\">[&#8230;]<\/a><\/p>\n<\/div>","protected":false},"author":1,"featured_media":12139,"comment_status":"open","ping_status":"closed","sticky":false,"template":"","format":"standard","meta":{"footnotes":""},"categories":[7],"tags":[],"class_list":["post-34701","post","type-post","status-publish","format-standard","has-post-thumbnail","hentry","category-spolecnost"],"_links":{"self":[{"href":"https:\/\/www.invarena.cz\/index.php?rest_route=\/wp\/v2\/posts\/34701","targetHints":{"allow":["GET"]}}],"collection":[{"href":"https:\/\/www.invarena.cz\/index.php?rest_route=\/wp\/v2\/posts"}],"about":[{"href":"https:\/\/www.invarena.cz\/index.php?rest_route=\/wp\/v2\/types\/post"}],"author":[{"embeddable":true,"href":"https:\/\/www.invarena.cz\/index.php?rest_route=\/wp\/v2\/users\/1"}],"replies":[{"embeddable":true,"href":"https:\/\/www.invarena.cz\/index.php?rest_route=%2Fwp%2Fv2%2Fcomments&post=34701"}],"version-history":[{"count":0,"href":"https:\/\/www.invarena.cz\/index.php?rest_route=\/wp\/v2\/posts\/34701\/revisions"}],"wp:featuredmedia":[{"embeddable":true,"href":"https:\/\/www.invarena.cz\/index.php?rest_route=\/wp\/v2\/media\/12139"}],"wp:attachment":[{"href":"https:\/\/www.invarena.cz\/index.php?rest_route=%2Fwp%2Fv2%2Fmedia&parent=34701"}],"wp:term":[{"taxonomy":"category","embeddable":true,"href":"https:\/\/www.invarena.cz\/index.php?rest_route=%2Fwp%2Fv2%2Fcategories&post=34701"},{"taxonomy":"post_tag","embeddable":true,"href":"https:\/\/www.invarena.cz\/index.php?rest_route=%2Fwp%2Fv2%2Ftags&post=34701"}],"curies":[{"name":"wp","href":"https:\/\/api.w.org\/{rel}","templated":true}]}}