{"id":34791,"date":"2020-08-24T13:40:31","date_gmt":"2020-08-24T11:40:31","guid":{"rendered":"http:\/\/www.invarena.cz\/?p=34791"},"modified":"2020-08-24T13:40:32","modified_gmt":"2020-08-24T11:40:32","slug":"v-seniorcentru-terezin-nove-poskytuji-odlehcovaci-sluzbu","status":"publish","type":"post","link":"https:\/\/www.invarena.cz\/?p=34791","title":{"rendered":"V SeniorCentru Terez\u00edn nov\u011b poskytuj\u00ed odleh\u010dovac\u00ed slu\u017ebu"},"content":{"rendered":"\n<p>Od 20. \u010dervence SeniorCentrum Terez\u00edn nov\u011b poskytuje ve sv\u00e9m domov\u011b 6 l\u016f\u017eek pro pobytovou odleh\u010dovac\u00ed slu\u017ebu, kter\u00e1 v\u00fdznamn\u011b pom\u00e1h\u00e1 dom\u00e1c\u00edm pe\u010dovatel\u016fm. Domov pro seniory a domov se zvl\u00e1\u0161tn\u00edm re\u017eimem na Kr\u00e9t\u011b t\u00edmto krokem podporuje dom\u00e1c\u00ed p\u00e9\u010di a pom\u00e1h\u00e1 ve chv\u00edl\u00edch, kdy rodina nebo ter\u00e9nn\u00ed slu\u017eba u\u017e nezvl\u00e1d\u00e1 nep\u0159etr\u017eitou p\u00e9\u010di o \u010dlov\u011bka zcela z\u00e1visl\u00e9ho na pomoci druh\u00fdch. Pe\u010duj\u00edc\u00ed osoba tak m\u016f\u017ee vyu\u017e\u00edt tento \u010das na pot\u0159ebn\u00fd odpo\u010dinek nebo k vy\u0159\u00edzen\u00ed soukrom\u00fdch z\u00e1le\u017eitost\u00ed. <br><br>&#8222;V na\u0161em domov\u011b nab\u00edz\u00edme v r\u00e1mci pobytov\u00e9 odleh\u010dovac\u00ed slu\u017eby celkem \u0161est m\u00edst pro klienty, kte\u0159\u00ed jsou z\u00e1visl\u00ed na celodenn\u00ed p\u00e9\u010di, p\u0159i\u010dem\u017e nejdel\u0161\u00ed doba pobytu jsou t\u0159i m\u011bs\u00edce. Z\u00e1jemci mohou kontaktovat na\u0161i soci\u00e1ln\u00ed pracovnici, kter\u00e1 jim se v\u0161\u00edm porad\u00ed a pom\u016f\u017ee,&#8220; popisuje novinku \u0159editelka SeniorCentra Terez\u00edn Eli\u0161ka Svoj\u0161ov\u00e1, DiS.<\/p>\n\n\n\n<p>Odleh\u010dovac\u00ed slu\u017eba v SeniorCentru Terez\u00edn je ur\u010dena osob\u00e1m od 55 let se sn\u00ed\u017eenou sob\u011bsta\u010dnost\u00ed, a to z d\u016fvodu v\u011bku, zdravotn\u00edho posti\u017een\u00ed nebo chronick\u00e9ho onemocn\u011bn\u00ed. Slu\u017eba pom\u00e1h\u00e1 pot\u0159ebn\u00fdm v situac\u00edch, kdy nemohou z d\u016fvodu nep\u0159\u00edzniv\u00e9ho zdravotn\u00edho stavu vyu\u017e\u00edvat ter\u00e9nn\u00ed nebo ambulantn\u00ed slu\u017eby. C\u00edlem pobytov\u00e9 odleh\u010dovac\u00ed slu\u017eby je podporovat klienta v jeho sob\u011bsta\u010dnosti, z\u00e1kladn\u00edch \u00fakonech sebeobsluhy a zachovat st\u00e1vaj\u00edc\u00ed zdravotn\u00ed stav. D\u016fle\u017eit\u00fdm aspektem je tak\u00e9 kontakt s rodinou, p\u0159\u00e1teli a soci\u00e1ln\u00edm prost\u0159ed\u00edm.<\/p>\n\n\n\n<p>Slu\u017eby v domovech pro seniory SeneCura jsou zalo\u017een\u00e9 na propojen\u00ed soci\u00e1ln\u00ed a zdravotn\u00ed p\u00e9\u010de na \u0161pi\u010dkov\u00e9 \u00farovni s d\u016frazem na individu\u00e1ln\u00ed pot\u0159eby, kvalitu a \u00factu. &#8222;Na\u0161e hodnoty jsou jasn\u011b dan\u00e9 \u2013 lidskost, \u00facta a respekt ke klientovi,&#8220; jmenuje \u0159editelka Eli\u0161ka Svoj\u0161ov\u00e1.<\/p>\n\n\n\n<p>V d\u016fsledku st\u00e1rnut\u00ed obyvatel je l\u016f\u017eek v r\u00e1mci odleh\u010dovac\u00edch slu\u017eeb nedostatek. Popt\u00e1vka po nich st\u00e1le roste, a to zejm\u00e9na d\u00edky trendu pe\u010dovat o seniory doma. Dom\u00e1c\u00ed p\u00e9\u010di tak\u00e9 up\u0159ednost\u0148uje soci\u00e1ln\u00ed politika st\u00e1tu, a\u010dkoli nab\u00eddka pobytov\u00fdch odleh\u010dovac\u00edch slu\u017eeb je st\u00e1le n\u00edzk\u00e1. Domov v Terez\u00edn\u011b je po Hradci Kr\u00e1lov\u00e9, Kol\u00edn\u011b a Liberci ji\u017e \u010dtvrt\u00fdm za\u0159\u00edzen\u00edm ze s\u00edt\u011b SeneCura, kter\u00e9 pobytovou odleh\u010dovac\u00ed slu\u017ebu poskytuje. O slu\u017ebu je velk\u00fd z\u00e1jem p\u0159edev\u0161\u00edm v obdob\u00ed letn\u00edch m\u011bs\u00edc\u016f.<\/p>\n\n\n\n<p>SeneCura SeniorCentrum Terez\u00edn nab\u00edz\u00ed soci\u00e1ln\u00ed slu\u017eby Domov pro seniory, Domov se zvl\u00e1\u0161tn\u00edm re\u017eimem (zam\u011b\u0159en\u00fd na p\u00e9\u010di o seniory trp\u00edc\u00ed Alzheimerovou chorobu \u010di jinou formou demence) a nov\u011b poskytuje odleh\u010dovac\u00ed slu\u017ebu. Sv\u00fdm klient\u016fm zaji\u0161\u0165uj\u00ed p\u00e9\u010di 24 hodin 7 dn\u00ed v t\u00fddnu. Krom\u011b zdravotn\u00ed, o\u0161et\u0159ovatelsk\u00e9 a soci\u00e1ln\u00ed p\u00e9\u010de zde naleznete \u0161irokou \u0161k\u00e1lu dopl\u0148kov\u00fdch slu\u017eeb i bohat\u00fd v\u00fdb\u011br volno\u010dasov\u00fdch aktivit. V domov\u011b provozuj\u00ed vlastn\u00ed d\u011btskou skupinu a v p\u0159ilehl\u00e9m lesoparku chovaj\u00ed pon\u00edky pro hipoterapii. C\u00edlem SeniorCenter SeneCura je st\u00e1t se komunitn\u00edmi centry v dan\u00fdch lokalit\u00e1ch a maxim\u00e1ln\u011b podporovat a rozv\u00edjet sou\u017eit\u00ed klient\u016f, jejich p\u0159\u00edbuzn\u00fdch, zam\u011bstnanc\u016f SeneCura, dobrovoln\u00edk\u016f a ve\u0159ejn\u00fdch org\u00e1n\u016f. Za\u0159\u00edzen\u00ed SeneCura jsou zalo\u017eena na partnerstv\u00ed, spolupr\u00e1ci, inovac\u00edch, kvalitn\u00ed p\u00e9\u010di, ale i na vysok\u00e9 kvalit\u011b \u017eivota ve st\u00e1\u0159\u00ed.<\/p>\n\n\n\n<p>Jana Bar\u010d\u00e1kov\u00e1  <\/p>\n\n\n\n<p>Litom\u011b\u0159ick\u00fd den\u00edk<\/p>\n\n\n\n<p><a rel=\"noreferrer noopener\" aria-label=\" (otev\u0159e se na nov\u00e9 z\u00e1lo\u017ece)\" href=\"https:\/\/litomericky.denik.cz\/\" target=\"_blank\">https:\/\/litomericky.denik.cz\/<\/a><\/p>\n","protected":false},"excerpt":{"rendered":"<div class=\"mh-excerpt\"><p>Od 20. \u010dervence SeniorCentrum Terez\u00edn nov\u011b poskytuje ve sv\u00e9m domov\u011b 6 l\u016f\u017eek pro pobytovou odleh\u010dovac\u00ed slu\u017ebu, kter\u00e1 v\u00fdznamn\u011b pom\u00e1h\u00e1 dom\u00e1c\u00edm pe\u010dovatel\u016fm. Domov pro seniory a <a class=\"mh-excerpt-more\" href=\"https:\/\/www.invarena.cz\/?p=34791\" title=\"V SeniorCentru Terez\u00edn nov\u011b poskytuj\u00ed odleh\u010dovac\u00ed slu\u017ebu\">[&#8230;]<\/a><\/p>\n<\/div>","protected":false},"author":1,"featured_media":4002,"comment_status":"open","ping_status":"closed","sticky":false,"template":"","format":"standard","meta":{"footnotes":""},"categories":[9],"tags":[],"class_list":["post-34791","post","type-post","status-publish","format-standard","has-post-thumbnail","hentry","category-zpravy"],"_links":{"self":[{"href":"https:\/\/www.invarena.cz\/index.php?rest_route=\/wp\/v2\/posts\/34791","targetHints":{"allow":["GET"]}}],"collection":[{"href":"https:\/\/www.invarena.cz\/index.php?rest_route=\/wp\/v2\/posts"}],"about":[{"href":"https:\/\/www.invarena.cz\/index.php?rest_route=\/wp\/v2\/types\/post"}],"author":[{"embeddable":true,"href":"https:\/\/www.invarena.cz\/index.php?rest_route=\/wp\/v2\/users\/1"}],"replies":[{"embeddable":true,"href":"https:\/\/www.invarena.cz\/index.php?rest_route=%2Fwp%2Fv2%2Fcomments&post=34791"}],"version-history":[{"count":0,"href":"https:\/\/www.invarena.cz\/index.php?rest_route=\/wp\/v2\/posts\/34791\/revisions"}],"wp:featuredmedia":[{"embeddable":true,"href":"https:\/\/www.invarena.cz\/index.php?rest_route=\/wp\/v2\/media\/4002"}],"wp:attachment":[{"href":"https:\/\/www.invarena.cz\/index.php?rest_route=%2Fwp%2Fv2%2Fmedia&parent=34791"}],"wp:term":[{"taxonomy":"category","embeddable":true,"href":"https:\/\/www.invarena.cz\/index.php?rest_route=%2Fwp%2Fv2%2Fcategories&post=34791"},{"taxonomy":"post_tag","embeddable":true,"href":"https:\/\/www.invarena.cz\/index.php?rest_route=%2Fwp%2Fv2%2Ftags&post=34791"}],"curies":[{"name":"wp","href":"https:\/\/api.w.org\/{rel}","templated":true}]}}