{"id":34822,"date":"2020-09-02T12:59:16","date_gmt":"2020-09-02T10:59:16","guid":{"rendered":"http:\/\/www.invarena.cz\/?p=34822"},"modified":"2020-09-02T12:59:17","modified_gmt":"2020-09-02T10:59:17","slug":"czechtourism-7-statecnych-v-centru-prahy-1000-km-na-voziku-za-12-hodin","status":"publish","type":"post","link":"https:\/\/www.invarena.cz\/?p=34822","title":{"rendered":"CzechTourism 7 state\u010dn\u00fdch v centru Prahy. 1000 km na voz\u00edku za 12 hodin!"},"content":{"rendered":"\n<p>V sobotu 12. z\u00e1\u0159\u00ed se v centru Prahy na N\u00e1m\u011bst\u00ed Republiky uskute\u010dn\u00ed unik\u00e1tn\u00ed sportovn\u011b benefi\u010dn\u00ed projekt CzechTourism 7 state\u010dn\u00fdch. Sedm &#8222;state\u010dn\u00fdch&#8220; t\u00fdm\u016f po sedmi sportovc\u00edch se na sedmi trena\u017e\u00e9rech simuluj\u00edc\u00edch j\u00edzdu na invalidn\u00edm voz\u00edku pokus\u00ed spole\u010dn\u011b najet 1000  kilometr\u016f b\u011bhem 12 hodin. Pokud se jim to povede, z\u00edskaj\u00ed 70 tis\u00edc pro handicapovan\u00e9 d\u011bti v r\u00e1mci sb\u00edrky Lvice 2020. <br> <br>Jednotliv\u00e9 t\u00fdmy tvo\u0159\u00ed mu\u017ei i \u017eeny, zdrav\u00ed i handicapovan\u00ed. Krom\u011b pomoci d\u011btem se organiz\u00e1to\u0159i ze skupiny Cesta za snem sna\u017e\u00ed uk\u00e1zat ve\u0159ejnosti, \u017ee lid\u00e9 s handicapem i bez n\u011bj mohou tvo\u0159it funguj\u00edc\u00ed t\u00fdm.<\/p>\n\n\n\n<p>V sobotu 12. z\u00e1\u0159\u00ed tak m\u016f\u017eete p\u0159ij\u00edt na N\u00e1m\u011bst\u00ed Republiky podpo\u0159it ty, kdo se do dvan\u00e1ctihodinov\u00e9 j\u00edzdy zapojili. Z\u00e1vod za\u010dne v sedm hodin r\u00e1no a unik\u00e1tn\u00ed trena\u017e\u00e9ry se nezastav\u00ed do sedmi hodin ve\u010der. Jednotliv\u00e9 t\u00fdmy budou sout\u011b\u017eit mezi sebou v maxim\u00e1ln\u00edm n\u00e1jezdu kilometr\u016f, ale jejich c\u00edl bude m\u00edt spole\u010dn\u00fd jmenovatel. Pomoc handicapovan\u00fdm d\u011btem.<\/p>\n\n\n\n<p>Zapojit se ale m\u016f\u017ee ka\u017ed\u00fd! Na N\u00e1m\u011bst\u00ed Republiky budou k dispozici tak\u00e9 trena\u017e\u00e9ry ur\u010deny pro ve\u0159ejnost. Ka\u017ed\u00fd m\u00e1 tak mo\u017enost vyzkou\u0161et si simulaci j\u00edzdy na voz\u00edku a najet kilometry pro d\u011bti. Sou\u010d\u00e1st\u00ed dne bude audiovizu\u00e1ln\u00ed v\u00fdstava fotografi\u00ed a video spot\u016f reprezentuj\u00edc\u00ed \u010cesko pod patronac\u00ed CzechTourism a Ministerstva pro m\u00edstn\u00ed rozvoj.<\/p>\n\n\n\n<p>V sobotu 12. z\u00e1\u0159\u00ed p\u0159ij\u010fte podpo\u0159it sedm state\u010dn\u00fdch a sta\u0148te se jedn\u00edm z nich i vy. V\u00edce informac\u00ed naleznete na <a href=\"http:\/\/www.cestazasnem.cz\" target=\"_blank\" rel=\"noreferrer noopener\" aria-label=\"www.cestazasnem.cz (otev\u0159e se na nov\u00e9 z\u00e1lo\u017ece)\">www.cestazasnem.cz<\/a><\/p>\n\n\n\n<p>Pra\u017esk\u00fd den\u00edk<\/p>\n\n\n\n<p><a rel=\"noreferrer noopener\" aria-label=\" (otev\u0159e se na nov\u00e9 z\u00e1lo\u017ece)\" href=\"http:\/\/www.prazsky.denik.cz\/\" target=\"_blank\">http:\/\/www.prazsky.denik.cz\/<\/a><\/p>\n","protected":false},"excerpt":{"rendered":"<div class=\"mh-excerpt\"><p>V sobotu 12. z\u00e1\u0159\u00ed se v centru Prahy na N\u00e1m\u011bst\u00ed Republiky uskute\u010dn\u00ed unik\u00e1tn\u00ed sportovn\u011b benefi\u010dn\u00ed projekt CzechTourism 7 state\u010dn\u00fdch. Sedm &#8222;state\u010dn\u00fdch&#8220; t\u00fdm\u016f po sedmi sportovc\u00edch <a class=\"mh-excerpt-more\" href=\"https:\/\/www.invarena.cz\/?p=34822\" title=\"CzechTourism 7 state\u010dn\u00fdch v centru Prahy. 1000 km na voz\u00edku za 12 hodin!\">[&#8230;]<\/a><\/p>\n<\/div>","protected":false},"author":1,"featured_media":1804,"comment_status":"open","ping_status":"closed","sticky":false,"template":"","format":"standard","meta":{"footnotes":""},"categories":[9],"tags":[],"class_list":["post-34822","post","type-post","status-publish","format-standard","has-post-thumbnail","hentry","category-zpravy"],"_links":{"self":[{"href":"https:\/\/www.invarena.cz\/index.php?rest_route=\/wp\/v2\/posts\/34822","targetHints":{"allow":["GET"]}}],"collection":[{"href":"https:\/\/www.invarena.cz\/index.php?rest_route=\/wp\/v2\/posts"}],"about":[{"href":"https:\/\/www.invarena.cz\/index.php?rest_route=\/wp\/v2\/types\/post"}],"author":[{"embeddable":true,"href":"https:\/\/www.invarena.cz\/index.php?rest_route=\/wp\/v2\/users\/1"}],"replies":[{"embeddable":true,"href":"https:\/\/www.invarena.cz\/index.php?rest_route=%2Fwp%2Fv2%2Fcomments&post=34822"}],"version-history":[{"count":0,"href":"https:\/\/www.invarena.cz\/index.php?rest_route=\/wp\/v2\/posts\/34822\/revisions"}],"wp:featuredmedia":[{"embeddable":true,"href":"https:\/\/www.invarena.cz\/index.php?rest_route=\/wp\/v2\/media\/1804"}],"wp:attachment":[{"href":"https:\/\/www.invarena.cz\/index.php?rest_route=%2Fwp%2Fv2%2Fmedia&parent=34822"}],"wp:term":[{"taxonomy":"category","embeddable":true,"href":"https:\/\/www.invarena.cz\/index.php?rest_route=%2Fwp%2Fv2%2Fcategories&post=34822"},{"taxonomy":"post_tag","embeddable":true,"href":"https:\/\/www.invarena.cz\/index.php?rest_route=%2Fwp%2Fv2%2Ftags&post=34822"}],"curies":[{"name":"wp","href":"https:\/\/api.w.org\/{rel}","templated":true}]}}