{"id":34837,"date":"2020-09-03T17:53:48","date_gmt":"2020-09-03T15:53:48","guid":{"rendered":"http:\/\/www.invarena.cz\/?p=34837"},"modified":"2020-09-03T17:53:49","modified_gmt":"2020-09-03T15:53:49","slug":"verejny-ochrance-prav-pri-rozhodovani-o-prispevku-na-peci-jsou-zasadni-dopady-onemocneni-na-schopnost-zit-bez-pomoci","status":"publish","type":"post","link":"https:\/\/www.invarena.cz\/?p=34837","title":{"rendered":"Ve\u0159ejn\u00fd ochr\u00e1nce pr\u00e1v: P\u0159i rozhodov\u00e1n\u00ed o p\u0159\u00edsp\u011bvku na p\u00e9\u010di jsou z\u00e1sadn\u00ed dopady onemocn\u011bn\u00ed na schopnost \u017e\u00edt bez pomoci"},"content":{"rendered":"\n<p>Na za\u010d\u00e1tku m\u011bl 88let\u00fd pan Martin p\u0159\u00edsp\u011bvek na p\u00e9\u010di 880 K\u010d m\u011bs\u00ed\u010dn\u011b. P\u0159itom byl trvale le\u017e\u00edc\u00ed s v\u00e1\u017en\u00fdm posti\u017een\u00edm ky\u010deln\u00edch kloub\u016f, plicn\u00edm a c\u00e9vn\u00edm onemocn\u011bn\u00edm a m\u00edrnou demenc\u00ed. Proti rozhodnut\u00ed \u00da\u0159adu pr\u00e1ce se odvolal, ale neusp\u011bl. Na konci mu byl p\u0159izn\u00e1n p\u0159\u00edsp\u011bvek na p\u00e9\u010di 12 800 K\u010d m\u011bs\u00ed\u010dn\u011b a ombudsman mohl p\u0159\u00edpad uzav\u0159\u00edt.<br><br>Cel\u00fd \u010dl\u00e1nek naleznete v Parlamentn\u00edch Listech: <a href=\"https:\/\/www.parlamentnilisty.cz\/zpravy\/tiskovezpravy\/Verejny-ochrance-prav-Pri-rozhodovani-o-prispevku-na-peci-jsou-zasadni-dopady-onemocneni-na-schopnost-zit-bez-pomoci-635658\" target=\"_blank\" rel=\"noreferrer noopener\" aria-label=\" (otev\u0159e se na nov\u00e9 z\u00e1lo\u017ece)\">https:\/\/www.parlamentnilisty.cz\/zpravy\/tiskovezpravy\/Verejny-ochrance-prav-Pri-rozhodovani-o-prispevku-na-peci-jsou-zasadni-dopady-onemocneni-na-schopnost-zit-bez-pomoci-635658<\/a><\/p>\n","protected":false},"excerpt":{"rendered":"<div class=\"mh-excerpt\"><p>Na za\u010d\u00e1tku m\u011bl 88let\u00fd pan Martin p\u0159\u00edsp\u011bvek na p\u00e9\u010di 880 K\u010d m\u011bs\u00ed\u010dn\u011b. P\u0159itom byl trvale le\u017e\u00edc\u00ed s v\u00e1\u017en\u00fdm posti\u017een\u00edm ky\u010deln\u00edch kloub\u016f, plicn\u00edm a c\u00e9vn\u00edm onemocn\u011bn\u00edm <a class=\"mh-excerpt-more\" href=\"https:\/\/www.invarena.cz\/?p=34837\" title=\"Ve\u0159ejn\u00fd ochr\u00e1nce pr\u00e1v: P\u0159i rozhodov\u00e1n\u00ed o p\u0159\u00edsp\u011bvku na p\u00e9\u010di jsou z\u00e1sadn\u00ed dopady onemocn\u011bn\u00ed na schopnost \u017e\u00edt bez pomoci\">[&#8230;]<\/a><\/p>\n<\/div>","protected":false},"author":1,"featured_media":14570,"comment_status":"open","ping_status":"closed","sticky":false,"template":"","format":"standard","meta":{"footnotes":""},"categories":[9],"tags":[],"class_list":["post-34837","post","type-post","status-publish","format-standard","has-post-thumbnail","hentry","category-zpravy"],"_links":{"self":[{"href":"https:\/\/www.invarena.cz\/index.php?rest_route=\/wp\/v2\/posts\/34837","targetHints":{"allow":["GET"]}}],"collection":[{"href":"https:\/\/www.invarena.cz\/index.php?rest_route=\/wp\/v2\/posts"}],"about":[{"href":"https:\/\/www.invarena.cz\/index.php?rest_route=\/wp\/v2\/types\/post"}],"author":[{"embeddable":true,"href":"https:\/\/www.invarena.cz\/index.php?rest_route=\/wp\/v2\/users\/1"}],"replies":[{"embeddable":true,"href":"https:\/\/www.invarena.cz\/index.php?rest_route=%2Fwp%2Fv2%2Fcomments&post=34837"}],"version-history":[{"count":0,"href":"https:\/\/www.invarena.cz\/index.php?rest_route=\/wp\/v2\/posts\/34837\/revisions"}],"wp:featuredmedia":[{"embeddable":true,"href":"https:\/\/www.invarena.cz\/index.php?rest_route=\/wp\/v2\/media\/14570"}],"wp:attachment":[{"href":"https:\/\/www.invarena.cz\/index.php?rest_route=%2Fwp%2Fv2%2Fmedia&parent=34837"}],"wp:term":[{"taxonomy":"category","embeddable":true,"href":"https:\/\/www.invarena.cz\/index.php?rest_route=%2Fwp%2Fv2%2Fcategories&post=34837"},{"taxonomy":"post_tag","embeddable":true,"href":"https:\/\/www.invarena.cz\/index.php?rest_route=%2Fwp%2Fv2%2Ftags&post=34837"}],"curies":[{"name":"wp","href":"https:\/\/api.w.org\/{rel}","templated":true}]}}