{"id":35046,"date":"2020-10-01T19:36:16","date_gmt":"2020-10-01T17:36:16","guid":{"rendered":"http:\/\/www.invarena.cz\/?p=35046"},"modified":"2020-10-01T19:36:17","modified_gmt":"2020-10-01T17:36:17","slug":"zajem-cechu-o-lecbu-razovou-vlnou-roste-zadaji-ji-tri-z-peti-pacientu","status":"publish","type":"post","link":"https:\/\/www.invarena.cz\/?p=35046","title":{"rendered":"Z\u00e1jem \u010cech\u016f o l\u00e9\u010dbu r\u00e1zovou vlnou roste, \u017e\u00e1daj\u00ed ji t\u0159i z p\u011bti pacient\u016f"},"content":{"rendered":"\n<p>PRAHA, 24.Z\u00c1\u0158\u00cd 2020 \u2013 Informovanost \u010desk\u00fdch l\u00e9ka\u0159\u016f o \u00fa\u010dinc\u00edch fokusovan\u00e9 r\u00e1zov\u00e9 vlny je st\u00e1le n\u00edzk\u00e1. Stoup\u00e1 ale pov\u011bdom\u00ed laick\u00e9 ve\u0159ejnosti \u2013 p\u0159ib\u00fdv\u00e1 lid\u00ed, kte\u0159\u00ed ke sv\u00e9 l\u00e9\u010db\u011b p\u0159istupuj\u00ed aktivn\u011b, cht\u011bj\u00ed maxim\u00e1ln\u00ed efektivitu a o aplikaci r\u00e1zov\u00e9 vlny fyzioterapeuty sami \u017e\u00e1daj\u00ed.<\/p>\n\n\n\n<p>\u201eFokusovanou r\u00e1zovou vlnu vyu\u017e\u00edv\u00e1me pro jej\u00ed rychl\u00fd regenera\u010dn\u00ed efekt jako dopln\u011bk manu\u00e1ln\u00ed terapie. Za dev\u011bt let v provozu ji vyzkou\u0161elo hodn\u011b p\u0159es 10 tis\u00edc pacient\u016f s\u00a0\u00fasp\u011b\u0161nost\u00ed l\u00e9\u010dby a\u017e v 95 procentech p\u0159\u00edpad\u016f. Nejvy\u0161\u0161\u00ed efekt m\u00e1 bezprost\u0159edn\u011b po svalov\u00e9m zran\u011bn\u00ed, ale pom\u00e1h\u00e1 i p\u0159i dlouhotrvaj\u00edc\u00edch bolestech. Nej\u010dast\u011bji ji aplikujeme p\u0159i blok\u00e1d\u011b kloub\u016f p\u00e1te\u0159e nebo \u017eeber, p\u0159i po\u0161kozen\u00ed meziobratlov\u00e9 plot\u00e9nky, nata\u017een\u00fdch vazech v\u00a0koleni \u010di kotn\u00edku, tenisov\u00e9m a o\u0161t\u011bpa\u0159sk\u00e9m lokti, zamrzl\u00e9m rameni, z\u00e1n\u011btu achilovky nebo p\u0159i artr\u00f3ze kloub\u016f. M\u00e9n\u011b zn\u00e1m\u00e9, ale stejn\u011b \u00fa\u010dinn\u00e9 je tak\u00e9 vyu\u017eit\u00ed fokusovan\u00e9 r\u00e1zov\u00e9 vlny p\u0159i l\u00e9\u010db\u011b erektiln\u00edch dysfunkc\u00ed, u poruch p\u00e1nevn\u00edho dna \u010di prostaty a p\u0159i bolestiv\u00e9 menstruaci,\u201c vyjmenovala Iva B\u00edlkov\u00e1, hlavn\u00ed fyzioterapeutka FYZIOkliniky. <\/p>\n\n\n\n<p>Pozitivn\u00ed dopad m\u00e1 podle jej\u00edch zku\u0161enost\u00ed terapie s r\u00e1zovou vlnou i na zlomeniny, bolestiv\u00e9 z\u00e1n\u011bty spojen\u00e9 s patn\u00ed ostruhou a rekonvalescenci po operaci kolene \u010di ramene. \u201eOd roku 2011, kdy se na\u0161e klinika stala centrem terapie r\u00e1zovou vlnou, sledujeme soustavn\u00fd n\u00e1r\u016fst vy\u017e\u00e1dan\u00fdch terapi\u00ed, kde je sou\u010d\u00e1st\u00ed l\u00e9\u010dbyn\u011bjak\u00e1 forma r\u00e1zov\u00e9 vlny. V tuto chv\u00edli to odhaduji na 60 procent na\u0161ich v\u00fdkon\u016f. Zb\u00fdvaj\u00edc\u00edch 40 procent pak p\u0159ipad\u00e1 na \u201aoby\u010dejn\u00e9\u2018 fyzioterapie, manu\u00e1ln\u00ed lymfodren\u00e1\u017ee a mas\u00e1\u017ee,\u201c doplnila fyzioterapeutka.<\/p>\n\n\n\n<p>Pacienti se svalov\u00fdmi a kostern\u00edmi probl\u00e9my se v\u0161ak o nov\u00e9 metod\u011b l\u00e9\u010dby m\u00e1lokdy dozv\u011bd\u00ed od sv\u00fdch l\u00e9ka\u0159\u016f. V\u011bt\u0161ina lid\u00ed \u010derp\u00e1 informace z internetu anebo od sv\u00fdch zn\u00e1m\u00fdch, kte\u0159\u00ed l\u00e9\u010dbu podstoupili. \u201eL\u00e9\u010dba s pomoc\u00ed fokusovan\u00e9 r\u00e1zov\u00e9 vlny st\u00e1le nen\u00ed v \u010cesku tolik roz\u0161\u00ed\u0159en\u00e1. Nap\u0159\u00edklad u zmrzl\u00e9ho ramene, kde je tato l\u00e9\u010dba prokazateln\u011b \u00fa\u010dinn\u00e1 a s vynikaj\u00edc\u00edmi v\u00fdsledky, ji v tuzemsku vyu\u017eije odhadem promile z celkov\u00e9ho po\u010dtu pacient\u016f. Ostatn\u00ed lid\u00e9 odh\u00e1n\u011bj\u00ed bolesti pr\u00e1\u0161ky a injekcemi s kortikoidy. U n\u011bkter\u00fdch jin\u00fdch diagn\u00f3z dokonce podstupuj\u00ed zbyte\u010dn\u011b rutinn\u00ed operace. Na vin\u011b je mal\u00e1 informovanost i ze strany praktick\u00fdch l\u00e9ka\u0159\u016f a cena l\u00e9\u010dby, kterou nepropl\u00e1c\u00ed poji\u0161\u0165ovny. P\u0159itom n\u00e1klady jsou srovnateln\u00e9 a \u201afokuska\u2018 v n\u00e1kladech \u010dasto i v\u00edt\u011bz\u00ed,\u201c m\u00edn\u00ed Iva B\u00edlkov\u00e1.<\/p>\n\n\n\n<p>Nov\u00e1 technologie fokusovan\u00e9 r\u00e1zov\u00e9 vlny nep\u016fsob\u00ed jako analgetikum. Naopak podn\u011bcuje po\u0161kozen\u00e9 m\u00edsto k \u201esamooprav\u011b\u201c, urychluje hojen\u00ed m\u011bkk\u00fdch tk\u00e1n\u00ed a obnovuje hustotu kost\u00ed. D\u00edky p\u0159esn\u011b zac\u00edlen\u00fdm tlakov\u00fdm vln\u00e1m, kter\u00e9 proniknou i hluboko do t\u011bla, je jej\u00ed aplikace neinvazivn\u00edm z\u00e1krokem, kter\u00fd zvy\u0161uje \u00fa\u010dinky manu\u00e1ln\u00ed fyzioterapie a\u017e desetin\u00e1sobn\u011b. \u201eR\u00e1zov\u00e9 vlny nen\u00ed t\u0159eba se b\u00e1t. N\u011bkte\u0159\u00ed pacienti bohu\u017eel v minulosti z\u00edskali \u0161patnou zku\u0161enost z pracovi\u0161\u0165, kde nevhodn\u011b vyu\u017e\u00edvali star\u0161\u00ed typ \u2013 tzv. radi\u00e1ln\u00ed r\u00e1zovou vlnu. Dnes je v\u0161ak vyu\u017e\u00edv\u00e1na p\u0159edev\u0161\u00edm nov\u00e1 technologie fokusovan\u00e9 r\u00e1zov\u00e9 vlny, kter\u00e1 funguje na zcela jin\u00e9m principu, je v\u00fdkonn\u011bj\u0161\u00ed a m\u00e1 v\u00fdborn\u00e9 \u00fa\u010dinky v \u0159ad\u011b svalov\u00fdch, kloubn\u00edch a kostern\u00edch onemocn\u011bn\u00ed. Zvl\u00e1\u0161\u0165 star\u0161\u00ed l\u00e9ka\u0159i jsou k t\u00e9to modern\u00ed l\u00e9\u010db\u011b skepti\u010dt\u00ed a sv\u00e9 pacienty \u201al\u00e9\u010d\u00ed\u2018 kortikoidy. Ty sice pacientovi okam\u017eit\u011b ulev\u00ed, ale ne\u0159e\u0161\u00ed p\u0159\u00ed\u010dinu probl\u00e9mu a bolest se vrac\u00ed. Naopak fokusovan\u00e1 r\u00e1zov\u00e1 vlna p\u0159\u00edmo pom\u00e1h\u00e1 po\u0161kozen\u00e9 tk\u00e1ni v regeneraci,\u201c vysv\u011btlila Iva B\u00edlkov\u00e1.<\/p>\n\n\n\n<p>Aplikaci r\u00e1zov\u00e9 vlny si dnes mus\u00ed pacienti platit ze sv\u00e9ho, jedna 30minutov\u00e1 terapie stoj\u00ed od 1300 korun. Budouc\u00ed spolu\u00fa\u010dast poji\u0161\u0165oven odborn\u00edci nevylu\u010duj\u00ed. \u201eMagnetoterapie, ultrazvuk, laser, to v\u0161e jsou poji\u0161\u0165ovnou propl\u00e1cen\u00e9 star\u00e9 koncepty l\u00e9\u010dby, mnohdy s ni\u017e\u0161\u00edm efektem, ne\u017e nab\u00edz\u00ed fokusovan\u00e1 r\u00e1zov\u00e1 vlna. Tu ji\u017e propl\u00e1c\u00ed n\u011bkter\u00e9 zdravotn\u00ed poji\u0161\u0165ovny v N\u011bmecku, Rakousku a dal\u0161\u00edch zem\u00edch. I u n\u00e1s by bylo jist\u011b hrazen\u00ed poji\u0161\u0165ovnou u n\u011bkter\u00fdch diagn\u00f3z mo\u017en\u00e9. N\u011bkte\u0159\u00ed l\u00e9ka\u0159i se ale podle m\u00e9ho n\u00e1zoru s fokusovanou vlnou neztoto\u017e\u0148uj\u00ed, neznaj\u00ed jej\u00ed princip. Mlad\u00ed l\u00e9ka\u0159i ji pacient\u016fm doporu\u010duj\u00ed, obecn\u011b ale l\u00e9ka\u0159i a fyzioterapeuti maj\u00ed o vyu\u017eit\u00ed r\u00e1zov\u00e9 vlny mal\u00e9 pov\u011bdom\u00ed. Samoz\u0159ejm\u011b by bylo vhodn\u00e9 ud\u011blat f\u00e9rov\u00e9 srovn\u00e1n\u00ed celkov\u00fdch n\u00e1klad\u016f \u201astar\u00e9ho\u2018 a \u201anov\u00e9ho\u2018 postupu l\u00e9\u010dby, tradi\u010dn\u00ed l\u00e9\u010debn\u00fd cyklus versus s pomoc\u00ed r\u00e1zov\u00e9 vlny. Nem\u00e1me informaci, \u017ee by n\u011bkter\u00e1 \u010desk\u00e1 zdravotn\u00ed poji\u0161\u0165ovna toto zkoumala, mysl\u00edm ale, \u017ee by byli velmi p\u0159ekvapeni,\u201c podotkl \u0159editel FYZIOkliniky Zden\u011bk B\u00edlek.<\/p>\n\n\n\n<p>Tiskov\u00e1 zpr\u00e1va<\/p>\n","protected":false},"excerpt":{"rendered":"<div class=\"mh-excerpt\"><p>PRAHA, 24.Z\u00c1\u0158\u00cd 2020 \u2013 Informovanost \u010desk\u00fdch l\u00e9ka\u0159\u016f o \u00fa\u010dinc\u00edch fokusovan\u00e9 r\u00e1zov\u00e9 vlny je st\u00e1le n\u00edzk\u00e1. Stoup\u00e1 ale pov\u011bdom\u00ed laick\u00e9 ve\u0159ejnosti \u2013 p\u0159ib\u00fdv\u00e1 lid\u00ed, kte\u0159\u00ed ke <a class=\"mh-excerpt-more\" href=\"https:\/\/www.invarena.cz\/?p=35046\" title=\"Z\u00e1jem \u010cech\u016f o l\u00e9\u010dbu r\u00e1zovou vlnou roste, \u017e\u00e1daj\u00ed ji t\u0159i z p\u011bti pacient\u016f\">[&#8230;]<\/a><\/p>\n<\/div>","protected":false},"author":1,"featured_media":35047,"comment_status":"open","ping_status":"closed","sticky":false,"template":"","format":"standard","meta":{"footnotes":""},"categories":[9],"tags":[],"class_list":["post-35046","post","type-post","status-publish","format-standard","has-post-thumbnail","hentry","category-zpravy"],"_links":{"self":[{"href":"https:\/\/www.invarena.cz\/index.php?rest_route=\/wp\/v2\/posts\/35046","targetHints":{"allow":["GET"]}}],"collection":[{"href":"https:\/\/www.invarena.cz\/index.php?rest_route=\/wp\/v2\/posts"}],"about":[{"href":"https:\/\/www.invarena.cz\/index.php?rest_route=\/wp\/v2\/types\/post"}],"author":[{"embeddable":true,"href":"https:\/\/www.invarena.cz\/index.php?rest_route=\/wp\/v2\/users\/1"}],"replies":[{"embeddable":true,"href":"https:\/\/www.invarena.cz\/index.php?rest_route=%2Fwp%2Fv2%2Fcomments&post=35046"}],"version-history":[{"count":0,"href":"https:\/\/www.invarena.cz\/index.php?rest_route=\/wp\/v2\/posts\/35046\/revisions"}],"wp:featuredmedia":[{"embeddable":true,"href":"https:\/\/www.invarena.cz\/index.php?rest_route=\/wp\/v2\/media\/35047"}],"wp:attachment":[{"href":"https:\/\/www.invarena.cz\/index.php?rest_route=%2Fwp%2Fv2%2Fmedia&parent=35046"}],"wp:term":[{"taxonomy":"category","embeddable":true,"href":"https:\/\/www.invarena.cz\/index.php?rest_route=%2Fwp%2Fv2%2Fcategories&post=35046"},{"taxonomy":"post_tag","embeddable":true,"href":"https:\/\/www.invarena.cz\/index.php?rest_route=%2Fwp%2Fv2%2Ftags&post=35046"}],"curies":[{"name":"wp","href":"https:\/\/api.w.org\/{rel}","templated":true}]}}