{"id":3506,"date":"2013-04-05T14:54:32","date_gmt":"2013-04-05T12:54:32","guid":{"rendered":"http:\/\/www.invarena.cz\/?p=3506"},"modified":"2013-04-05T14:55:25","modified_gmt":"2013-04-05T12:55:25","slug":"k-hendikepovanym-se-stat-chova-macessky","status":"publish","type":"post","link":"https:\/\/www.invarena.cz\/?p=3506","title":{"rendered":"K hendikepovan\u00fdm se st\u00e1t chov\u00e1 mace\u0161sky"},"content":{"rendered":"<p><strong>Od lo\u0148sk\u00e9ho ledna neblaze dopad\u00e1 na hendikepovan\u00e9 nov\u00e9 nastaven\u00ed posuzov\u00e1n\u00ed n\u00e1roku na p\u0159\u00edsp\u011bvek na p\u00e9\u010di. Hovo\u0159\u00ed o tom \u0161\u00e9f Sdru\u017een\u00ed zast\u00e1nc\u016f d\u011btsk\u00fdch pr\u00e1v Miroslav Proke\u0161<\/strong> <strong>i \u0159editelka Nada\u010dn\u00edho fondu Mi Mundo Perchta Kazi P\u00e1t\u00e1 (foto)<\/strong>.<br \/>\n<!--more--><br \/>\n\u00bbZ\u00e1kladn\u00edm probl\u00e9mem je, \u017ee ministerstvo zm\u011bnilo svou vyhl\u00e1\u0161ku o posuzov\u00e1n\u00ed z\u00e1vislosti za \u00fa\u010delem poskytov\u00e1n\u00ed p\u0159\u00edsp\u011bvk\u016f osob\u00e1m z\u00e1visl\u00fdm na druh\u00fdch osob\u00e1ch. V minulosti bylo 36 krit\u00e9ri\u00ed &#8211; r\u016fzn\u00fdch okruh\u016f \u017eivotn\u00edch situac\u00ed, kter\u00e9 posudkov\u00ed l\u00e9ka\u0159i posuzovali, v sou\u010dasnosti jsou vt\u011bsn\u00e1ny do pouh\u00fdch deseti z\u00e1kladn\u00edch \u017eivotn\u00edch pot\u0159eb.<\/p>\n<p>A tato nov\u011b vytvo\u0159en\u00e1 krit\u00e9ria jsou natolik zjednodu\u0161en\u00e1 a schematick\u00e1, \u017ee posudkov\u00ed l\u00e9ka\u0159i nedok\u00e1\u017eou podle nich, pokud se jimi skute\u010dn\u011b \u0159\u00edd\u00ed, co\u017e mus\u00ed, skute\u010dnou z\u00e1vislost nemocn\u00e9ho ohodnotit. T\u011bmito krit\u00e9rii jsou mobilita, orientace, komunikace, stravov\u00e1n\u00ed, obl\u00e9k\u00e1n\u00ed a obouv\u00e1n\u00ed, t\u011blesn\u00e1 hygiena, v\u00fdkon fyziologick\u00e9 pot\u0159eby, p\u00e9\u010de o zdrav\u00ed, osobn\u00ed aktivity a p\u00e9\u010de o dom\u00e1cnost. Mnoz\u00ed posti\u017een\u00ed se prost\u011b do kolonek nevejdou,\u00ab zd\u016fraznil pro Hal\u00f3 noviny \u0161\u00e9f \u010desk\u00e9 sekce Sdru\u017een\u00ed zast\u00e1nc\u016f d\u011btsk\u00fdch pr\u00e1v (DCI) Miroslav Proke\u0161. Hlavn\u00ed chybu vid\u00ed v tom, \u017ee ministerstvo pr\u00e1ce zm\u011bny nekonzultovalo s odbornou ve\u0159ejnost\u00ed a p\u0159ipravilo je tzv. od stolu.<\/p>\n<p>Na probl\u00e9m dosti r\u00e1zn\u011b upozornili \u00fa\u010dastn\u00edci semin\u00e1\u0159e, kter\u00fd p\u0159ipravilo Sdru\u017een\u00ed zast\u00e1nc\u016f d\u011btsk\u00fdch pr\u00e1v v Sen\u00e1tu. Mnoz\u00ed posti\u017een\u00ed toti\u017e nyn\u00ed dost\u00e1vaj\u00ed mnohem ni\u017e\u0161\u00ed p\u0159\u00edsp\u011bvek ne\u017e v minulosti, a p\u0159itom se \u010dasto neobejdou bez celodenn\u00ed soustavn\u00e9 p\u00e9\u010de druh\u00e9ho \u010dlov\u011bka, nej\u010dast\u011bji jednoho z rodi\u010d\u016f.<\/p>\n<p>\u00bbJsou nap\u0159\u00edklad situace t\u00fdkaj\u00edc\u00ed se jak d\u011bt\u00ed, tak dosp\u011bl\u00fdch, ale u d\u011bt\u00ed je to samoz\u0159ejm\u011b mnohem hor\u0161\u00ed, kdy se p\u0159i posuzov\u00e1n\u00ed mobility nov\u011b stanov\u00ed, zda posti\u017een\u00fd je schopen pomalou\u010dku, s p\u0159est\u00e1vkami uj\u00edt 200 metr\u016f.<\/p>\n<p>N\u011bkdo on\u011bch 200 metr\u016f t\u0159eba i s amputovan\u00fdmi kon\u010detinami skute\u010dn\u011b nakonec ujde, v tom okam\u017eiku pro posudkov\u00e9ho l\u00e9ka\u0159e nen\u00ed d\u00edt\u011b v oblasti mobility na nikom z\u00e1visl\u00e9. A rodi\u010de okam\u017eit\u011b p\u0159ijdou o p\u0159\u00edsp\u011bvek na auto\u2026<\/p>\n<p>Podobn\u011b posudkov\u00ed l\u00e9ka\u0159i bez vlastn\u00edho zavin\u011bn\u00ed z\u00e1zra\u010dn\u00fdm zp\u016fsobem uzdravuj\u00ed spousty posti\u017een\u00fdch. Je\u0161t\u011b snad problemati\u010dt\u011bj\u0161\u00ed je to v oblasti du\u0161evn\u00edch poruch, kdy l\u00e9ka\u0159 podle metodiky t\u0159eba zji\u0161\u0165uje, zda d\u00edt\u011b sly\u0161\u00ed. A kdy\u017e zjist\u00ed, \u017ee mu sluch funguje dob\u0159e, za\u0161krtne, \u017ee oblast sluchu je bez probl\u00e9m\u016f. Ale u\u017e se v\u016fbec nezab\u00fdv\u00e1 t\u00edm, jestli d\u00edt\u011b tomu, co sly\u0161\u00ed, tak\u00e9 rozum\u00ed,\u00ab uvedl p\u0159\u00edklady Proke\u0161.<\/p>\n<p><strong>Situace posti\u017een\u00fdch se zhor\u0161ila <\/strong><\/p>\n<p>Zakladatelka Koalice za lep\u0161\u00ed p\u00e9\u010di, \u0159editelka Nada\u010dn\u00edho fondu Mi Mundo Perchta Kazi P\u00e1t\u00e1 souhlas\u00ed s t\u00edm, \u017ee loni p\u0159ijat\u00e1 novela o soci\u00e1ln\u00edch slu\u017eb\u00e1ch situaci \u00bbv\u00fdrazn\u011b zhor\u0161ila, neumo\u017e\u0148uje objektivn\u00ed posuzov\u00e1n\u00ed posti\u017een\u00fdch pro n\u00e1rok na p\u0159\u00edsp\u011bvek na p\u00e9\u010di, n\u011bkter\u00fdm rodin\u00e1m byl sn\u00ed\u017een, jin\u00e9 o n\u011bj dokonce p\u0159i\u0161ly\u00ab.<\/p>\n<p>Post\u011b\u017eovala si i na nekompetentnost n\u011bkter\u00fdch \u00fa\u0159edn\u00edk\u016f. Sama je matkou autistick\u00e9ho d\u00edt\u011bte, tak\u017ee situaci zn\u00e1 moc dob\u0159e z ka\u017edodenn\u00edho praktick\u00e9ho \u017eivota. S nep\u0159\u00edznivou realitou \u00bbpomoci\u00ab st\u00e1tu se pot\u00fdk\u00e1 doslova denn\u011b stejn\u011b jako dal\u0161\u00ed stovky rodi\u010d\u016f posti\u017een\u00fdch d\u011bt\u00ed. Nejen ona, ale i dal\u0161\u00ed \u00fa\u010dastn\u00edci semin\u00e1\u0159e poukazovali na to, \u017ee \u010cesk\u00e1 republika nedodr\u017euje \u00damluvu o pr\u00e1vech d\u00edt\u011bte.<\/p>\n<p>\u00bbV praxi se ukazuje, \u017ee novela, kter\u00e1 plat\u00ed od ledna 2012, bohu\u017eel neumo\u017e\u0148uje objektivn\u00ed zp\u016fsob posouzen\u00ed n\u00e1roku na p\u0159\u00edsp\u011bvek na p\u00e9\u010di. Stovky p\u0159\u00edjemc\u016f se propadly do ni\u017e\u0161\u00edch kategori\u00ed a p\u0159i\u0161ly a\u017e o t\u0159etinu p\u0159\u00edsp\u011bvku, ani\u017e by se jakkoli zm\u011bnila jejich situace. N\u011bkter\u00fdm byl p\u0159\u00edsp\u011bvek odebr\u00e1n \u00fapln\u011b,\u00ab uvedla P\u00e1t\u00e1. \u00bbKop\u00edrujeme jin\u00e9 st\u00e1ty, tam ale existuje je\u0161t\u011b roz\u010dlen\u011bn\u00ed on\u011bch deseti krit\u00e9ri\u00ed. U n\u00e1s to prost\u011b nefunguje stejn\u011b jako v Anglii, Holandsku nebo N\u011bmecku,\u00ab \u0159ekla.<\/p>\n<p>V\u00fd\u0161e p\u0159\u00edsp\u011bvku na p\u00e9\u010di je odstup\u0148ov\u00e1na podle z\u00e1vislosti d\u00edt\u011bte nebo dosp\u011bl\u00e9ho na pomoci jin\u00e9ho \u010dlov\u011bka, kategorie jsou \u010dty\u0159i &#8211; lehk\u00e1, st\u0159edn\u011b t\u011b\u017ek\u00e1, t\u011b\u017ek\u00e1 a \u00fapln\u00e1. D\u011bti maj\u00ed n\u00e1rok na p\u0159\u00edsp\u011bvek ve v\u00fd\u0161i t\u0159\u00ed, \u0161esti, dev\u00edti nebo dvan\u00e1cti tis\u00edc korun m\u011bs\u00ed\u010dn\u011b. Dosp\u011bl\u00ed ve v\u00fd\u0161i osmi set korun, \u010dty\u0159 tis\u00edc, osmi tis\u00edc a dvan\u00e1cti tis\u00edc korun.<\/p>\n<p><strong>P\u0159\u00edstavem jistoty je rodina<\/strong><\/p>\n<p>P\u00e1t\u00e1 upozornila, \u017ee v \u010cesk\u00e9 republice je jen 170 posudkov\u00fdch l\u00e9ka\u0159\u016f (jejich pr\u016fm\u011brn\u00fd v\u011bk je 59,6 roku, v\u00edce ne\u017e t\u0159etina posudk\u00e1\u0159\u016f je ve v\u011bku n\u00e1roku na starobn\u00ed d\u016fchod), kte\u0159\u00ed mus\u00ed vypracovat 150 a\u017e 170 tis\u00edc posudk\u016f ro\u010dn\u011b a jednodu\u0161e \u0159e\u010deno &#8211; nest\u00edhaj\u00ed.<\/p>\n<p>S posti\u017een\u00fdm d\u00edt\u011btem obvykle z\u016fst\u00e1v\u00e1 matka doma, a stane-li se samo\u017eivitelkou &#8211; 70 procent otc\u016f toti\u017e opou\u0161t\u00ed rodinu s posti\u017een\u00fdm d\u00edt\u011btem, \u00bbmus\u00ed o n\u011bj pe\u010dovat celodenn\u011b, nem\u00e1 mo\u017enost zam\u011bstn\u00e1n\u00ed. Takov\u00e1 \u017eena bere jen p\u0159\u00edsp\u011bvek na bydlen\u00ed, na p\u00e9\u010di a nejednou tak\u00e9 jen ob\u010das v\u00fd\u017eivn\u00e9, dost\u00e1v\u00e1 se \u010dasto do sv\u00edzeln\u00e9 soci\u00e1ln\u00ed situace a jedinou mo\u017enost\u00ed, jak p\u0159e\u017e\u00edt, je pro n\u011bkter\u00e9 matky \u00fastavn\u00ed p\u00e9\u010de pro sv\u00e9 d\u00edt\u011b, co\u017e je stra\u0161n\u00e9,\u00ab upozornila P\u00e1t\u00e1.<\/p>\n<p>P\u0159\u00edstavem jistoty pro ka\u017ed\u00e9 posti\u017een\u00e9 d\u00edt\u011b je v\u0161ak jeho rodina, nikoli \u00fastav. Nejednou m\u00e1 rodina s posti\u017een\u00fdm je\u0161t\u011b dal\u0161\u00ed d\u00edt\u011b \u010di d\u011bti, a matka ne v\u017edy m\u016f\u017ee z\u016fstat doma. Jej\u00ed plat rodin\u011b chyb\u00ed. \u00bbVe vysp\u011bl\u00fdch zem\u00edch je b\u011b\u017en\u00e9, \u017ee st\u00e1t se chov\u00e1 k posti\u017een\u00fdm, zvl\u00e1\u0161t\u011b pak d\u011btem, jako matka, u n\u00e1s se v\u0161ak chov\u00e1 v posledn\u00ed dob\u011b jako macecha,\u00ab je p\u0159esv\u011bd\u010dena P\u00e1t\u00e1.<\/p>\n<p>Podle n\u00ed se hodn\u011b rodin s posti\u017een\u00fdm d\u00edt\u011btem ocit\u00e1 v t\u011b\u017ek\u00e9 finan\u010dn\u00ed situaci, a bez pomoci rodi\u010d\u016f a dal\u0161\u00edch p\u0159\u00edbuzn\u00fdch, se nejednou dost\u00e1vaj\u00ed do hmotn\u00e9 nouze.<\/p>\n<p><strong>Chyb\u00ed z\u00e1kon na ochranu d\u011bt\u00ed<\/strong><\/p>\n<p>Ale\u0161 Hodina z Mezin\u00e1rodn\u00edho institutu pro rodinu a d\u00edt\u011b se anga\u017euje ve prosp\u011bch p\u00e9\u010de obou rodi\u010d\u016f o d\u011bti, provozuje webov\u00fd port\u00e1l St\u0159\u00eddavka.cz. Na semin\u00e1\u0159i uvedl, \u017ee pozitivn\u00edm trendem v sou\u010dasnosti je preference rodiny proti \u00fastavn\u00ed v\u00fdchov\u011b. Podporu rodiny pova\u017euje za velmi d\u016fle\u017eitou. Za d\u016fle\u017eit\u00e9 pova\u017euje i to, aby d\u00edt\u011b po p\u0159\u00edpadn\u00e9m rozvodu rodi\u010d\u016f bylo v kontaktu s ob\u011bma rodi\u010di, ov\u0161em jen v p\u011bti procentech p\u0159\u00edpad\u016f z\u016fst\u00e1v\u00e1 d\u00edt\u011b v p\u00e9\u010di obou rodi\u010d\u016f. \u00bbD\u00edt\u011b ztr\u00e1c\u00ed jednoho z rodi\u010d\u016f u\u017e v pr\u016fb\u011bhu soudn\u00edho \u0159\u00edzen\u00ed.<\/p>\n<p>Probl\u00e9m je v justici, soudci nerespektuj\u00ed nutnost zachov\u00e1n\u00ed rodinn\u00fdch vazeb,\u00ab konstatoval. Podle n\u011bj je t\u0159eba zm\u011bnit z\u00e1kon o rodin\u011b i ob\u010dansk\u00fd z\u00e1kon\u00edk, sv\u016fj d\u00edl viny tu nese ministerstvo spravedlnosti i ministerstvo pr\u00e1ce a soci\u00e1ln\u00edch v\u011bc\u00ed.<br \/>\nAnton\u00edn B\u016f\u017eek z Pedagogick\u00e9 fakulty Univerzity Palack\u00e9ho v Olomouci se zab\u00fdv\u00e1 speci\u00e1ln\u00ed pedagogikou. Je p\u0159esv\u011bd\u010den o tom, \u017ee rodi\u010de by m\u011bli chr\u00e1nit pr\u00e1va d\u00edt\u011bte spolehliv\u011bji ne\u017e z\u00e1kony. Z\u00e1rove\u0148 v\u0161ak pouk\u00e1zal na absenci z\u00e1kona na ochranu d\u011bt\u00ed, o kter\u00e9m se mluv\u00ed u\u017e 20 let!<\/p>\n<p>D\u011btsk\u00e1 psychiatri\u010dka Jana Schmidtov\u00e1 zase na semin\u00e1\u0159i zm\u00ednila, \u017ee d\u011bti do \u00fastav\u016f pos\u00edlaj\u00ed nejednou nekompetentn\u00ed soci\u00e1ln\u00ed pracovnice, mnoho d\u011bt\u00ed je v \u00fastavech se \u0161patnou diagn\u00f3zou, leckdy tam kon\u010d\u00ed pro nezvladatelnost a speci\u00e1ln\u00ed p\u00e9\u010de se jim nedostane.<\/p>\n<p>Co vlastn\u011b vl\u00e1du vedlo k tak nep\u0159\u00edzniv\u00e9 zm\u011bn\u011b podm\u00ednek pro rodiny s posti\u017een\u00fdmi? \u00bbOb\u00e1v\u00e1m se, \u017ee z nep\u0159\u00edm\u00fdch d\u016fkaz\u016f vypl\u00fdv\u00e1, \u017ee je to op\u011bt snaha \u0161et\u0159it jako v ostatn\u00edch podobn\u00fdch p\u0159\u00edpadech &#8211; a\u0165 u\u017e na penzistech nebo nezam\u011bstnan\u00fdch. A nemocn\u00fdch obecn\u011b &#8211; viz tzv. regula\u010dn\u00ed poplatky ve zdravotnictv\u00ed, \u00ab tvrd\u00ed Proke\u0161.<\/p>\n<p>Je p\u0159esv\u011bd\u010den o tom, \u017ee \u010desk\u00fd st\u00e1t situaci posti\u017een\u00fdch &#8211; d\u011bt\u00ed i dosp\u011bl\u00fdch &#8211; st\u00e1le zhor\u0161uje.<\/p>\n<p>\u00bbTrend je u n\u00e1s sestupn\u00fd. T\u0159eba ve Finsku m\u00e1 posti\u017een\u00fd \u010dlov\u011bk v\u010detn\u011b d\u00edt\u011bte n\u00e1rok na osobn\u00edho asistenta placen\u00e9ho st\u00e1tem v takov\u00e9m rozsahu, o jak\u00fd si s\u00e1m \u0159ekne. V n\u011bkter\u00fdch st\u00e1tech je to omezeno po\u010dtem hodin t\u00fddn\u011b \u010di m\u011bs\u00ed\u010dn\u011b. Ale ve Finsku, kdy\u017e se posti\u017een\u00fd pot\u0159ebuje n\u011bkam dopravit t\u0159eba i za \u00fa\u010delem tr\u00e1ven\u00ed voln\u00e9ho \u010dasu, m\u00e1 pr\u00e1vo i na bezplatnou p\u0159epravu a asistenta,\u00ab p\u0159ibl\u00ed\u017eil situaci v t\u00e9to skandin\u00e1vsk\u00e9 zemi Proke\u0161.<\/p>\n<p>Pokud se ohl\u00ed\u017e\u00edme po vzoru soci\u00e1ln\u00edho st\u00e1tu, jsou to podle n\u011bj rozhodn\u011b st\u00e1ty skandin\u00e1vsk\u00e9, kter\u00e9 \u00bbcelospole\u010densky vzato jsou na \u0161pici \u017eivotn\u00ed i ekonomick\u00e9 \u00farovn\u011b, maj\u00ed nejni\u017e\u0161\u00ed zadlu\u017eenost, a z\u00e1rove\u0148 se tam plat\u00ed nejvy\u0161\u0161\u00ed dan\u011b, funguje tam p\u0159erozd\u011blov\u00e1n\u00ed\u2026<\/p>\n<p>Je to spojeno konsenzem cel\u00e9 spole\u010dnosti,\u00ab m\u00edn\u00ed \u0161\u00e9f \u010desk\u00e9 sekce DCI s t\u00edm, \u017ee dokud si lid\u00e9 u n\u00e1s neuv\u011bdom\u00ed, \u017ee obvykl\u00e9 medi\u00e1ln\u00ed kli\u0161\u00e9 &#8211; \u017ee p\u0159erozd\u011blov\u00e1n\u00ed je \u0161patn\u011b a ka\u017ed\u00fd se m\u00e1 postarat s\u00e1m o sebe &#8211; nefunguje, asi \u017eivotn\u00ed \u00farovn\u011b seversk\u00fdch zem\u00ed nedos\u00e1hneme. A budeme se naopak \u0159\u00edtit do \u0158ecka nebo n\u011bkam do t\u0159et\u00edho sv\u011bta.<\/p>\n<p>\u00da\u010dastn\u00edci semin\u00e1\u0159e odhalili problematick\u00e1 m\u00edsta v napl\u0148ov\u00e1n\u00ed \u00damluvy o pr\u00e1vech d\u00edt\u011bte a shodli se, \u017ee je t\u0159eba, aby v\u0161echny slo\u017eky st\u00e1tn\u00ed moci zajistily opat\u0159en\u00ed pro syst\u00e9mov\u00e9 \u0159e\u0161en\u00ed napl\u0148ov\u00e1n\u00ed pr\u00e1v d\u00edt\u011bte v \u010cesk\u00e9 republice.<\/p>\n<p><strong>Sen\u00e1to\u0159i se ujmou iniciativy<\/strong><\/p>\n<p>\u00da\u010dastn\u00edci semin\u00e1\u0159e schv\u00e1lili petici, kterou doru\u010dili peti\u010dn\u00edm v\u00fdbor\u016fm obou komor parlamentu. Petici, schv\u00e1lenou na hromadn\u00e9 akci, mus\u00ed poslanci a sen\u00e1to\u0159i projednat v peti\u010dn\u00edm v\u00fdboru (ani\u017e by musela povinn\u011b obsahovat nejm\u00e9n\u011b 10 tis\u00edc podpis\u016f, jak je tomu v ostatn\u00edch p\u0159\u00edpadech), z\u00e1stupci vl\u00e1dy budou muset zaujmout stanovisko ke konkr\u00e9tn\u00edm po\u017eadavk\u016fm petent\u016f.<\/p>\n<p>\u00da\u010dastn\u00edci semin\u00e1\u0159e \u017e\u00e1daj\u00ed vznik nez\u00e1visl\u00e9ho org\u00e1nu pro koordinaci pln\u011bn\u00ed \u00damluvy o pr\u00e1vech d\u00edt\u011bte, podporuj\u00ed uz\u00e1kon\u011bn\u00ed \u00fa\u0159adu ombudsmana pro d\u011bti, cht\u011bj\u00ed iniciovat v Poslaneck\u00e9 sn\u011bmovn\u011b vznik komise pro d\u011btsk\u00e1 pr\u00e1va\u2026<\/p>\n<p>Peti\u010dn\u00ed v\u00fdbor Sen\u00e1tu u\u017e zm\u00edn\u011bnou petici projedn\u00e1val. Miroslav Proke\u0161 se z\u00fa\u010dastnil jedn\u00e1n\u00ed jako z\u00e1stupce petent\u016f, za ministerstvo pr\u00e1ce a soci\u00e1ln\u00edch v\u011bc\u00ed byl p\u0159\u00edtomen n\u00e1m\u011bstek pro soci\u00e1ln\u00ed a rodinnou politiku David Kafka (ODS), kter\u00fd \u0159\u00edd\u00ed odbor rodiny a ochrany d\u011bt\u00ed, odbor soci\u00e1ln\u00edch slu\u017eeb a odbor nepojistn\u00fdch d\u00e1vkov\u00fdch syst\u00e9m\u016f.<\/p>\n<p>\u00bbTen se tam doslova znemo\u017enil, rozvl\u00e1\u010dn\u011b prezentoval sv\u00e9 osobn\u00ed n\u00e1zory, ale p\u0159edseda v\u00fdboru Marcel Chl\u00e1dek (\u010cSSD) ho dlouho mluvit nenechal. O\u010dek\u00e1val, \u017ee p\u0159ijde s p\u0159ipraven\u00fdm ofici\u00e1ln\u00edm stanoviskem resortu, co\u017e se nestalo. Chl\u00e1dek to pova\u017eoval za ur\u00e1\u017eku Sen\u00e1tu a vzal mu slovo,\u00ab l\u00ed\u010dil jedn\u00e1n\u00ed v sen\u00e1tn\u00edm v\u00fdboru Proke\u0161.<\/p>\n<p>Sen\u00e1to\u0159i se podle jeho slov n\u00e1vrhy a po\u017eadavky velmi seriozn\u011b zab\u00fdvali. To, co se t\u00fdk\u00e1 exekutivy, postoup\u00ed p\u0159\u00edslu\u0161n\u00fdm ministerstv\u016fm a dal\u0161\u00edm org\u00e1n\u016fm st\u00e1tn\u00ed a ve\u0159ejn\u00e9 spr\u00e1vy s n\u00e1vrhy na opat\u0159en\u00ed. A pokud jde o legislativu, sen\u00e1to\u0159i se pr\u00fd ujmou nap\u0159\u00edklad zm\u011bny z\u00e1kona o soci\u00e1ln\u00edch slu\u017eb\u00e1ch, ale tak\u00e9 z\u00e1kona o n\u00e1hradn\u00edm v\u00fd\u017eivn\u00e9m.<\/p>\n<p>\u00bbTakov\u00e9 sen\u00e1tn\u00ed iniciativy by mohla horn\u00ed komora parlamentu zhruba v roce, kter\u00fd zb\u00fdv\u00e1 do sn\u011bmovn\u00edch voleb, vypracovat a schv\u00e1lit. A poslat je pak do nov\u00e9 vl\u00e1dy a nov\u011b zvolen\u00e9 sn\u011bmovny k p\u0159ipom\u00ednk\u00e1m. Po volb\u00e1ch by u\u017e byla \u0161ance na zm\u011bnu, Poslaneck\u00e1 sn\u011bmovna i vl\u00e1da budou v nov\u00e9m slo\u017een\u00ed k takov\u00e9 sen\u00e1tn\u00ed iniciativ\u011b jist\u011b p\u0159istupovat \u00fapln\u011b jinak, ne\u017e by to bylo za koali\u010dn\u00ed, pravicov\u00e9 vl\u00e1dy Petra Ne\u010dase, \u00ab informoval o tom, jak vid\u00ed situaci, Miroslav Proke\u0161.<\/p>\n<p>Jedn\u00e1n\u00ed v sen\u00e1tn\u00edm v\u00fdboru vlastn\u011b m\u011blo charakter ve\u0159ejn\u00e9ho sly\u0161en\u00ed, ve\u0159ejnost byla p\u0159\u00edtomn\u00e1. Ve\u0159ejn\u00e9 sly\u0161en\u00ed Sen\u00e1tu k t\u00e9matu rodiny a v\u0161emu, co s t\u00edm souvis\u00ed, se v\u0161ak uskute\u010dn\u00ed 20. kv\u011btna.<\/p>\n<p>Sn\u011bmovna tak\u00e9 bude posuzovat n\u00e1vrh poslankyn\u011b Kate\u0159iny Klasnov\u00e9 a dal\u0161\u00edch \u010dlen\u016f klubu V\u011bc\u00ed ve\u0159ejn\u00fdch. Jde o novelu z\u00e1kon\u016f o poskytov\u00e1n\u00ed d\u00e1vek osob\u00e1m se zdravotn\u00edm posti\u017een\u00edm, o soci\u00e1ln\u00edch slu\u017eb\u00e1ch a o zam\u011bstnanosti. Vl\u00e1da u\u017e k n\u011bmu v\u0161ak podala negativn\u00ed stanovisko. Tak\u017ee nem\u00e1 velkou nad\u011bji na schv\u00e1len\u00ed.<\/p>\n<p>O autorovi: Str\u00e1nku p\u0159ipravila Marie KUDRNOVSK\u00c1<\/p>\n","protected":false},"excerpt":{"rendered":"<div class=\"mh-excerpt\"><p>Od lo\u0148sk\u00e9ho ledna neblaze dopad\u00e1 na hendikepovan\u00e9 nov\u00e9 nastaven\u00ed posuzov\u00e1n\u00ed n\u00e1roku na p\u0159\u00edsp\u011bvek na p\u00e9\u010di. Hovo\u0159\u00ed o tom \u0161\u00e9f Sdru\u017een\u00ed zast\u00e1nc\u016f d\u011btsk\u00fdch pr\u00e1v Miroslav Proke\u0161 <a class=\"mh-excerpt-more\" href=\"https:\/\/www.invarena.cz\/?p=3506\" title=\"K hendikepovan\u00fdm se st\u00e1t chov\u00e1 mace\u0161sky\">[&#8230;]<\/a><\/p>\n<\/div>","protected":false},"author":1,"featured_media":3507,"comment_status":"open","ping_status":"open","sticky":false,"template":"","format":"standard","meta":{"footnotes":""},"categories":[4],"tags":[],"class_list":["post-3506","post","type-post","status-publish","format-standard","has-post-thumbnail","hentry","category-nazory"],"_links":{"self":[{"href":"https:\/\/www.invarena.cz\/index.php?rest_route=\/wp\/v2\/posts\/3506","targetHints":{"allow":["GET"]}}],"collection":[{"href":"https:\/\/www.invarena.cz\/index.php?rest_route=\/wp\/v2\/posts"}],"about":[{"href":"https:\/\/www.invarena.cz\/index.php?rest_route=\/wp\/v2\/types\/post"}],"author":[{"embeddable":true,"href":"https:\/\/www.invarena.cz\/index.php?rest_route=\/wp\/v2\/users\/1"}],"replies":[{"embeddable":true,"href":"https:\/\/www.invarena.cz\/index.php?rest_route=%2Fwp%2Fv2%2Fcomments&post=3506"}],"version-history":[{"count":0,"href":"https:\/\/www.invarena.cz\/index.php?rest_route=\/wp\/v2\/posts\/3506\/revisions"}],"wp:featuredmedia":[{"embeddable":true,"href":"https:\/\/www.invarena.cz\/index.php?rest_route=\/wp\/v2\/media\/3507"}],"wp:attachment":[{"href":"https:\/\/www.invarena.cz\/index.php?rest_route=%2Fwp%2Fv2%2Fmedia&parent=3506"}],"wp:term":[{"taxonomy":"category","embeddable":true,"href":"https:\/\/www.invarena.cz\/index.php?rest_route=%2Fwp%2Fv2%2Fcategories&post=3506"},{"taxonomy":"post_tag","embeddable":true,"href":"https:\/\/www.invarena.cz\/index.php?rest_route=%2Fwp%2Fv2%2Ftags&post=3506"}],"curies":[{"name":"wp","href":"https:\/\/api.w.org\/{rel}","templated":true}]}}