{"id":35084,"date":"2020-10-05T14:02:25","date_gmt":"2020-10-05T12:02:25","guid":{"rendered":"http:\/\/www.invarena.cz\/?p=35084"},"modified":"2020-10-05T14:02:26","modified_gmt":"2020-10-05T12:02:26","slug":"v-detstvi-prodelal-mozkovou-obrnu-diky-intenzivnimu-cviceni-dnes-muze-chodit","status":"publish","type":"post","link":"https:\/\/www.invarena.cz\/?p=35084","title":{"rendered":"V d\u011btstv\u00ed prod\u011blal mozkovou obrnu, d\u00edky intenzivn\u00edmu cvi\u010den\u00ed dnes m\u016f\u017ee chodit"},"content":{"rendered":"\n<p>Dnes osmadvacetilet\u00fd \u0160imon \u017eije t\u00e9m\u011b\u0159 od narozen\u00ed s diagn\u00f3zou d\u011btsk\u00e9 mozkov\u00e9 obrny. Za svou samostatnost v podob\u011b ch\u016fze dnes p\u0159edev\u0161\u00edm vd\u011b\u010d\u00ed zarputilosti sv\u00e9 maminky, kter\u00e1 s n\u00edm od odhalen\u00ed pot\u00ed\u017e\u00ed za\u010dala velmi intenzivn\u011b cvi\u010dit. Na sv\u00e9 ch\u016fzi ale mus\u00ed pracovat i v dosp\u011blosti, u\u017e jen proto, aby mohl d\u011blat pr\u00e1ci, kter\u00e1 ho bav\u00ed a napl\u0148uje.  <\/p>\n\n\n\n<p>Cel\u00fd \u010dl\u00e1nek naleznete na novinky.cz:  <a href=\"https:\/\/www.novinky.cz\/zena\/zdravi\/clanek\/v-detstvi-prodelal-mozkovou-obrnu-diky-intenzivnimu-cviceni-dnes-muze-chodit-40338252\" target=\"_blank\" rel=\"noreferrer noopener\" aria-label=\" (otev\u0159e se na nov\u00e9 z\u00e1lo\u017ece)\">https:\/\/www.novinky.cz\/zena\/zdravi\/clanek\/v-detstvi-prodelal-mozkovou-obrnu-diky-intenzivnimu-cviceni-dnes-muze-chodit-40338252<\/a><\/p>\n","protected":false},"excerpt":{"rendered":"<div class=\"mh-excerpt\"><p>Dnes osmadvacetilet\u00fd \u0160imon \u017eije t\u00e9m\u011b\u0159 od narozen\u00ed s diagn\u00f3zou d\u011btsk\u00e9 mozkov\u00e9 obrny. Za svou samostatnost v podob\u011b ch\u016fze dnes p\u0159edev\u0161\u00edm vd\u011b\u010d\u00ed zarputilosti sv\u00e9 maminky, kter\u00e1 <a class=\"mh-excerpt-more\" href=\"https:\/\/www.invarena.cz\/?p=35084\" title=\"V d\u011btstv\u00ed prod\u011blal mozkovou obrnu, d\u00edky intenzivn\u00edmu cvi\u010den\u00ed dnes m\u016f\u017ee chodit\">[&#8230;]<\/a><\/p>\n<\/div>","protected":false},"author":1,"featured_media":0,"comment_status":"open","ping_status":"closed","sticky":false,"template":"","format":"standard","meta":{"footnotes":""},"categories":[9],"tags":[],"class_list":["post-35084","post","type-post","status-publish","format-standard","hentry","category-zpravy"],"_links":{"self":[{"href":"https:\/\/www.invarena.cz\/index.php?rest_route=\/wp\/v2\/posts\/35084","targetHints":{"allow":["GET"]}}],"collection":[{"href":"https:\/\/www.invarena.cz\/index.php?rest_route=\/wp\/v2\/posts"}],"about":[{"href":"https:\/\/www.invarena.cz\/index.php?rest_route=\/wp\/v2\/types\/post"}],"author":[{"embeddable":true,"href":"https:\/\/www.invarena.cz\/index.php?rest_route=\/wp\/v2\/users\/1"}],"replies":[{"embeddable":true,"href":"https:\/\/www.invarena.cz\/index.php?rest_route=%2Fwp%2Fv2%2Fcomments&post=35084"}],"version-history":[{"count":0,"href":"https:\/\/www.invarena.cz\/index.php?rest_route=\/wp\/v2\/posts\/35084\/revisions"}],"wp:attachment":[{"href":"https:\/\/www.invarena.cz\/index.php?rest_route=%2Fwp%2Fv2%2Fmedia&parent=35084"}],"wp:term":[{"taxonomy":"category","embeddable":true,"href":"https:\/\/www.invarena.cz\/index.php?rest_route=%2Fwp%2Fv2%2Fcategories&post=35084"},{"taxonomy":"post_tag","embeddable":true,"href":"https:\/\/www.invarena.cz\/index.php?rest_route=%2Fwp%2Fv2%2Ftags&post=35084"}],"curies":[{"name":"wp","href":"https:\/\/api.w.org\/{rel}","templated":true}]}}