{"id":35113,"date":"2020-10-19T15:25:28","date_gmt":"2020-10-19T13:25:28","guid":{"rendered":"http:\/\/www.invarena.cz\/?p=35113"},"modified":"2020-10-19T15:25:30","modified_gmt":"2020-10-19T13:25:30","slug":"svoboda-cssd-domov-v-jablonecke-erbenove-ulici-se-promenil-v-dustojne-zazemi-pro-postizene","status":"publish","type":"post","link":"https:\/\/www.invarena.cz\/?p=35113","title":{"rendered":"Svoboda (\u010cSSD): Domov v jabloneck\u00e9 Erbenov\u011b ulici se prom\u011bnil v d\u016fstojn\u00e9 z\u00e1zem\u00ed pro posti\u017een\u00e9"},"content":{"rendered":"\n<p>Nov\u00e1 fas\u00e1da, nov\u00e1 st\u0159echa, a hlavn\u011b v\u00fdtah s plo\u0161inou zdob\u00ed nyn\u00ed Domov Erbenova, jednu ze dvou budov Domova a Centra denn\u00edch slu\u017eeb v Jablonci nad Nisou. Postupn\u00fdmi opravami, na kter\u00e9 p\u0159isp\u011bl tak\u00e9 z\u0159izovatel domova \u2013 Libereck\u00fd kraj, se poda\u0159ilo prom\u011bnit ch\u00e1traj\u00edc\u00ed d\u016fm v modern\u00ed, bezbari\u00e9rov\u00fd a pro zdravotn\u011b posti\u017een\u00e9 klientky mnohem \u00fatuln\u011bj\u0161\u00ed domov. <br><br>Cel\u00fd \u010dl\u00e1nek naleznete v Parlamentn\u00edch Listech: <a href=\"http:\/\/www.parlamentnilisty.cz\/politika\/politici-volicum\/Svoboda-CSSD-Domov-v-jablonecke-Erbenove-ulici-se-promenil-v-dustojne-zazemi-pro-postizene-640860\" target=\"_blank\" rel=\"noreferrer noopener\" aria-label=\" (otev\u0159e se na nov\u00e9 z\u00e1lo\u017ece)\">http:\/\/www.parlamentnilisty.cz\/politika\/politici-volicum\/Svoboda-CSSD-Domov-v-jablonecke-Erbenove-ulici-se-promenil-v-dustojne-zazemi-pro-postizene-640860<\/a><\/p>\n","protected":false},"excerpt":{"rendered":"<div class=\"mh-excerpt\"><p>Nov\u00e1 fas\u00e1da, nov\u00e1 st\u0159echa, a hlavn\u011b v\u00fdtah s plo\u0161inou zdob\u00ed nyn\u00ed Domov Erbenova, jednu ze dvou budov Domova a Centra denn\u00edch slu\u017eeb v Jablonci nad <a class=\"mh-excerpt-more\" href=\"https:\/\/www.invarena.cz\/?p=35113\" title=\"Svoboda (\u010cSSD): Domov v jabloneck\u00e9 Erbenov\u011b ulici se prom\u011bnil v d\u016fstojn\u00e9 z\u00e1zem\u00ed pro posti\u017een\u00e9\">[&#8230;]<\/a><\/p>\n<\/div>","protected":false},"author":1,"featured_media":10011,"comment_status":"open","ping_status":"closed","sticky":false,"template":"","format":"standard","meta":{"footnotes":""},"categories":[9],"tags":[],"class_list":["post-35113","post","type-post","status-publish","format-standard","has-post-thumbnail","hentry","category-zpravy"],"_links":{"self":[{"href":"https:\/\/www.invarena.cz\/index.php?rest_route=\/wp\/v2\/posts\/35113","targetHints":{"allow":["GET"]}}],"collection":[{"href":"https:\/\/www.invarena.cz\/index.php?rest_route=\/wp\/v2\/posts"}],"about":[{"href":"https:\/\/www.invarena.cz\/index.php?rest_route=\/wp\/v2\/types\/post"}],"author":[{"embeddable":true,"href":"https:\/\/www.invarena.cz\/index.php?rest_route=\/wp\/v2\/users\/1"}],"replies":[{"embeddable":true,"href":"https:\/\/www.invarena.cz\/index.php?rest_route=%2Fwp%2Fv2%2Fcomments&post=35113"}],"version-history":[{"count":0,"href":"https:\/\/www.invarena.cz\/index.php?rest_route=\/wp\/v2\/posts\/35113\/revisions"}],"wp:featuredmedia":[{"embeddable":true,"href":"https:\/\/www.invarena.cz\/index.php?rest_route=\/wp\/v2\/media\/10011"}],"wp:attachment":[{"href":"https:\/\/www.invarena.cz\/index.php?rest_route=%2Fwp%2Fv2%2Fmedia&parent=35113"}],"wp:term":[{"taxonomy":"category","embeddable":true,"href":"https:\/\/www.invarena.cz\/index.php?rest_route=%2Fwp%2Fv2%2Fcategories&post=35113"},{"taxonomy":"post_tag","embeddable":true,"href":"https:\/\/www.invarena.cz\/index.php?rest_route=%2Fwp%2Fv2%2Ftags&post=35113"}],"curies":[{"name":"wp","href":"https:\/\/api.w.org\/{rel}","templated":true}]}}