{"id":35153,"date":"2020-10-22T16:27:45","date_gmt":"2020-10-22T14:27:45","guid":{"rendered":"http:\/\/www.invarena.cz\/?p=35153"},"modified":"2020-10-22T16:27:47","modified_gmt":"2020-10-22T14:27:47","slug":"irena-neslysici-maji-mit-stejne-pravo-ridit-motorku-jako-slysici","status":"publish","type":"post","link":"https:\/\/www.invarena.cz\/?p=35153","title":{"rendered":"Irena: Nesly\u0161\u00edc\u00ed maj\u00ed m\u00edt stejn\u00e9 pr\u00e1vo \u0159\u00eddit motorku jako sly\u0161\u00edc\u00ed"},"content":{"rendered":"\n<p>T\u011b\u017ek\u00fd p\u00e1d v osm\u00e9m m\u011bs\u00edci t\u011bhotenstv\u00ed zap\u0159\u00ed\u010dinil, \u017ee se Irena Maixnerov\u00e1 narodila jako nesly\u0161\u00edc\u00ed. &#8222;Cel\u00e1 rodina je sly\u0161\u00edc\u00ed. M\u00e1m o \u0161est let star\u0161\u00edho bratra a u\u017e odmali\u010dka jsem na n\u011bho znakovala. Pamatuji si, jak ho to roz\u010dilovalo,&#8220; sm\u011bje se \u0161esta\u010dty\u0159icetilet\u00e1 Irena.<\/p>\n\n\n\n<p>Proto\u017ee vyr\u016fstala mezi sly\u0161\u00edc\u00edmi, doch\u00e1zelo odmali\u010dka k r\u016fzn\u00fdm komunika\u010dn\u00edm nedorozum\u011bn\u00edm. &#8222;Nap\u0159\u00edklad jsem jako mal\u00e1 automaticky znakovala \u2013 hladila si b\u0159\u00ed\u0161ko. Maminka si myslela, \u017ee m\u00e1m hlad, a tak mi dala v dobr\u00e9 v\u00ed\u0159e j\u00eddlo na tal\u00ed\u0159. Ale j\u00e1 jsem znakovala, \u017ee chci na z\u00e1chod.&#8220;<\/p>\n\n\n\n<p>Kdy\u017e se dostala do \u0161kolky pro nesly\u0161\u00edc\u00ed v Hole\u010dkov\u011b ulici v Praze 5, byla naprosto nad\u0161en\u00e1. &#8222;Kone\u010dn\u011b jsem byla mezi vrstevn\u00edky, kte\u0159\u00ed se mnou mluvili znakov\u00fdm jazykem! Ve \u0161kolce i \u0161kole to bylo \u00fa\u017easn\u00e9, ani jsem se net\u011b\u0161ila dom\u016f. Co doma? Tam byla nuda. Hr\u00e1la jsem si sama.&#8220;<\/p>\n\n\n\n<p>Rodi\u010de se nikdy nenau\u010dili znakov\u00fd jazyk. Maminka s tat\u00ednkem ji v\u0161ak inspirovali. A do \u017eivota j\u00ed nad\u011blili v\u00e1\u0161e\u0148 pro motorky. <br> <br>NEDOSTALA L\u00c9KA\u0158SK\u00c9 POTVRZEN\u00cd <br> <br>&#8222;Miluji zvuk motorek. Sice ho nesly\u0161\u00edm jako sly\u0161\u00edc\u00ed, ale c\u00edt\u00edm ty \u00fa\u017easn\u00e9 vibrace\u2026 Cht\u011bla jsem se p\u0159ihl\u00e1sit do moto\u0161koly, ale bohu\u017eel mi doktor nedal l\u00e9ka\u0159sk\u00e9 potvrzen\u00ed, tak\u017ee jsem nemohla nastoupit.&#8220; V pr\u016fb\u011bhu let si Irena na\u0161la druh\u00e9ho man\u017eela. A s n\u00edm ji spojuje pr\u00e1v\u011b z\u00e1liba v motork\u00e1ch. P\u0159esto\u017ee nem\u00e1 \u0159idi\u010d\u00e1k a svou motorku, j\u00edzdu si d\u00edky man\u017eelovi na jeho stroji u\u017e\u00edv\u00e1.<\/p>\n\n\n\n<p>Kdy\u017e spolu s Irenou a tlumo\u010dnic\u00ed znakov\u00e9ho jazyka Monikou Boh\u00e1\u010dkovou z Centra pro nesly\u0161\u00edc\u00ed a nedosl\u00fdchav\u00e9 pro Prahu a St\u0159edo\u010desk\u00fd kraj d\u011bl\u00e1me rozhovor, vytahuje Irena mobil a ukazuje n\u00e1m video. A na n\u011bm znakuje jej\u00ed nesly\u0161\u00edc\u00ed mu\u017e.<\/p>\n\n\n\n<p>Dozv\u00edd\u00e1me se tak, \u017ee si ud\u011blal v roce 1991 \u0159idi\u010dsk\u00e9 opr\u00e1vn\u011bn\u00ed na motorku. A \u017ee tehdy doty\u010dn\u00fd instruktor nevid\u011bl \u017e\u00e1dnou p\u0159ek\u00e1\u017eku v tom, pro\u010d by nesly\u0161\u00edc\u00ed nemohl absolvovat auto\u0161kolu. Na jedn\u00e9 motorce sed\u011bli on i instruktor.<\/p>\n\n\n\n<p>A jak konkr\u00e9tn\u011b tehdy vypadaly j\u00edzdy? &#8222;Instruktor se v\u017edy dotkl m\u00e9 prav\u00e9 nebo lev\u00e9 pa\u017ee, d\u00e1val mi pokyny pomoc\u00ed poklep\u00e1n\u00ed. V\u011bd\u011bl jsem tak, kdy m\u00e1m jet, kdy brzdit, kdy zato\u010dit\u2026 Bez probl\u00e9m\u016f jsem auto\u0161kolu absolvoval,&#8220; \u0159\u00edk\u00e1 Pavel Maixner. <br> <br>\u0158IDI\u010c\u00c1K JEDIN\u011a P\u0158ES MIKROPORT <br> <br>A jak je to dnes? Z toho je Irena, v\u00e1\u0161niv\u00e1 motork\u00e1\u0159ka, roz\u010darovan\u00e1. &#8222;Dnes se v\u00fdcvik na motorku prov\u00e1d\u00ed pomoc\u00ed mikroportu. \u017d\u00e1k jede na motorce, instruktor za n\u00edm v aut\u011b,&#8220; popisuje. Nesly\u0161\u00edc\u00ed by tak paradoxn\u011b dost\u00e1val hlasov\u00e9 p\u0159\u00edkazy, kter\u00e9 nem\u016f\u017ee sly\u0161et, a tud\u00ed\u017e nev\u00ed, co po n\u011bm instruktor chce.<\/p>\n\n\n\n<p>V Rakousku, N\u011bmecku \u010di Polsku si ale nesly\u0161\u00edc\u00ed b\u011b\u017en\u011b pap\u00edry na motorky d\u011blaj\u00ed.<\/p>\n\n\n\n<p>&#8222;Instruktor jede v aut\u011b p\u0159ed \u017e\u00e1kem na motorce a d\u00e1v\u00e1 mu sv\u011bteln\u00e9 pokyny. Kdy\u017e to jde tedy v okoln\u00edch zem\u00edch, nev\u00edm, pro\u010d by to nem\u011blo j\u00edt u n\u00e1s,&#8220; podivuje se Irena.<\/p>\n\n\n\n<p>Rozhodla se proto, \u017ee to tak nenech\u00e1 b\u00fdt. A m\u00e1 v pl\u00e1nu obr\u00e1tit se na ombudsmana K\u0159e\u010dka. &#8222;Tohle je diskrimina\u010dn\u00ed p\u0159\u00edstup. Mlad\u00ed te\u010f nemaj\u00ed mo\u017enost si ud\u011blat \u0159idi\u010d\u00e1k na motorku. S t\u00edm se nesm\u00ed\u0159\u00edm. Nesly\u0161\u00edc\u00ed maj\u00ed m\u00edt stejn\u00e9 pr\u00e1vo \u0159\u00eddit motorku jako sly\u0161\u00edc\u00ed.&#8220; <br> <br>&#8212; <br> <br> Centrum pro nesly\u0161\u00edc\u00ed a nedosl\u00fdchav\u00e9 <br> <br>Hlavn\u00edm c\u00edlem je poskytov\u00e1n\u00ed soci\u00e1ln\u00edch slu\u017eeb pro osoby se sluchov\u00fdm posti\u017een\u00edm v\u0161ech v\u011bkov\u00fdch kategori\u00ed. <br>Krom\u011b tlumo\u010dnick\u00e9 slu\u017eby poskytuje i soci\u00e1ln\u00ed rehabilitaci. <br>V p\u0159\u00ed\u0161t\u00edm roce chce organizace rozjet projekt &#8222;IT gramotnost pro osoby se sluchov\u00fdm posti\u017een\u00edm&#8220;. <br>Ro\u010dn\u00ed rozpo\u010det organizace je 7,8 milionu korun.<\/p>\n\n\n\n<p>VERONIKA C\u00c9ZOV\u00c1<\/p>\n\n\n\n<p>Pra\u017esk\u00fd den\u00edk<\/p>\n\n\n\n<p><a rel=\"noreferrer noopener\" aria-label=\" (otev\u0159e se na nov\u00e9 z\u00e1lo\u017ece)\" href=\"http:\/\/www.prazsky.denik.cz\/\" target=\"_blank\">http:\/\/www.prazsky.denik.cz\/<\/a><\/p>\n","protected":false},"excerpt":{"rendered":"<div class=\"mh-excerpt\"><p>T\u011b\u017ek\u00fd p\u00e1d v osm\u00e9m m\u011bs\u00edci t\u011bhotenstv\u00ed zap\u0159\u00ed\u010dinil, \u017ee se Irena Maixnerov\u00e1 narodila jako nesly\u0161\u00edc\u00ed. &#8222;Cel\u00e1 rodina je sly\u0161\u00edc\u00ed. M\u00e1m o \u0161est let star\u0161\u00edho bratra a <a class=\"mh-excerpt-more\" href=\"https:\/\/www.invarena.cz\/?p=35153\" title=\"Irena: Nesly\u0161\u00edc\u00ed maj\u00ed m\u00edt stejn\u00e9 pr\u00e1vo \u0159\u00eddit motorku jako sly\u0161\u00edc\u00ed\">[&#8230;]<\/a><\/p>\n<\/div>","protected":false},"author":1,"featured_media":259,"comment_status":"open","ping_status":"closed","sticky":false,"template":"","format":"standard","meta":{"footnotes":""},"categories":[9],"tags":[],"class_list":["post-35153","post","type-post","status-publish","format-standard","has-post-thumbnail","hentry","category-zpravy"],"_links":{"self":[{"href":"https:\/\/www.invarena.cz\/index.php?rest_route=\/wp\/v2\/posts\/35153","targetHints":{"allow":["GET"]}}],"collection":[{"href":"https:\/\/www.invarena.cz\/index.php?rest_route=\/wp\/v2\/posts"}],"about":[{"href":"https:\/\/www.invarena.cz\/index.php?rest_route=\/wp\/v2\/types\/post"}],"author":[{"embeddable":true,"href":"https:\/\/www.invarena.cz\/index.php?rest_route=\/wp\/v2\/users\/1"}],"replies":[{"embeddable":true,"href":"https:\/\/www.invarena.cz\/index.php?rest_route=%2Fwp%2Fv2%2Fcomments&post=35153"}],"version-history":[{"count":0,"href":"https:\/\/www.invarena.cz\/index.php?rest_route=\/wp\/v2\/posts\/35153\/revisions"}],"wp:featuredmedia":[{"embeddable":true,"href":"https:\/\/www.invarena.cz\/index.php?rest_route=\/wp\/v2\/media\/259"}],"wp:attachment":[{"href":"https:\/\/www.invarena.cz\/index.php?rest_route=%2Fwp%2Fv2%2Fmedia&parent=35153"}],"wp:term":[{"taxonomy":"category","embeddable":true,"href":"https:\/\/www.invarena.cz\/index.php?rest_route=%2Fwp%2Fv2%2Fcategories&post=35153"},{"taxonomy":"post_tag","embeddable":true,"href":"https:\/\/www.invarena.cz\/index.php?rest_route=%2Fwp%2Fv2%2Ftags&post=35153"}],"curies":[{"name":"wp","href":"https:\/\/api.w.org\/{rel}","templated":true}]}}