{"id":35156,"date":"2020-10-22T16:31:57","date_gmt":"2020-10-22T14:31:57","guid":{"rendered":"http:\/\/www.invarena.cz\/?p=35156"},"modified":"2020-10-22T16:31:59","modified_gmt":"2020-10-22T14:31:59","slug":"nadace-cez-podporila-handicapovane-lyzare-2","status":"publish","type":"post","link":"https:\/\/www.invarena.cz\/?p=35156","title":{"rendered":"Nadace \u010cEZ podpo\u0159ila handicapovan\u00e9 ly\u017ea\u0159e"},"content":{"rendered":"\n<p>Nadace \u010cEZ ji\u017e n\u011bkolik let podporuje Centrum handicapovan\u00fdch ly\u017ea\u0159\u016f, kter\u00e9 se v\u011bnuje v zimn\u00edch st\u0159edisc\u00edch Krkono\u0161 komplexn\u011b ly\u017eov\u00e1n\u00ed t\u011blesn\u011b posti\u017een\u00fdch. K ly\u017eov\u00e1n\u00ed handicapovan\u00ed vyu\u017e\u00edvaj\u00ed kompenza\u010dn\u00ed pom\u016fcku monoski, d\u00edky kter\u00e9 se mohou zapojit do zimn\u00edch sport\u016f. V leto\u0161n\u00edm roce v r\u00e1mci nada\u010dn\u00ed podpory z\u00edskali handicapovan\u00ed ly\u017ea\u0159i \u010d\u00e1stku 111 tis\u00edc korun na n\u00e1kup u\u017eitkov\u00e9ho vozu a dal\u0161\u00edch 300 tis\u00edc na v\u00fdukov\u00e9 kurzy. <br><br>Centrum handicapovan\u00fdch ly\u017ea\u0159\u016f je neziskov\u00e1 organizace se s\u00eddlem v Jansk\u00fdch L\u00e1zn\u00edch, na \u00fazem\u00ed Kr\u00e1lov\u00e9hradeck\u00e9ho kraje. \u010cinnost sdru\u017een\u00ed je zam\u011b\u0159ena p\u0159edev\u0161\u00edm na ly\u017eov\u00e1n\u00ed t\u011b\u017ece t\u011blesn\u011b posti\u017een\u00fdch (ly\u017ea\u0159 voz\u00ed\u010dk\u00e1\u0159 = monoly\u017ea\u0159), kter\u00e9 je ur\u010deno p\u0159ev\u00e1\u017en\u011b mlad\u00fdm lidem a d\u011btem po t\u011b\u017ek\u00fdch \u00farazech p\u00e1te\u0159e, klient\u016fm s vrozen\u00fdmi vadami a s n\u00e1sledky po onemocn\u011bn\u00ed pohybov\u00e9ho apar\u00e1tu. Nadace \u010cEZ podporuje ly\u017ea\u0159e pravideln\u011b a v leto\u0161n\u00edm ne jednoduch\u00e9m roce handicapovan\u00ed ly\u017ea\u0159i dostali 111 tis\u00edc korun na n\u00e1kup vozidla pro p\u0159epravu \u00fa\u010dastn\u00edk\u016f v\u00fdukov\u00fdch kurz\u016f a paraly\u017ea\u0159\u016f reprezentant\u016f \u010cR na sportovn\u00ed kempy \u010di mezin\u00e1rodn\u00ed z\u00e1vody International Paralympic Committee. Dal\u0161\u00edch 300 tis\u00edc sportovci dostali na svou \u010dinnost.<\/p>\n\n\n\n<p>V\u00fdukov\u00fd program je zam\u011b\u0159en na \u0161irokou ve\u0159ejnost lid\u00ed s handicapem. V\u00fdukov\u00e9 kurzy prob\u00edhaj\u00ed formou v\u00edkendov\u00fdch a t\u00fddenn\u00edch pobytov\u00fdch akc\u00ed v zimn\u00edch st\u0159edisc\u00edch Krkono\u0161. Centrum realizuje v\u00fdukov\u00e9 kurzy ji\u017e 19 let a ka\u017edoro\u010dn\u011b do akc\u00ed zapoj\u00ed p\u0159es 100 handicapovan\u00fdch ly\u017ea\u0159\u016f. Na v\u00fdukov\u00fd program od roku 2004 navazuje program sportovn\u00ed, kter\u00fd je zam\u011b\u0159en na \u00fazkou skupinu handicapovan\u00fdch ly\u017ea\u0159\u016f, kte\u0159\u00ed se p\u0159ipravuj\u00ed na mezin\u00e1rodn\u00ed z\u00e1vody. <\/p>\n\n\n\n<p>Krkono\u0161sk\u00fd den\u00edk<\/p>\n\n\n\n<p><a rel=\"noreferrer noopener\" aria-label=\" (otev\u0159e se na nov\u00e9 z\u00e1lo\u017ece)\" href=\"https:\/\/krkonossky.denik.cz\/\" target=\"_blank\">https:\/\/krkonossky.denik.cz\/<\/a><br><\/p>\n","protected":false},"excerpt":{"rendered":"<div class=\"mh-excerpt\"><p>Nadace \u010cEZ ji\u017e n\u011bkolik let podporuje Centrum handicapovan\u00fdch ly\u017ea\u0159\u016f, kter\u00e9 se v\u011bnuje v zimn\u00edch st\u0159edisc\u00edch Krkono\u0161 komplexn\u011b ly\u017eov\u00e1n\u00ed t\u011blesn\u011b posti\u017een\u00fdch. K ly\u017eov\u00e1n\u00ed handicapovan\u00ed vyu\u017e\u00edvaj\u00ed kompenza\u010dn\u00ed <a class=\"mh-excerpt-more\" href=\"https:\/\/www.invarena.cz\/?p=35156\" title=\"Nadace \u010cEZ podpo\u0159ila handicapovan\u00e9 ly\u017ea\u0159e\">[&#8230;]<\/a><\/p>\n<\/div>","protected":false},"author":1,"featured_media":3317,"comment_status":"open","ping_status":"closed","sticky":false,"template":"","format":"standard","meta":{"footnotes":""},"categories":[9],"tags":[],"class_list":["post-35156","post","type-post","status-publish","format-standard","has-post-thumbnail","hentry","category-zpravy"],"_links":{"self":[{"href":"https:\/\/www.invarena.cz\/index.php?rest_route=\/wp\/v2\/posts\/35156","targetHints":{"allow":["GET"]}}],"collection":[{"href":"https:\/\/www.invarena.cz\/index.php?rest_route=\/wp\/v2\/posts"}],"about":[{"href":"https:\/\/www.invarena.cz\/index.php?rest_route=\/wp\/v2\/types\/post"}],"author":[{"embeddable":true,"href":"https:\/\/www.invarena.cz\/index.php?rest_route=\/wp\/v2\/users\/1"}],"replies":[{"embeddable":true,"href":"https:\/\/www.invarena.cz\/index.php?rest_route=%2Fwp%2Fv2%2Fcomments&post=35156"}],"version-history":[{"count":0,"href":"https:\/\/www.invarena.cz\/index.php?rest_route=\/wp\/v2\/posts\/35156\/revisions"}],"wp:featuredmedia":[{"embeddable":true,"href":"https:\/\/www.invarena.cz\/index.php?rest_route=\/wp\/v2\/media\/3317"}],"wp:attachment":[{"href":"https:\/\/www.invarena.cz\/index.php?rest_route=%2Fwp%2Fv2%2Fmedia&parent=35156"}],"wp:term":[{"taxonomy":"category","embeddable":true,"href":"https:\/\/www.invarena.cz\/index.php?rest_route=%2Fwp%2Fv2%2Fcategories&post=35156"},{"taxonomy":"post_tag","embeddable":true,"href":"https:\/\/www.invarena.cz\/index.php?rest_route=%2Fwp%2Fv2%2Ftags&post=35156"}],"curies":[{"name":"wp","href":"https:\/\/api.w.org\/{rel}","templated":true}]}}