{"id":35162,"date":"2020-10-23T14:42:05","date_gmt":"2020-10-23T12:42:05","guid":{"rendered":"http:\/\/www.invarena.cz\/?p=35162"},"modified":"2020-10-23T14:42:07","modified_gmt":"2020-10-23T12:42:07","slug":"osmnactilety-ladislav-z-borovan-ma-jediny-sen-postavit-se-na-vlastni-nohy","status":"publish","type":"post","link":"https:\/\/www.invarena.cz\/?p=35162","title":{"rendered":"Osmn\u00e1ctilet\u00fd Ladislav z Borovan m\u00e1 jedin\u00fd sen: Postavit se na vlastn\u00ed nohy"},"content":{"rendered":"\n<p>Jeho nejv\u011bt\u0161\u00edm snem, kter\u00fd mohou podpo\u0159it i \u010dten\u00e1\u0159i Den\u00edku, je proj\u00edt se s berlemi a alespo\u0148 chv\u00edli zapomenout na invalidn\u00ed voz\u00edk. &#8222;C\u00edtit se prost\u011b jako norm\u00e1ln\u00ed kluk!&#8220; <br> <br>Ladislav studuje na st\u0159edn\u00ed \u0161kole obor ekonomika a podnik\u00e1n\u00ed. D\u00edky v\u010dasn\u00e9 diagnostice a pravideln\u00e9mu cvi\u010den\u00ed m\u011bl re\u00e1lnou \u0161anci alespo\u0148 trochu se pohybovat ch\u016fz\u00ed. Cestu za jeho snem v\u0161ak ne\u010dekan\u011b zkomplikoval l\u00e9ka\u0159, kter\u00fd mu p\u0159i operaci p\u0159eru\u0161il ob\u011b Achillovy \u0161lachy a nepoveden\u00fd z\u00e1krok rodi\u010d\u016fm nep\u0159iznal. N\u00e1sledovala \u0159ada reoperac\u00ed v re\u017eii zku\u0161en\u00e9ho l\u00e9ka\u0159e z Fakultn\u00ed nemocnice Motol a Ladislav pokra\u010duje ve spln\u011bn\u00ed sv\u00e9ho p\u0159\u00e1n\u00ed.<\/p>\n\n\n\n<p>Jak p\u0159ibl\u00ed\u017eila maminka Jana Fenclov\u00e1, synovi mozkovou obrnu diagnostikovali hned po narozen\u00ed. &#8222;U\u017e b\u011bhem pobytu v nemocnici jsme s n\u00edm za\u010dali cvi\u010dit Vojtovu metodu, a to a\u017e p\u011btkr\u00e1t denn\u011b. Po propu\u0161t\u011bn\u00ed dom\u016f jsme v intenzivn\u00edm cvi\u010den\u00ed pokra\u010dovali,\u201d popsala.<\/p>\n\n\n\n<p>NE\u0160ETRN\u00dd Z\u00c1KROK<\/p>\n\n\n\n<p>P\u0159ed dvan\u00e1cti lety Ladislav\u016fv l\u00e9ka\u0159 navrhl ortopedickou operaci nohou, p\u0159i kter\u00e9 m\u011blo doj\u00edt k uvoln\u011bn\u00ed sval\u016f tak, aby v budoucnosti nehrozilo vyklouben\u00ed ky\u010dl\u00ed. B\u011bhem v\u00fdkonu se l\u00e9ka\u0159 neo\u010dek\u00e1van\u011b rozhodl k tzv. prolongaci obou Achillov\u00fdch \u0161lach v oblasti kotn\u00edk\u016f. &#8222;Z\u00e1krok vedl zcela ne\u0161etrn\u00fdm zp\u016fsobem. To, \u017ee byl proveden jsme zjistili, a\u017e kdy\u017e si syn, kter\u00fd byl po operaci v s\u00e1drov\u00e9 fixaci obou nohou, po\u0159\u00e1d st\u011b\u017eoval na bolesti v oblasti obou kotn\u00edk\u016f,&#8220; vysv\u011btlila Jana s t\u00edm, \u017ee s odstupem \u010dasu v\u0161e potvrdili i fyzioterapeut\u00e9.<\/p>\n\n\n\n<p>Pro rodi\u010de to bylo obrovsk\u00e9 zklam\u00e1n\u00ed a pocit zrady ze strany l\u00e9ka\u0159\u016f. &#8222;Jako laici jsme jim naprosto d\u016fv\u011b\u0159ovali. Po\u0159\u00e1d jsme se ptali, pro\u010d nen\u00ed zn\u00e1t \u017e\u00e1dn\u00fd pokrok, netu\u0161ili jsme, \u017ee kryj\u00ed sv\u016fj pr\u016f\u0161vih,&#8220; povzdychla si. Zpracovat \u0161ok z odhalen\u00ed chv\u00edli trvalo. &#8222;Trochu jsme si i vy\u010d\u00edtali, \u017ee jsme chybu neodhalili d\u0159\u00edve. Do toho jsme \u017eili b\u011b\u017en\u00fdmi starostmi ka\u017ed\u00e9 rodiny, starali se o dom\u00e1cnost, chodili do zam\u011bstn\u00e1n\u00ed. Necht\u011bli jsme p\u0159ed d\u011btmi d\u00e1t najevo, \u017ee n\u00e1s n\u011bco tr\u00e1p\u00ed,&#8220; zavzpom\u00ednala na ud\u00e1losti.<\/p>\n\n\n\n<p>MOHL U\u017d CHODIT<\/p>\n\n\n\n<p>I Ladislava star\u00e1 k\u0159ivda tr\u00e1p\u00ed a v podstat\u011b s n\u00ed \u017eije dosud. &#8222;A\u017e s p\u0159ib\u00fdvaj\u00edc\u00edm v\u011bkem jsem si uv\u011bdomil, \u017ee jsem mohl u\u017e d\u00e1vno chodit, kdyby mi to nezkazili,&#8220; \u0159\u00edk\u00e1 dot\u010den\u011b.<\/p>\n\n\n\n<p>Rodi\u010de proto vyhledali odbornou pomoc ve Fakultn\u00ed nemocnici Motol u ortopedick\u00fdch l\u00e9ka\u0159\u016f a sna\u017eili se u nich naj\u00edt z\u00e1chranu. &#8222;L\u00e9ka\u0159i se shodli, \u017ee operace byly zcela nepoveden\u00e9 a zhrozili se, k jak\u00fdm deformac\u00edm nohou zbyte\u010dn\u011b do\u0161lo,&#8220; nazna\u010dila. Bylo t\u0159eba celkem \u0161esti reoperac\u00ed, aby Ladislav ud\u011blal samostatn\u011b alespo\u0148 t\u0159i kroky. &#8222;Proto jsme se u\u010dili s L\u00e1\u010fou manipulovat, abychom ochr\u00e1nili jeho i sv\u00e9 zdrav\u00ed. P\u0159eci jenom rostl, mohutn\u011bl a bez pomoci se nedok\u00e1zal p\u0159em\u00edstit,&#8220; dodala Jana Fenclov\u00e1.<\/p>\n\n\n\n<p>CHCE B\u00ddT SAMOSTAN\u00dd A FAND\u00cd HOKEJI<\/p>\n\n\n\n<p>L\u00e1\u010fa studuje st\u0159edn\u00ed \u0161kolu v \u010cesk\u00fdch Bud\u011bjovic\u00edch, b\u011b\u017en\u011b mu pom\u00e1h\u00e1 asistentka. &#8222;Nyn\u00ed m\u00e1m distan\u010dn\u00ed v\u00fduku a u\u010d\u00edm se z domova,&#8220; zm\u00ednil. <\/p>\n\n\n\n<p>Posledn\u00ed p\u016fl roku pou\u017e\u00edv\u00e1 elektrick\u00fd voz\u00edk a sna\u017e\u00ed se tak b\u00fdt samostatn\u00fd v pohybu. &#8222;M\u00e1 to velkou v\u00fdhodu, proto\u017ee ho nemus\u00ed nikdo tla\u010dit,&#8220; doplnila maminka. <\/p>\n\n\n\n<p>L\u00e1\u010fa miluje hokej v\u017edy a v\u0161ude. &#8222;Fand\u00edm \u010deskobud\u011bjovick\u00e9mu Motoru a sleduji tak\u00e9 NHL,&#8220; up\u0159esnil. Ve voln\u00e9m \u010dase cvi\u010d\u00ed nejen ch\u016fzi, ale posiluje svaly cel\u00e9ho t\u011bla. &#8222;M\u00e1m tak\u00e9 moc r\u00e1d sv\u00e9 dva dom\u00e1c\u00ed mazl\u00ed\u010dky, psa Eddieho a kocoura Leonarda,&#8220; pochlubil se dal\u0161\u00edmi \u010dleny dom\u00e1cnosti.  <\/p>\n\n\n\n<p>N\u00c1KLADN\u00c1 L\u00c9\u010cBA<\/p>\n\n\n\n<p>Ladislav a jeho rodina zvl\u00e1daj\u00ed boj s nemoc\u00ed a jej\u00edmi projevy velmi dob\u0159e. Absolvov\u00e1n\u00ed intenzivn\u00ed m\u011bs\u00ed\u010dn\u00ed terapie na Neurorehabilita\u010dn\u00ed klinice Axon v Praze d\u00e1v\u00e1 v\u0161em nad\u011bjnou \u0161anci, \u017ee bude jednou samostatn\u011b chodit, rodina si bohu\u017eel nem\u016f\u017ee dovolit takovou finan\u010dn\u00ed z\u00e1t\u011b\u017e. L\u00e9\u010dba, kter\u00e1 vych\u00e1z\u00ed na 106 340 korun, by mlad\u00e9mu mu\u017ei mohla pomoci k v\u011bt\u0161\u00ed sebejistot\u011b v n\u00e1cviku ch\u016fze, zlep\u0161en\u00ed postaven\u00ed t\u011bla i psychick\u00e9 podpo\u0159e. &#8222;Ur\u010dit\u011b bude v\u011bd\u011bt, \u017ee stoj\u00ed za to \u017e\u00edt,&#8220; m\u00edn\u00ed Jana Fenclov\u00e1.<\/p>\n\n\n\n<p>Jeho nejv\u011bt\u0161\u00edm snem, kter\u00fd mohou nyn\u00ed podpo\u0159it i \u010dten\u00e1\u0159i Den\u00edku, je proj\u00edt se s berlemi a alespo\u0148 chv\u00edli zapomenout na invalidn\u00ed voz\u00edk. &#8222;C\u00edtit se prost\u011b jako norm\u00e1ln\u00ed kluk,&#8220; uzav\u0159ela.<\/p>\n\n\n\n<p>Podpo\u0159it Ladislava a jeho rodinu v boji se z\u00e1ke\u0159nou nemoc\u00ed lze na d\u00e1rcovsk\u00e9 platform\u011b Donio.cz: https:\/\/www.donio.cz\/NeurorehabilitaceProLadislava nebo prost\u0159ednictv\u00edm transparentn\u00edho \u00fa\u010dtu 2601572011\/2010, kter\u00fd je spravov\u00e1n Nada\u010dn\u00edm fondem AXON. Do pozn\u00e1mky pro p\u0159\u00edjemce sta\u010d\u00ed napsat &#8222;Ladislav Fencl\u201d nebo uv\u00e9st variabiln\u00ed symbol 20028.<\/p>\n\n\n\n<p>Lenka Posp\u00ed\u0161ilov\u00e1<\/p>\n\n\n\n<p>Strakonick\u00fd den\u00edk<\/p>\n\n\n\n<p><a rel=\"noreferrer noopener\" aria-label=\" (otev\u0159e se na nov\u00e9 z\u00e1lo\u017ece)\" href=\"https:\/\/strakonicky.denik.cz\/\" target=\"_blank\">https:\/\/strakonicky.denik.cz\/<\/a><\/p>\n","protected":false},"excerpt":{"rendered":"<div class=\"mh-excerpt\"><p>Jeho nejv\u011bt\u0161\u00edm snem, kter\u00fd mohou podpo\u0159it i \u010dten\u00e1\u0159i Den\u00edku, je proj\u00edt se s berlemi a alespo\u0148 chv\u00edli zapomenout na invalidn\u00ed voz\u00edk. &#8222;C\u00edtit se prost\u011b jako <a class=\"mh-excerpt-more\" href=\"https:\/\/www.invarena.cz\/?p=35162\" title=\"Osmn\u00e1ctilet\u00fd Ladislav z Borovan m\u00e1 jedin\u00fd sen: Postavit se na vlastn\u00ed nohy\">[&#8230;]<\/a><\/p>\n<\/div>","protected":false},"author":1,"featured_media":0,"comment_status":"open","ping_status":"closed","sticky":false,"template":"","format":"standard","meta":{"footnotes":""},"categories":[9],"tags":[],"class_list":["post-35162","post","type-post","status-publish","format-standard","hentry","category-zpravy"],"_links":{"self":[{"href":"https:\/\/www.invarena.cz\/index.php?rest_route=\/wp\/v2\/posts\/35162","targetHints":{"allow":["GET"]}}],"collection":[{"href":"https:\/\/www.invarena.cz\/index.php?rest_route=\/wp\/v2\/posts"}],"about":[{"href":"https:\/\/www.invarena.cz\/index.php?rest_route=\/wp\/v2\/types\/post"}],"author":[{"embeddable":true,"href":"https:\/\/www.invarena.cz\/index.php?rest_route=\/wp\/v2\/users\/1"}],"replies":[{"embeddable":true,"href":"https:\/\/www.invarena.cz\/index.php?rest_route=%2Fwp%2Fv2%2Fcomments&post=35162"}],"version-history":[{"count":0,"href":"https:\/\/www.invarena.cz\/index.php?rest_route=\/wp\/v2\/posts\/35162\/revisions"}],"wp:attachment":[{"href":"https:\/\/www.invarena.cz\/index.php?rest_route=%2Fwp%2Fv2%2Fmedia&parent=35162"}],"wp:term":[{"taxonomy":"category","embeddable":true,"href":"https:\/\/www.invarena.cz\/index.php?rest_route=%2Fwp%2Fv2%2Fcategories&post=35162"},{"taxonomy":"post_tag","embeddable":true,"href":"https:\/\/www.invarena.cz\/index.php?rest_route=%2Fwp%2Fv2%2Ftags&post=35162"}],"curies":[{"name":"wp","href":"https:\/\/api.w.org\/{rel}","templated":true}]}}