{"id":35165,"date":"2020-10-23T14:49:53","date_gmt":"2020-10-23T12:49:53","guid":{"rendered":"http:\/\/www.invarena.cz\/?p=35165"},"modified":"2020-10-23T14:49:54","modified_gmt":"2020-10-23T12:49:54","slug":"sedy-zakal-lze-odstranit-snadno-a-rychle","status":"publish","type":"post","link":"https:\/\/www.invarena.cz\/?p=35165","title":{"rendered":"\u0160ed\u00fd z\u00e1kal lze odstranit snadno a rychle"},"content":{"rendered":"\n<p>\u0160ed\u00fd z\u00e1kal je nej\u010dast\u011bj\u0161\u00ed p\u0159\u00ed\u010dinou oslepnut\u00ed na sv\u011bt\u011b. Objevuje se jako doprovodn\u00fd faktor st\u00e1rnut\u00ed po 60. roce \u017eivota. Nen\u00ed se ale \u010deho ob\u00e1vat, bezbolestn\u00e1 operace v\u0161e vy\u0159e\u0161\u00ed. V dne\u0161n\u00ed dob\u011b jde o rutinn\u00ed z\u00e1krok, po kter\u00e9m se pacienti prakticky okam\u017eit\u011b vrac\u00ed do b\u011b\u017en\u00e9ho \u017eivota. D\u00edky nejmodern\u011bj\u0161\u00ed laserov\u00e9 metod\u011b lze \u0161ed\u00fd z\u00e1kal odstranit rychle a bez pou\u017eit\u00ed ostr\u00fdch n\u00e1stroj\u016f. <br> <br>\u0158e\u0161en\u00ed \u0161ed\u00e9ho z\u00e1kalu je rychl\u00e9 a bezbolestn\u00e9 <br> <br>Katarakta z\u00e1sadn\u011b ovliv\u0148uje vid\u011bn\u00ed pacienta. Posti\u017een\u00fd popisuje zaml\u017een\u00e9 vid\u011bn\u00ed jako p\u0159es z\u00e1voj nebo igelit. H\u016f\u0159e vn\u00edm\u00e1 barvy nebo vid\u00ed zkreslen\u011b. \u0160ed\u00fd z\u00e1kal nelze l\u00e9\u010dit, \u0159e\u0161en\u00edm je pouze operace.<\/p>\n\n\n\n<p>&#8222;Modern\u00ed medic\u00edna umo\u017e\u0148uje operovat \u0161etrn\u011b a bez bolesti. Samotn\u00fd z\u00e1krok trv\u00e1 kolem 15 minut a pacient po n\u011bm odch\u00e1z\u00ed dom\u016f,&#8220; \u0159\u00edk\u00e1 mikrochirug O\u010dn\u00ed kliniky DuoVize Praha MUDr. Lubom\u00edr Tov\u00e1rek. <br> <br>Operace v\u00e1m vr\u00e1t\u00ed chu\u0165 do \u017eivota <br> <br>Pacienti po operaci \u0161ed\u00e9ho z\u00e1kalu jsou v lep\u0161\u00ed du\u0161evn\u00ed a fyzick\u00e9 kondici, l\u00e9pe sp\u00ed, vrac\u00ed se jim optimismus a pozitivn\u00ed postoj k \u017eivotu. Op\u011bt \u017eij\u00ed aktivn\u011b, \u0159\u00edd\u00ed auto, v\u011bnuj\u00ed se sv\u00fdm d\u0159\u00edv\u011bj\u0161\u00edm z\u00e1lib\u00e1m, vrac\u00ed se do spole\u010densk\u00e9ho \u017eivota. I proto je samoz\u0159ejm\u011b lep\u0161\u00ed operovat co nejd\u0159\u00edve. &#8222;P\u0159i z\u00e1kroku odstran\u00edme zakalenou \u010do\u010dku a vym\u011bn\u00edme ji za um\u011blou. P\u0159i jednom z\u00e1kroku lze tak\u00e9 korigovat dal\u0161\u00ed o\u010dn\u00ed vady. Pacient si m\u016f\u017ee vybrat r\u016fzn\u00e9 typy \u010do\u010dek podle sv\u00fdch pot\u0159eb,&#8220; vysv\u011btluje prim\u00e1\u0159ka O\u010dn\u00ed kliniky DuoVize MUDr. Lucie Vale\u0161ov\u00e1. Asf\u00e9rick\u00e9 \u010do\u010dky zlep\u0161uj\u00ed vid\u011bn\u00ed za \u0161era, jsou ide\u00e1ln\u00ed pro \u0159\u00edzen\u00ed auta \u010di sledov\u00e1n\u00ed televize. Torick\u00e9 koriguj\u00ed astigmatismus, tedy cylindrick\u00e9 dioptrie. Trifok\u00e1ln\u00ed \u010do\u010dky jsou vlastn\u011b ide\u00e1ln\u00edm \u0159e\u0161en\u00edm, proto\u017ee upravuj\u00ed vid\u011bn\u00ed do v\u0161ech t\u0159\u00ed vzd\u00e1lenost\u00ed, na \u010dten\u00ed, na po\u010d\u00edta\u010d i do d\u00e1lky. <br> <br>Modern\u00ed technologie pom\u00e1haj\u00ed <br> <br>Nej\u0161etrn\u011bj\u0161\u00edm zp\u016fsobem operace je vyu\u017eit\u00ed femtosekundov\u00e9ho laseru LenSx, kter\u00fd zvy\u0161uje bezpe\u010dnost a p\u0159esnost z\u00e1kroku. Oko je vystaveno p\u016fsoben\u00ed laseru pouh\u00fdch deset vte\u0159in, b\u011bhem nich\u017e provede pot\u0159ebn\u00e9 mikro\u0159ezy a otev\u0159e pouzdro \u010do\u010dky. Pot\u00e9 mikrochirurg vym\u011bn\u00ed po\u0161kozenou \u010do\u010dku. Nepot\u0159ebuje \u017e\u00e1dn\u00e9 ostr\u00e9 n\u00e1stroje, skalpel je pln\u011b nahrazen precizn\u00edm laserov\u00fdm paprskem.<\/p>\n\n\n\n<p>D\u00edky vyu\u017eit\u00ed nejmodern\u011bj\u0161\u00edch technologi\u00ed se tak\u00e9 zna\u010dn\u011b zkracuje doba rekonvalescence, zlep\u0161uje hojen\u00ed a pacienti se ji\u017e druh\u00fd den po operaci vrac\u00ed k b\u011b\u017en\u00fdm \u010dinnostem.<\/p>\n\n\n\n<p>Pra\u017esk\u00fd den\u00edk<\/p>\n\n\n\n<p><a rel=\"noreferrer noopener\" aria-label=\" (otev\u0159e se na nov\u00e9 z\u00e1lo\u017ece)\" href=\"http:\/\/www.prazsky.denik.cz\/\" target=\"_blank\">http:\/\/www.prazsky.denik.cz\/<\/a><\/p>\n","protected":false},"excerpt":{"rendered":"<div class=\"mh-excerpt\"><p>\u0160ed\u00fd z\u00e1kal je nej\u010dast\u011bj\u0161\u00ed p\u0159\u00ed\u010dinou oslepnut\u00ed na sv\u011bt\u011b. Objevuje se jako doprovodn\u00fd faktor st\u00e1rnut\u00ed po 60. roce \u017eivota. Nen\u00ed se ale \u010deho ob\u00e1vat, bezbolestn\u00e1 operace <a class=\"mh-excerpt-more\" href=\"https:\/\/www.invarena.cz\/?p=35165\" title=\"\u0160ed\u00fd z\u00e1kal lze odstranit snadno a rychle\">[&#8230;]<\/a><\/p>\n<\/div>","protected":false},"author":1,"featured_media":34256,"comment_status":"open","ping_status":"closed","sticky":false,"template":"","format":"standard","meta":{"footnotes":""},"categories":[9],"tags":[],"class_list":["post-35165","post","type-post","status-publish","format-standard","has-post-thumbnail","hentry","category-zpravy"],"_links":{"self":[{"href":"https:\/\/www.invarena.cz\/index.php?rest_route=\/wp\/v2\/posts\/35165","targetHints":{"allow":["GET"]}}],"collection":[{"href":"https:\/\/www.invarena.cz\/index.php?rest_route=\/wp\/v2\/posts"}],"about":[{"href":"https:\/\/www.invarena.cz\/index.php?rest_route=\/wp\/v2\/types\/post"}],"author":[{"embeddable":true,"href":"https:\/\/www.invarena.cz\/index.php?rest_route=\/wp\/v2\/users\/1"}],"replies":[{"embeddable":true,"href":"https:\/\/www.invarena.cz\/index.php?rest_route=%2Fwp%2Fv2%2Fcomments&post=35165"}],"version-history":[{"count":0,"href":"https:\/\/www.invarena.cz\/index.php?rest_route=\/wp\/v2\/posts\/35165\/revisions"}],"wp:featuredmedia":[{"embeddable":true,"href":"https:\/\/www.invarena.cz\/index.php?rest_route=\/wp\/v2\/media\/34256"}],"wp:attachment":[{"href":"https:\/\/www.invarena.cz\/index.php?rest_route=%2Fwp%2Fv2%2Fmedia&parent=35165"}],"wp:term":[{"taxonomy":"category","embeddable":true,"href":"https:\/\/www.invarena.cz\/index.php?rest_route=%2Fwp%2Fv2%2Fcategories&post=35165"},{"taxonomy":"post_tag","embeddable":true,"href":"https:\/\/www.invarena.cz\/index.php?rest_route=%2Fwp%2Fv2%2Ftags&post=35165"}],"curies":[{"name":"wp","href":"https:\/\/api.w.org\/{rel}","templated":true}]}}