{"id":35172,"date":"2020-10-27T18:55:05","date_gmt":"2020-10-27T17:55:05","guid":{"rendered":"http:\/\/www.invarena.cz\/?p=35172"},"modified":"2020-10-27T18:55:07","modified_gmt":"2020-10-27T17:55:07","slug":"nedoslychave-mamince-ukradli-drahy-pristroj","status":"publish","type":"post","link":"https:\/\/www.invarena.cz\/?p=35172","title":{"rendered":"Nedosl\u00fdchav\u00e9 mamince ukradli drah\u00fd p\u0159\u00edstroj"},"content":{"rendered":"\n<p>\u017dena z Otrokovic trp\u00ed onemocn\u011bn\u00edm, kv\u016fli kter\u00e9mu pot\u0159ebuje \u0159e\u010dov\u00fd procesor. Nyn\u00ed sh\u00e1n\u00ed pen\u00edze na koupi nov\u00e9ho.<\/p>\n\n\n\n<p>&#8222;Nemohla jsem uv\u011b\u0159it tomu, \u017ee m\u011b n\u011bkdo takto okradl. Na druhou stranu, asi se to muselo st\u00e1t. Proto, abych se mohla o svou zku\u0161enost pod\u011blit a varovat ostatn\u00ed,&#8220; vypr\u00e1v\u00ed osma\u010dty\u0159icetilet\u00e1 maminka dvou mal\u00fdch \u0161kol\u00e1k\u016f Andrea Grechov\u00e1 z Otrokovic. Od narozen\u00ed trp\u00ed t\u011b\u017ekou nedosl\u00fdchavost\u00ed, za\u010d\u00e1tkem srpna byla ale v Praze p\u0159i \u010dek\u00e1n\u00ed na vlak okradena o \u0159e\u010dov\u00fd procesor, nezbytnou sou\u010d\u00e1st takzvan\u00e9ho Kochle\u00e1rn\u00edho implant\u00e1tu.<\/p>\n\n\n\n<p>&#8222;Kdy\u017e jsem se narodila, l\u00e9ka\u0159i rodi\u010d\u016fm \u0159ekli, \u017ee trp\u00edm t\u011b\u017ekou nedosl\u00fdchavost\u00ed t\u0159et\u00edho stupn\u011b. A i kdy\u017e jsem pozd\u011bji vyu\u017e\u00edvala digit\u00e1ln\u00ed naslouch\u00e1tko, jeho\u017e pomoc\u00ed mohu nap\u0159\u00edklad telefonovat, musela jsem zv\u00e1\u017eit, zda p\u016fjdu do toho, aby mi byl voperov\u00e1n implant\u00e1t,&#8220; \u0159\u00edk\u00e1.<\/p>\n\n\n\n<p>Po zhruba dvou m\u011bs\u00edc\u00edch od operace, kterou absolvovala v pra\u017esk\u00e9m Motole, se m\u011bla podrobit nastaven\u00ed \u0159e\u010dov\u00e9ho procesoru. &#8222;Kdy\u017e jsem vn\u00edmala zvuk, bylo to \u00fa\u017easn\u00e9. Poprv\u00e9 jsem vn\u00edmala sv\u016fj hlas. Pamatuji si, jak jsem byla s d\u011btmi na bor\u016fvk\u00e1ch a poprv\u00e9 v \u017eivot\u011b sly\u0161ela \u0161um\u011bn\u00ed lesa,&#8220; vzpom\u00edn\u00e1 maminka. <br> <br>Kdy\u017e se ale Andrea Grechov\u00e1 po prvn\u00edm nastaven\u00ed \u0159e\u010dov\u00e9ho procesoru v Motole 5. srpna vracela dom\u016f do Otrokovic, setkala se p\u0159ed odjezdem s kamar\u00e1dkou na Hlavn\u00edm n\u00e1dra\u017e\u00ed.<\/p>\n\n\n\n<p>&#8222;P\u0159i\u0161la za n\u00e1mi takov\u00e1 hol\u010dina, dob\u0159e oble\u010den\u00e1 a slu\u0161n\u00e1. Prosila n\u00e1s, \u017ee se pot\u0159ebuje dostat dom\u016f a nem\u00e1 na vlak. Tak jsme prohled\u00e1valy ob\u011b dv\u011b pen\u011b\u017eenky, &#8220; vzpom\u00edn\u00e1.<\/p>\n\n\n\n<p>Jen co se d\u00edvka ztratila v davu, pan\u00ed Andrea zjistila, \u017ee j\u00ed chyb\u00ed \u0159e\u010dov\u00fd procesor. &#8222;Musela m\u00edt komplice. Mo\u017en\u00e1 si mysleli, \u017ee jde o mp3 p\u0159ehr\u00e1va\u010d, ale nap\u0159\u00edklad na e-ztr\u00e1ty na Hlavn\u00edm n\u00e1dra\u017e\u00ed jej nikdo nevr\u00e1til. My jsme ho tam t\u0159i hodiny s kamar\u00e1dkou hledaly, byla to stra\u0161n\u00e1 beznad\u011bj,&#8220; l\u00ed\u010d\u00ed maminka t\u011b\u017ek\u00e9 chvilky. Lidem, kte\u0159\u00ed ji okradli, nebude za\u0159\u00edzen\u00ed nic platn\u00e9.<\/p>\n\n\n\n<p>&#8222;Zlod\u011bji to na nic nen\u00ed, druhou \u010d\u00e1st m\u00e1m j\u00e1,&#8220; vysv\u011btluje, ona sama v\u0161ak p\u0159i\u0161la o 225 tis\u00edc korun, pr\u00e1v\u011b tolik je toti\u017e hodnota t\u00e9to \u010d\u00e1sti \u0159e\u010dov\u00e9ho procesoru. &#8222;Spole\u010dnost kter\u00e1 implant\u00e1ty vyr\u00e1b\u00ed, mi jej zat\u00edm zap\u016fj\u010dila, druh\u00fd mi v\u0161ak poji\u0161\u0165ovna p\u0159es ve\u0161ker\u00e9 dostupn\u00e9 intervence neproplat\u00ed,&#8220; povzdechla si pan\u00ed Andrea. Proto se obr\u00e1tila se sv\u00fdm p\u0159\u00edb\u011bhem na nejr\u016fzn\u011bj\u0161\u00ed nadace a neziskov\u00e9 organizace o pomoc se sb\u00edrkou na nov\u00fd \u0159e\u010dov\u00fd procesor.<\/p>\n\n\n\n<p>&#8222;U\u017e se mi ozvala Nadace V\u00fdbor dobr\u00e9 v\u016fle \u2013 Olgy Havlov\u00e9, Nadace Charty 77, ozvala se i Nadace J&amp;T, Nadace Agrofert a Charita Otrokovice, v\u0161em moc za v\u0161echno d\u011bkuji. I t\u011bm, kte\u0159\u00ed p\u0159isp\u011bli anonymn\u011b. Nesm\u00edrn\u011b si v\u00e1\u017e\u00edm ka\u017ed\u00e9 pomoci,&#8220; \u0159\u00edk\u00e1. P\u0159ipomn\u011bla i sb\u00edrku ve zl\u00ednsk\u00e9m evangelick\u00e9m kostele, kde se za ni slou\u017eila i m\u0161e. Dodnes se poda\u0159ilo z\u00edskat kolem 140 tis\u00edc korun. Sama Andrea pracuje jako vedouc\u00ed Chr\u00e1n\u011bn\u00e9 d\u00edlny Ardien Digital, kde zaji\u0161\u0165uje digitalizaci dat a fakturaci a pom\u00e1h\u00e1 osob\u00e1m se zdravotn\u00edm posti\u017een\u00edm. &#8222;Dok\u00e1\u017eu se v\u017e\u00edt do jejich osud\u016f,&#8220; usm\u00e1la se nakonec. <br> <br>Co je Kochle\u00e1rn\u00ed implant\u00e1t? Druh implantovan\u00e9ho p\u0159\u00edstroje na pomoc sluchov\u011b posti\u017een\u00fdm lidem, kter\u00fd se vkl\u00e1d\u00e1 do vnit\u0159n\u00edho ucha, stimuluje nervy a nahrazuje funkci hlem\u00fd\u017ed\u011b. Pom\u00e1h\u00e1 tak zachytit okoln\u00ed zvuky v\u010detn\u011b \u0159e\u010di a hudby.<\/p>\n\n\n\n<p>JANA VOZ\u00c1ROV\u00c1<\/p>\n\n\n\n<p>Krom\u011b\u0159\u00ed\u017esk\u00fd den\u00edk<\/p>\n\n\n\n<p><a rel=\"noreferrer noopener\" aria-label=\" (otev\u0159e se na nov\u00e9 z\u00e1lo\u017ece)\" href=\"http:\/\/kromerizsky.denik.cz\/\" target=\"_blank\">http:\/\/kromerizsky.denik.cz\/<\/a><\/p>\n","protected":false},"excerpt":{"rendered":"<div class=\"mh-excerpt\"><p>\u017dena z Otrokovic trp\u00ed onemocn\u011bn\u00edm, kv\u016fli kter\u00e9mu pot\u0159ebuje \u0159e\u010dov\u00fd procesor. Nyn\u00ed sh\u00e1n\u00ed pen\u00edze na koupi nov\u00e9ho. &#8222;Nemohla jsem uv\u011b\u0159it tomu, \u017ee m\u011b n\u011bkdo takto okradl. <a class=\"mh-excerpt-more\" href=\"https:\/\/www.invarena.cz\/?p=35172\" title=\"Nedosl\u00fdchav\u00e9 mamince ukradli drah\u00fd p\u0159\u00edstroj\">[&#8230;]<\/a><\/p>\n<\/div>","protected":false},"author":1,"featured_media":32223,"comment_status":"open","ping_status":"closed","sticky":false,"template":"","format":"standard","meta":{"footnotes":""},"categories":[9],"tags":[],"class_list":["post-35172","post","type-post","status-publish","format-standard","has-post-thumbnail","hentry","category-zpravy"],"_links":{"self":[{"href":"https:\/\/www.invarena.cz\/index.php?rest_route=\/wp\/v2\/posts\/35172","targetHints":{"allow":["GET"]}}],"collection":[{"href":"https:\/\/www.invarena.cz\/index.php?rest_route=\/wp\/v2\/posts"}],"about":[{"href":"https:\/\/www.invarena.cz\/index.php?rest_route=\/wp\/v2\/types\/post"}],"author":[{"embeddable":true,"href":"https:\/\/www.invarena.cz\/index.php?rest_route=\/wp\/v2\/users\/1"}],"replies":[{"embeddable":true,"href":"https:\/\/www.invarena.cz\/index.php?rest_route=%2Fwp%2Fv2%2Fcomments&post=35172"}],"version-history":[{"count":0,"href":"https:\/\/www.invarena.cz\/index.php?rest_route=\/wp\/v2\/posts\/35172\/revisions"}],"wp:featuredmedia":[{"embeddable":true,"href":"https:\/\/www.invarena.cz\/index.php?rest_route=\/wp\/v2\/media\/32223"}],"wp:attachment":[{"href":"https:\/\/www.invarena.cz\/index.php?rest_route=%2Fwp%2Fv2%2Fmedia&parent=35172"}],"wp:term":[{"taxonomy":"category","embeddable":true,"href":"https:\/\/www.invarena.cz\/index.php?rest_route=%2Fwp%2Fv2%2Fcategories&post=35172"},{"taxonomy":"post_tag","embeddable":true,"href":"https:\/\/www.invarena.cz\/index.php?rest_route=%2Fwp%2Fv2%2Ftags&post=35172"}],"curies":[{"name":"wp","href":"https:\/\/api.w.org\/{rel}","templated":true}]}}