{"id":35175,"date":"2020-10-27T19:10:09","date_gmt":"2020-10-27T18:10:09","guid":{"rendered":"http:\/\/www.invarena.cz\/?p=35175"},"modified":"2020-10-27T19:10:11","modified_gmt":"2020-10-27T18:10:11","slug":"diabetes-druheho-typu-cukrovku-muze-rozjet-i-velky-stres","status":"publish","type":"post","link":"https:\/\/www.invarena.cz\/?p=35175","title":{"rendered":"Diabetes druh\u00e9ho typu. Cukrovku m\u016f\u017ee rozjet i velk\u00fd stres"},"content":{"rendered":"\n<p>Po\u010det lid\u00ed s cukrovkou 2. typu neust\u00e1le nar\u016fst\u00e1. N\u011bkdy se poprv\u00e9 objev\u00ed v t\u011bhotenstv\u00ed, jako to bylo u 57let\u00e9 Marty, a pak se nemoc p\u0159ihl\u00e1s\u00ed o slovo pozd\u011bji, kdy\u017e je t\u011blo oslabeno. <br> <br>&#8222;Poprv\u00e9 jsem se s cukrovkou setkala u\u017e kdy\u017e jsem byla t\u011bhotn\u00e1 s prvn\u00ed dcerou. Bylo mi tehdy hodn\u011b \u0161patn\u011b a testy u m\u011b prok\u00e1zaly zv\u00fd\u0161enou hladinu cukru v krvi, a tedy tak zvanou t\u011bhotenskou cukrovku. Od t\u00e9 doby jsem chodila pravideln\u011b ka\u017ed\u00fdch p\u016fl roku na prohl\u00eddky k diabetologovi. V\u00fdsledky byly na\u0161t\u011bst\u00ed dlouho v po\u0159\u00e1dku,&#8220; vypr\u00e1v\u00ed Marta.<\/p>\n\n\n\n<p>Zm\u011bna nastala, kdy\u017e ji propustili ze zam\u011bstn\u00e1n\u00ed, kde pracovala jako \u0161vadlena. &#8222;Rozhodla jsem se pro velkou zm\u011bnu a otev\u0159ela si vlastn\u00ed obchod. V tomto obdob\u00ed jsem byla hodn\u011b ve stresu, co\u017e u m\u011b cukrovku, tentokr\u00e1t u\u017e skute\u010dnou cukrovku 2. typu, pravd\u011bpodobn\u011b rozjelo,&#8220; vzpom\u00edn\u00e1.<\/p>\n\n\n\n<p>Po\u010dty<\/p>\n\n\n\n<p>Cukrovka je v \u010cesk\u00e9 republice jedn\u00edm z nej\u010dast\u011bj\u0161\u00edch onemocn\u011bn\u00ed. Po\u010det diabetik\u016f st\u00e1le stoup\u00e1 a v sou\u010dasn\u00e9 dob\u011b se toto onemocn\u011bn\u00ed t\u00fdk\u00e1 ka\u017ed\u00e9ho des\u00e1t\u00e9ho \u010dlov\u011bka. S diabetem se l\u00e9\u010d\u00ed v\u00edce ne\u017e milion lid\u00ed. V roce 2030 u n\u00e1s bude podle p\u0159edpoklad\u016f a\u017e 1,3 milionu diabetik\u016f (p\u0159edev\u0161\u00edm 2. typu).<\/p>\n\n\n\n<p>L\u00e9ka\u0159, k n\u011bmu\u017e chodila, se s n\u00ed ale moc nebavil. &#8222;Ne\u0159ekl mi nap\u0159\u00edklad, \u017ee diabetik\u016fm hroz\u00ed \u010dast\u011bji infarkt a mrtvice. Pak jsem to pro\u017eila na vlastn\u00ed k\u016f\u017ei. Tehdy jsem m\u011bla narozeniny a dopoledne jsme se z\u00fa\u010dastnili s man\u017eelem a kamar\u00e1dy tane\u010dn\u00ed sout\u011b\u017ee pro star\u0161\u00ed v\u011bkovou kategorii. Po skv\u011bl\u00e9 ve\u010de\u0159i jsem ale m\u00edsto do postele jela do nemocnice, kde mi diagnostikovali infarkt. To bylo p\u0159ed dev\u00edti lety,&#8220; \u0159ekla Marta.<\/p>\n\n\n\n<p>&#8222;Od t\u00e9 doby se je\u0161t\u011b v\u00edc sna\u017e\u00edm dodr\u017eovat to, co mi l\u00e9ka\u0159i rad\u00ed. Nem\u00e1m probl\u00e9m j\u00edst zdrav\u011b, ale na co mus\u00edm hodn\u011b myslet, je pravidelnost. Mo\u017en\u00e1 pr\u00e1v\u011b nepravidelnost byla d\u016fvodem, pro\u010d jsem i p\u0159es dodr\u017eov\u00e1n\u00ed zdrav\u00e9ho j\u00eddeln\u00ed\u010dku, ve kter\u00e9m h\u0159e\u0161\u00edm opravdu jen ob\u010das, pomalu postupn\u011b p\u0159ib\u00edrala na v\u00e1ze. Toho si v\u0161imla i moje diabetolo\u017eka. Proto jsme se domluvily na tom, \u017ee mi p\u0159edep\u00ed\u0161e nov\u00e9 l\u00e9ky v injek\u010dn\u00edm peru, takzvan\u00e9 GLP-1. Ty nejen, \u017ee pom\u00e1haj\u00ed udr\u017eovat hladinu cukru v krvi, ale tak\u00e9 se po nich hubne, a hlavn\u011b sni\u017euj\u00ed riziko dal\u0161\u00edho infarktu nebo mrtvice. L\u00e9k jsem p\u0159idala k tomu, co jsem ji\u017e brala. A nejen, \u017ee jsem p\u0159estala p\u0159ib\u00edrat, ale za\u010dala jsem hubnout. C\u00edt\u00edm se te\u010f l\u00e9pe a sn\u00ed\u017eila se mi glyk\u00e9mie. Jen je mi l\u00edto, \u017ee jsem o tom nev\u011bd\u011bla d\u0159\u00edve. Mo\u017en\u00e1, \u017ee by se zabr\u00e1nilo i prvn\u00edmu infarktu,&#8220; vypr\u00e1v\u00ed.<\/p>\n\n\n\n<p>Dlouh\u00e1 l\u00e9ta sportovn\u011b tan\u010dila. &#8222;Dostala jsem se k tomu a\u017e jako dosp\u011bl\u00e1, spolu s man\u017eelem. Diabetes mi v tancov\u00e1n\u00ed nezabr\u00e1nil, ale \u00faraz kolene z Mistrovstv\u00ed SR bohu\u017eel ano. To ale neznamen\u00e1, \u017ee jen sed\u00edm doma. M\u00e1m hodn\u011b pr\u00e1ce a o v\u00edkendu jezd\u00edme s man\u017eelem na chatu, kde je st\u00e1le co d\u011blat. Sna\u017e\u00edm se neztr\u00e1cet optimismus a l\u00e9\u010dbu beru v\u00e1\u017en\u011b. Zm\u011bny v j\u00eddeln\u00ed\u010dku a l\u00e9\u010db\u011b zvl\u00e1dnu dr\u017eet dlouhodob\u011b. A to je p\u0159esn\u011b to, co jsem pot\u0159ebovala,&#8220; dodala.<\/p>\n\n\n\n<p>N\u00e1zor odborn\u00edka<\/p>\n\n\n\n<p>Diabetolo\u017eka MUDr. Eva Ra\u010dick\u00e1 (m\u00edstop\u0159edsedkyn\u011b \u010cesk\u00e9 diabetologick\u00e9 spole\u010dnosti)<\/p>\n\n\n\n<p>Vedle genetick\u00fdch p\u0159edpoklad\u016f p\u0159isp\u00edv\u00e1 k v\u00fdvoji diabetu mellitu \u017eivotn\u00ed styl, kter\u00fd se velmi li\u0161\u00ed od \u017eivota na\u0161ich p\u0159edk\u016f. Objevily se rizikov\u00e9 faktory, jako nezdrav\u00fd zp\u016fsob stravov\u00e1n\u00ed s nadm\u011brn\u00fdm p\u0159\u00edjmem energie, zejm\u00e9na tuk\u016f, p\u0159idan\u00e9ho cukru, zv\u00fd\u0161ila se konzumace alkoholu. \u017divot populace tak\u00e9 ovliv\u0148uje kou\u0159en\u00ed. Je vhodn\u00e9 p\u0159ipomenout i nar\u016fstaj\u00edc\u00ed stres ze sou\u010dasn\u00e9ho medi\u00e1ln\u00edho tlaku \u010di zahlcenost stresuj\u00edc\u00edmi informacemi.<\/p>\n\n\n\n<p>Nov\u00e9 l\u00e9ky a technologie postaven\u00e9 na v\u011bdeck\u00fdch z\u00e1kladech \u2013 poznatc\u00edch o patofyziologii diabetu \u2013 odstranily mnoh\u00e9 p\u0159ek\u00e1\u017eky z denn\u00edho \u017eivota diabetik\u016f a umo\u017e\u0148uj\u00ed jim za\u0159adit se na mnoh\u00e9 pracovn\u00ed pozice, kter\u00e9 d\u0159\u00edve vykon\u00e1vat nemohli nebo s omezen\u00edm a obt\u00ed\u017eemi. V posledn\u00edch zhruba 10 letech byly postupn\u011b do l\u00e9\u010dby diabetu mellitus 2. typu za\u0159azeny l\u00e9ky, kter\u00e9 jsou ozna\u010dov\u00e1ny jako analoga GLP-1 receptoru, z nich\u017e ty nejnov\u011bj\u0161\u00ed a nejv\u00edce \u00fa\u010dinn\u00e9 jsou aplikov\u00e1ny 1x t\u00fddn\u011b.<\/p>\n\n\n\n<p>Pro \u00faplnost bychom m\u011bli sd\u011blit, \u017ee novou skupinu l\u00e9k\u016f tak\u00e9 p\u0159edstavuj\u00ed tablety s glifloziny, d\u00e1le m\u00e1me nov\u00e9 inzuliny \u2013 analoga \u2013 s vylep\u0161en\u00fdmi vlastnostmi a lep\u0161\u00ed kvalitou pod\u00e1v\u00e1n\u00ed. M\u00e1me tak\u00e9 nov\u00e9 technologie, kter\u00e9 mohou dob\u0159e podporovat nap\u0159. pod\u00e1v\u00e1n\u00ed nov\u00fdch inzulin\u016f.<\/p>\n\n\n\n<p>Informace o nemoci<\/p>\n\n\n\n<p>Diabetes o sob\u011b m\u016f\u017ee d\u00e1t v\u011bd\u011bt pocitem \u017e\u00edzn\u011b, hubnut\u00edm i p\u0159i norm\u00e1ln\u00ed chuti k j\u00eddlu, \u010dast\u00fdm mo\u010den\u00edm, sklonem k infekc\u00edm i \u00fanavou.<\/p>\n\n\n\n<p>U n\u011bkter\u00fdch pacient\u016f se mohou objevit kv\u016fli nest\u00e1l\u00e9 koncentraci gluk\u00f3zy v krvi z\u00e1chvaty &#8222;vl\u010d\u00edho&#8220; hladu.<\/p>\n\n\n\n<p>Vysok\u00e1 koncentrace gluk\u00f3zy v krvi (tzv. hyperglykemie) vede k \u010dast\u00e9mu v\u00fdskytu pozdn\u00edch komplikac\u00ed, nap\u0159\u00edklad k srde\u010dn\u011b-c\u00e9vn\u00edm onemocn\u011bn\u00edm, jako je infarkt nebo c\u00e9vn\u00ed mozkov\u00e1 p\u0159\u00edhoda, neuropatii (posti\u017een\u00ed nerv\u016f a ztr\u00e1t\u011b citlivosti zejm\u00e9na doln\u00edch kon\u010detin), posti\u017een\u00ed o\u010d\u00ed nebo ledvin.<\/p>\n\n\n\n<p>M\u016f\u017ee tak\u00e9 doch\u00e1zet k poru\u0161en\u00ed celistvosti k\u016f\u017ee a ke vzniku v\u0159ed\u016f, zejm\u00e9na na nohou.<\/p>\n\n\n\n<p>D\u00edky modern\u00ed l\u00e9\u010db\u011b se diabetici do\u017e\u00edvaj\u00ed srovnateln\u00e9ho v\u011bku jako zbytek populace, tedy 79 let.<\/p>\n\n\n\n<p>Tipy pro zdrav\u00ed<\/p>\n\n\n\n<p>\u017deny s diabetem maj\u00ed troj- a\u017e \u010dty\u0159n\u00e1sobn\u011b vy\u0161\u0161\u00ed pravd\u011bpodobnost vzniku srde\u010dn\u00edch chorob ne\u017e zdrav\u00e9 \u017eeny. Je to dokonce vy\u0161\u0161\u00ed procento ne\u017e u mu\u017e\u016f se stejnou nemoc\u00ed. Z toho d\u016fvodu je d\u016fle\u017eit\u00e9 upravit \u017eivotn\u00ed styl a sna\u017eit se b\u00fdt aktivn\u00ed a j\u00edst zdrav\u011b, \u010d\u00edm\u017e sn\u00ed\u017e\u00edte riziko.<\/p>\n\n\n\n<p>Ve strav\u011b by nem\u011bla chyb\u011bt vl\u00e1knina, kterou \u0159ada lid\u00ed opom\u00edj\u00ed a t\u011blu \u010dasto chyb\u00ed. Dosp\u011bl\u00fd \u010dlov\u011bk by m\u011bl denn\u011b sn\u00edst a\u017e 30 gram\u016f vl\u00e1kniny. D\u011bl\u00ed se na rozpustnou, kterou najdeme zejm\u00e9na v ovoci, lu\u0161t\u011bnin\u00e1ch a brambor\u00e1ch. \u010c\u00e1ste\u010dn\u011b se \u0161t\u011bp\u00ed v tenk\u00e9m st\u0159ev\u011b a p\u016fsob\u00ed jako prebiotikum.<\/p>\n\n\n\n<p>Nerozpustn\u00e1 vl\u00e1knina je zastoupena v zelenin\u011b, o\u0159e\u0161\u00edch, sem\u00ednk\u00e1ch nebo celozrnn\u00e9m pe\u010divu a zlep\u0161uje peristaltiku st\u0159ev, \u010d\u00edm\u017e urychluje pr\u016fchod stravy za\u017e\u00edvac\u00edm traktem a napom\u00e1h\u00e1 k vyprazd\u0148ov\u00e1n\u00ed. Nav\u00edc tak\u00e9 pro\u010di\u0161\u0165uje st\u0159eva, tud\u00ed\u017e funguje jako prevence dal\u0161\u00edch civiliza\u010dn\u00edch chorob, nap\u0159\u00edklad rakoviny tlust\u00e9ho st\u0159eva.<\/p>\n\n\n\n<p>Alena Ben\u00ed\u0161kov\u00e1<\/p>\n\n\n\n<p>\u00dasteck\u00fd den\u00edk<\/p>\n\n\n\n<p><a rel=\"noreferrer noopener\" aria-label=\" (otev\u0159e se na nov\u00e9 z\u00e1lo\u017ece)\" href=\"https:\/\/ustecky.denik.cz\/\" target=\"_blank\">https:\/\/ustecky.denik.cz\/<\/a><\/p>\n","protected":false},"excerpt":{"rendered":"<div class=\"mh-excerpt\"><p>Po\u010det lid\u00ed s cukrovkou 2. typu neust\u00e1le nar\u016fst\u00e1. N\u011bkdy se poprv\u00e9 objev\u00ed v t\u011bhotenstv\u00ed, jako to bylo u 57let\u00e9 Marty, a pak se nemoc p\u0159ihl\u00e1s\u00ed <a class=\"mh-excerpt-more\" href=\"https:\/\/www.invarena.cz\/?p=35175\" title=\"Diabetes druh\u00e9ho typu. Cukrovku m\u016f\u017ee rozjet i velk\u00fd stres\">[&#8230;]<\/a><\/p>\n<\/div>","protected":false},"author":1,"featured_media":14132,"comment_status":"open","ping_status":"closed","sticky":false,"template":"","format":"standard","meta":{"footnotes":""},"categories":[9],"tags":[],"class_list":["post-35175","post","type-post","status-publish","format-standard","has-post-thumbnail","hentry","category-zpravy"],"_links":{"self":[{"href":"https:\/\/www.invarena.cz\/index.php?rest_route=\/wp\/v2\/posts\/35175","targetHints":{"allow":["GET"]}}],"collection":[{"href":"https:\/\/www.invarena.cz\/index.php?rest_route=\/wp\/v2\/posts"}],"about":[{"href":"https:\/\/www.invarena.cz\/index.php?rest_route=\/wp\/v2\/types\/post"}],"author":[{"embeddable":true,"href":"https:\/\/www.invarena.cz\/index.php?rest_route=\/wp\/v2\/users\/1"}],"replies":[{"embeddable":true,"href":"https:\/\/www.invarena.cz\/index.php?rest_route=%2Fwp%2Fv2%2Fcomments&post=35175"}],"version-history":[{"count":0,"href":"https:\/\/www.invarena.cz\/index.php?rest_route=\/wp\/v2\/posts\/35175\/revisions"}],"wp:featuredmedia":[{"embeddable":true,"href":"https:\/\/www.invarena.cz\/index.php?rest_route=\/wp\/v2\/media\/14132"}],"wp:attachment":[{"href":"https:\/\/www.invarena.cz\/index.php?rest_route=%2Fwp%2Fv2%2Fmedia&parent=35175"}],"wp:term":[{"taxonomy":"category","embeddable":true,"href":"https:\/\/www.invarena.cz\/index.php?rest_route=%2Fwp%2Fv2%2Fcategories&post=35175"},{"taxonomy":"post_tag","embeddable":true,"href":"https:\/\/www.invarena.cz\/index.php?rest_route=%2Fwp%2Fv2%2Ftags&post=35175"}],"curies":[{"name":"wp","href":"https:\/\/api.w.org\/{rel}","templated":true}]}}