{"id":35181,"date":"2020-10-27T19:30:42","date_gmt":"2020-10-27T18:30:42","guid":{"rendered":"http:\/\/www.invarena.cz\/?p=35181"},"modified":"2020-10-27T19:30:43","modified_gmt":"2020-10-27T18:30:43","slug":"handicapovane-drzi-pri-zivote-virus-ohrozuje-i-chranene-dilny","status":"publish","type":"post","link":"https:\/\/www.invarena.cz\/?p=35181","title":{"rendered":"Handicapovan\u00e9 dr\u017e\u00ed p\u0159i \u017eivot\u011b. Virus ohro\u017euje i chr\u00e1n\u011bn\u00e9 d\u00edlny"},"content":{"rendered":"\n<p>Zam\u011bstn\u00e1vaj\u00ed lidi se zdravotn\u00edm i ment\u00e1ln\u00edm posti\u017een\u00edm. Te\u010f maj\u00ed kv\u016fli v\u00fdpadk\u016fm p\u0159\u00edjm\u016f probl\u00e9my i soci\u00e1ln\u00ed podniky. <\/p>\n\n\n\n<p>Libereck\u00fd kraj \u2013 Koronavirus a s n\u00edm spojen\u00e1 opat\u0159en\u00ed se nedotknou jen \u017eivnostn\u00edk\u016f \u010di instituc\u00ed, kter\u00e9 musely b\u00fdt uzav\u0159eny, ale t\u0159eba i chr\u00e1n\u011bn\u00fdch d\u00edlen. Ty d\u00e1vaj\u00ed pr\u00e1ci lidem se zdravotn\u00edm posti\u017een\u00edm, kte\u0159\u00ed by na b\u011b\u017en\u00e9m pracovn\u00edm trhu hledali uplatn\u011bn\u00ed jen s obt\u00ed\u017eemi.<\/p>\n\n\n\n<p>A nejen pr\u00e1ci. Pro \u0159adu z nich znamenaj\u00ed \u010dasto i jedin\u00e9 soci\u00e1ln\u00ed kontakty, kter\u00e9 jsou pro n\u011b krom\u011b p\u0159iv\u00fdd\u011blku k \u010d\u00e1ste\u010dn\u00fdm d\u016fchod\u016fm opravdu z\u00e1sadn\u00ed.<\/p>\n\n\n\n<p>&#8222;Byl jsem doma dva t\u00fddny a lidi v d\u00edln\u011b mi stra\u0161n\u011b chyb\u011bli. Je to moje rodina. Taky jsem p\u0159i sledov\u00e1n\u00ed zpr\u00e1v s nimi o tom mohl aspo\u0148 mluvit,&#8220; popsal jeden z klient\u016f, co pro n\u011bj pr\u00e1ce v chr\u00e1n\u011bn\u00e9 d\u00edln\u011b znamen\u00e1.<\/p>\n\n\n\n<p>Z osmitis\u00edcov\u00e9ho invalidn\u00edho d\u016fchodu by nav\u00edc mu\u017e s poruchou autistick\u00e9ho spektra nav\u00edc s\u00e1m jen t\u011b\u017eko vy\u017eil. \u010c\u00e1stka v podstat\u011b pokryje n\u00e1jem. <br> <br>ZA\u010cALO TO NA JA\u0158E <br> <br>Kru\u0161n\u00fd byl p\u0159itom pro chr\u00e1n\u011bn\u00e9 d\u00edlny u\u017e za\u010d\u00e1tek leto\u0161n\u00edho roku. &#8222;Se z\u00e1kazem po\u0159\u00e1d\u00e1n\u00ed akc\u00ed jsme nap\u0159\u00edklad p\u0159i\u0161li o st\u011b\u017eejn\u00ed \u010d\u00e1st v\u00fdd\u011blku ve Vesci, kde provozujeme bufet. T\u00edm, \u017ee se zru\u0161ily letn\u00ed festivaly \u010di sportovn\u00ed sout\u011b\u017ee, ale i dal\u0161\u00ed akce pro cel\u00e9 rodiny, jako nap\u0159\u00edklad D\u011btsk\u00e9 dny, rekonstrukce bitvy u Liberce \u010di Spartan, dos\u00e1hly ztr\u00e1ty p\u0159es 200 tis\u00edc korun,&#8220; p\u0159ibl\u00ed\u017eila vedouc\u00ed chr\u00e1n\u011bn\u00fdch d\u00edlen Tulipan v Liberci \u0160\u00e1rka Feige.<\/p>\n\n\n\n<p>Za\u0159\u00edzen\u00ed provozuje chr\u00e1n\u011bnou d\u00edlnu pro lidi se zdravotn\u00edm znev\u00fdhodn\u011bn\u00edm u\u017e 16 let, aktu\u00e1ln\u011b zam\u011bstn\u00e1v\u00e1 stovku lid\u00ed. Ti pracuj\u00ed nap\u0159\u00edklad v \u0161ic\u00edch a keramick\u00fdch d\u00edln\u00e1ch, ale i v \u00faklidov\u00fdch \u010di zahradnick\u00fdch slu\u017eb\u00e1ch. Ve Vesci provozuj\u00ed krom\u011b ob\u010derstven\u00ed tak\u00e9 p\u016fj\u010dovnu sportovn\u00edch pot\u0159eb. Propou\u0161t\u011bt zat\u00edm necht\u011bj\u00ed. &#8222;Jedn\u00e1 se o lidi, kte\u0159\u00ed by jen t\u011b\u017eko mohli fungovat na b\u011b\u017en\u00e9m pracovn\u00edm trhu,&#8220; dod\u00e1v\u00e1 Feige.<\/p>\n\n\n\n<p>Situaci ale nevid\u00ed r\u016f\u017eov\u011b. Dal\u0161\u00ed podstatnou \u010d\u00e1st v\u00fdd\u011blku, kter\u00fd pom\u00e1h\u00e1 za\u0159\u00edzen\u00ed pro hendikepovan\u00e9 lidi udr\u017eet p\u0159i \u017eivot\u011b, je st\u00e1nkov\u00fd prodej na trz\u00edch jarmarc\u00edch.<\/p>\n\n\n\n<p>&#8222;T\u0159eba v\u00e1no\u010dn\u00ed trhy pro n\u00e1s byly hodn\u011b d\u016fle\u017eit\u00e9, na tom hodn\u011b trat\u00edme,&#8220; doplnila pracovnice Tulipanu.<\/p>\n\n\n\n<p>Jedn\u00edm dechem ale dod\u00e1v\u00e1, \u017ee i p\u0159es slo\u017eitou situaci nesed\u00ed se zalo\u017een\u00fdma \u010di dokonce nata\u017een\u00fdma rukama. &#8222;Na ja\u0159e jsme t\u0159eba v na\u0161ich d\u00edln\u00e1ch \u0161ili zdarma rou\u0161ky, ty te\u010f i s nanofiltry tak\u00e9 prod\u00e1v\u00e1me v na\u0161em e-shopu. Sna\u017eili jsme se tak\u00e9 p\u0159es l\u00e9to zajistit co nejv\u00edc v\u00e1no\u010dn\u00edch zak\u00e1zek ve form\u011b p\u0159\u00e1n\u00ed na ru\u010dn\u00edm pap\u00edru a ru\u010dn\u011b vyr\u00e1b\u011bn\u00fdch d\u00e1rk\u016f nebo posledn\u00edho hitu, kter\u00fdm jsou sv\u00ed\u010dky m\u011bn\u00edc\u00ed barvu. &#8222;Ka\u017edou zakoupenou v\u011bc\u00ed lid\u00e9 pom\u00e1haj\u00ed udr\u017eet pracovn\u00ed m\u00edsta,&#8220; vysv\u011btlila vedouc\u00ed chr\u00e1n\u011bn\u00fdch &#8222;tulipanov\u00fdch&#8220; d\u00edlen.<\/p>\n\n\n\n<p>Pr\u00e1ce dr\u017e\u00ed lidi s hendikepem nad vodou nejen finan\u010dn\u011b.<\/p>\n\n\n\n<p>&#8222;Boj\u00ed se samoz\u0159ejm\u011b ka\u017ed\u00fd. Ale \u0159ada lid\u00ed si v\u016fbec neuv\u011bdomuje, jak v\u0161echny opat\u0159en\u00ed a zm\u011bny dopadaj\u00ed t\u0159eba na autisty, kte\u0159\u00ed kv\u016fli sv\u00e9 nemoci pot\u0159ebuj\u00ed udr\u017eovat ur\u010dit\u00e9 sob\u011b vlastn\u00ed stereotypy. T\u011bm se \u017eivot p\u0159evr\u00e1til doslova naruby,&#8220; uzav\u0159ela \u0160\u00e1rka Feige ze sdru\u017een\u00ed Tulipan. <\/p>\n\n\n\n<p>Obavy z existen\u010dn\u00ed nejistoty potvrdil i \u0159editel ob\u010dansk\u00e9ho sdru\u017een\u00ed D. R. A. K v Liberci Ladislav Ko\u0159\u00ednek. &#8222;T\u00edm, \u017ee odpadly trhy i st\u00e1nkov\u00fd prodej, jsme p\u0159i\u0161li o jeden z hlavn\u00edch zdroj\u016f,&#8220; potvrdil Ko\u0159\u00ednek. Tak\u00e9 v tamn\u00edch d\u00edln\u00e1ch se te\u010f nejv\u00edce \u0161ij\u00ed speci\u00e1ln\u00ed nanorou\u0161ky pro vym\u011bniteln\u00e9 filtry. Ka\u017ed\u00fd v\u00fdd\u011blek je pro n\u011b pomoc\u00ed.<\/p>\n\n\n\n<p>A nejen pro n\u011b samotn\u00e9.<\/p>\n\n\n\n<p>&#8222;Pokud bychom nem\u011bli na re\u017eii, museli bychom z\u00e1sadn\u011b omezit provoz soci\u00e1ln\u00edch slu\u017eeb pro lidi se zdravotn\u00edm \u010di soci\u00e1ln\u00edm hendikepem,&#8220; poznamenal. Slu\u017eby, kter\u00e9 pom\u00e1haj\u00ed nap\u0159\u00edklad voz\u00ed\u010dk\u00e1\u0159\u016fm se zaji\u0161t\u011bn\u00edm chodu dom\u00e1cnosti, o\u0161et\u0159ov\u00e1n\u00ed, ale t\u0159eba i psychosoci\u00e1ln\u00ed \u010di pr\u00e1vn\u00ed problematikou, tu obstar\u00e1v\u00e1 zhruba t\u0159ic\u00edtka lid\u00ed.<\/p>\n\n\n\n<p>Do velk\u00fdch probl\u00e9m\u016f se dostala i organizace Fokus Liberec, kter\u00e1 pom\u00e1h\u00e1 zejm\u00e9na lidem s psychick\u00fdmi probl\u00e9my. &#8222;Museli jsme uzav\u0159\u00edt chr\u00e1n\u011bn\u00e9 kav\u00e1rny v Liberci a Jablonci nad Nisou,&#8220; uvedla jeden z prvn\u00edch dopad\u016f koronaviru na za\u0159\u00edzen\u00ed vedouc\u00ed psychosoci\u00e1ln\u00ed rehabilitace R\u016f\u017eena Bergmanov\u00e1.<\/p>\n\n\n\n<p>A nejde podle n\u00ed zdaleka jen o v\u00fdpadek tr\u017eeb, ale i mo\u017enost tr\u00e9ninku. &#8222;Na obou prob\u00edh\u00e1 i soci\u00e1ln\u00ed n\u00e1cvik pro lidi, kte\u0159\u00ed se po dlouhodob\u00e9 hospitalizaci \u010di onemocn\u011bn\u00ed sna\u017e\u00ed vr\u00e1tit do b\u011b\u017en\u00e9ho \u017eivota,&#8220; vysv\u011btlila.<\/p>\n\n\n\n<p>Situace je te\u010f ale paradoxn\u011b o n\u011bco lep\u0161\u00ed ne\u017e na ja\u0159e.<\/p>\n\n\n\n<p>&#8222;Tehdy jsme byli nuceni zav\u0159\u00edt i cel\u00e9 terapeutick\u00e9 d\u00edlny, kde se lid\u00e9 p\u0159ipravovali na dal\u0161\u00ed profese,&#8220; sd\u011blila Bergmanov\u00e1. <br> <br>HROZ\u00cd PROPOU\u0160T\u011aN\u00cd <br> <br>Stejn\u011b jako jej\u00ed kolegov\u00e9, i ona hled\u00ed do budoucnosti s obavami. &#8222;Zat\u00edm to zvl\u00e1d\u00e1me, ale v souvislosti s v\u00fdvojem situace se boj\u00edme, jestli nebudeme muset propou\u0161t\u011bt. To by toti\u017e znamenalo v\u00fdrazn\u00e9 omezen\u00ed slu\u017eeb,&#8220; upozornila Bergmanov\u00e1.<\/p>\n\n\n\n<p>Psychosoci\u00e1ln\u00ed slu\u017eby, soci\u00e1ln\u00ed rehabilitaci nebo t\u0159eba asistovan\u00e9 bydlen\u00ed \u010di domovy se zvl\u00e1\u0161tn\u00edm re\u017eimem zaji\u0161\u0165uje p\u0159itom Fokus pro p\u0159ev\u00e1\u017enou \u010d\u00e1st kraje. &#8222;Z\u00e1le\u017eet bude na v\u00fd\u0161i dotac\u00ed,&#8220; ob\u00e1v\u00e1 se proto Bergmanov\u00e1 ekonomick\u00fdch dopad\u016f pandemie. Z\u00e1le\u017eet tak bude na tom, jestli bude vl\u00e1da s v\u00fdrazn\u011b schodkov\u00fdm rozpo\u010dtem myslet v p\u0159\u00ed\u0161t\u00edm roce i na jednu z nejzraniteln\u011bj\u0161\u00edch skupin obyvatel.<\/p>\n\n\n\n<p>JANA \u0160VECOV\u00c1<\/p>\n\n\n\n<p>Libereck\u00fd den\u00edk<\/p>\n\n\n\n<p><a rel=\"noreferrer noopener\" aria-label=\" (otev\u0159e se na nov\u00e9 z\u00e1lo\u017ece)\" href=\"http:\/\/www.liberecky.denik.cz\/\" target=\"_blank\">http:\/\/www.liberecky.denik.cz\/<\/a><\/p>\n","protected":false},"excerpt":{"rendered":"<div class=\"mh-excerpt\"><p>Zam\u011bstn\u00e1vaj\u00ed lidi se zdravotn\u00edm i ment\u00e1ln\u00edm posti\u017een\u00edm. Te\u010f maj\u00ed kv\u016fli v\u00fdpadk\u016fm p\u0159\u00edjm\u016f probl\u00e9my i soci\u00e1ln\u00ed podniky. Libereck\u00fd kraj \u2013 Koronavirus a s n\u00edm spojen\u00e1 opat\u0159en\u00ed <a class=\"mh-excerpt-more\" href=\"https:\/\/www.invarena.cz\/?p=35181\" title=\"Handicapovan\u00e9 dr\u017e\u00ed p\u0159i \u017eivot\u011b. Virus ohro\u017euje i chr\u00e1n\u011bn\u00e9 d\u00edlny\">[&#8230;]<\/a><\/p>\n<\/div>","protected":false},"author":1,"featured_media":18723,"comment_status":"open","ping_status":"closed","sticky":false,"template":"","format":"standard","meta":{"footnotes":""},"categories":[9],"tags":[],"class_list":["post-35181","post","type-post","status-publish","format-standard","has-post-thumbnail","hentry","category-zpravy"],"_links":{"self":[{"href":"https:\/\/www.invarena.cz\/index.php?rest_route=\/wp\/v2\/posts\/35181","targetHints":{"allow":["GET"]}}],"collection":[{"href":"https:\/\/www.invarena.cz\/index.php?rest_route=\/wp\/v2\/posts"}],"about":[{"href":"https:\/\/www.invarena.cz\/index.php?rest_route=\/wp\/v2\/types\/post"}],"author":[{"embeddable":true,"href":"https:\/\/www.invarena.cz\/index.php?rest_route=\/wp\/v2\/users\/1"}],"replies":[{"embeddable":true,"href":"https:\/\/www.invarena.cz\/index.php?rest_route=%2Fwp%2Fv2%2Fcomments&post=35181"}],"version-history":[{"count":0,"href":"https:\/\/www.invarena.cz\/index.php?rest_route=\/wp\/v2\/posts\/35181\/revisions"}],"wp:featuredmedia":[{"embeddable":true,"href":"https:\/\/www.invarena.cz\/index.php?rest_route=\/wp\/v2\/media\/18723"}],"wp:attachment":[{"href":"https:\/\/www.invarena.cz\/index.php?rest_route=%2Fwp%2Fv2%2Fmedia&parent=35181"}],"wp:term":[{"taxonomy":"category","embeddable":true,"href":"https:\/\/www.invarena.cz\/index.php?rest_route=%2Fwp%2Fv2%2Fcategories&post=35181"},{"taxonomy":"post_tag","embeddable":true,"href":"https:\/\/www.invarena.cz\/index.php?rest_route=%2Fwp%2Fv2%2Ftags&post=35181"}],"curies":[{"name":"wp","href":"https:\/\/api.w.org\/{rel}","templated":true}]}}