{"id":35191,"date":"2020-10-29T13:58:42","date_gmt":"2020-10-29T12:58:42","guid":{"rendered":"http:\/\/www.invarena.cz\/?p=35191"},"modified":"2020-10-29T13:58:45","modified_gmt":"2020-10-29T12:58:45","slug":"navigovat-zrakove-postizene-bude-ve-vstupu-do-budovy-hlasovy-majacek","status":"publish","type":"post","link":"https:\/\/www.invarena.cz\/?p=35191","title":{"rendered":"Navigovat zrakov\u011b posti\u017een\u00e9 bude ve vstupu do budovy hlasov\u00fd maj\u00e1\u010dek"},"content":{"rendered":"\n<p>\u00da\u0159ad pro zastupov\u00e1n\u00ed st\u00e1tu ve v\u011bcech majetkov\u00fdch (\u00daZSVM), Okresn\u00ed soud, Katastr\u00e1ln\u00ed \u00fa\u0159ad a \u00da\u0159ad pr\u00e1ce. Navigovat zrakov\u011b posti\u017een\u00e9 bude ve vstupu do budovy hlasov\u00fd maj\u00e1\u010dek. <br> <br>D\u0159\u00edve museli jeho hendikepovan\u00ed n\u00e1v\u0161t\u011bvn\u00edci vstupovat do objektu v tamn\u00ed ulici Svatov\u00e1clavsk\u00e1 \u010d\u00edslo 568 bo\u010dn\u00edm vchodem na dvo\u0159e, aby se tak dostali p\u0159es sklepn\u00ed \u010d\u00e1st do prostoru s v\u00fdtahem a odtud do p\u0159\u00edslu\u0161n\u00e9ho podla\u017e\u00ed.<\/p>\n\n\n\n<p>Nov\u011b je p\u0159\u00edchoz\u00edm umo\u017en\u011bn vstup p\u0159es vstupn\u00ed port\u00e1l s automatick\u00fdmi dve\u0159mi do schodi\u0161t\u011b anebo s vyu\u017eit\u00edm hydraulick\u00e9 plo\u0161iny do 1. podla\u017e\u00ed, odkud se mohou p\u0159esunout v\u00fdtahem do vy\u0161\u0161\u00edch pater. V r\u00e1mci vybudov\u00e1n\u00ed nov\u00e9ho vstupu do\u0161lo rovn\u011b\u017e k odstran\u011bn\u00ed jedn\u00e9 z bari\u00e9r \u017eivota zrakov\u011b posti\u017een\u00fdch.<\/p>\n\n\n\n<p>&#8222;Do vstupn\u00edho port\u00e1lu byl toti\u017e zabudov\u00e1n i hlasov\u00fd maj\u00e1\u010dek, kter\u00fd je informa\u010dn\u00edm a orienta\u010dn\u00edm za\u0159\u00edzen\u00edm pro nevidom\u00e9. Maj\u00e1\u010dek pomoc\u00ed akustick\u00e9ho d\u00e1lkov\u011b spou\u0161t\u011bn\u00e9ho hl\u00e1\u0161en\u00ed usnad\u0148uje nevidom\u00fdm a slabozrak\u00fdm osob\u00e1m prostorovou orientaci,&#8220; informuje \u00daZSVM.<\/p>\n\n\n\n<p>Pavel Bohun<\/p>\n\n\n\n<p>Slov\u00e1ck\u00fd den\u00edk<\/p>\n\n\n\n<p><a rel=\"noreferrer noopener\" aria-label=\" (otev\u0159e se na nov\u00e9 z\u00e1lo\u017ece)\" href=\"https:\/\/slovacky.denik.cz\/\" target=\"_blank\">https:\/\/slovacky.denik.cz\/<\/a><\/p>\n","protected":false},"excerpt":{"rendered":"<div class=\"mh-excerpt\"><p>\u00da\u0159ad pro zastupov\u00e1n\u00ed st\u00e1tu ve v\u011bcech majetkov\u00fdch (\u00daZSVM), Okresn\u00ed soud, Katastr\u00e1ln\u00ed \u00fa\u0159ad a \u00da\u0159ad pr\u00e1ce. Navigovat zrakov\u011b posti\u017een\u00e9 bude ve vstupu do budovy hlasov\u00fd maj\u00e1\u010dek. <a class=\"mh-excerpt-more\" href=\"https:\/\/www.invarena.cz\/?p=35191\" title=\"Navigovat zrakov\u011b posti\u017een\u00e9 bude ve vstupu do budovy hlasov\u00fd maj\u00e1\u010dek\">[&#8230;]<\/a><\/p>\n<\/div>","protected":false},"author":1,"featured_media":21014,"comment_status":"open","ping_status":"closed","sticky":false,"template":"","format":"standard","meta":{"footnotes":""},"categories":[9],"tags":[],"class_list":["post-35191","post","type-post","status-publish","format-standard","has-post-thumbnail","hentry","category-zpravy"],"_links":{"self":[{"href":"https:\/\/www.invarena.cz\/index.php?rest_route=\/wp\/v2\/posts\/35191","targetHints":{"allow":["GET"]}}],"collection":[{"href":"https:\/\/www.invarena.cz\/index.php?rest_route=\/wp\/v2\/posts"}],"about":[{"href":"https:\/\/www.invarena.cz\/index.php?rest_route=\/wp\/v2\/types\/post"}],"author":[{"embeddable":true,"href":"https:\/\/www.invarena.cz\/index.php?rest_route=\/wp\/v2\/users\/1"}],"replies":[{"embeddable":true,"href":"https:\/\/www.invarena.cz\/index.php?rest_route=%2Fwp%2Fv2%2Fcomments&post=35191"}],"version-history":[{"count":0,"href":"https:\/\/www.invarena.cz\/index.php?rest_route=\/wp\/v2\/posts\/35191\/revisions"}],"wp:featuredmedia":[{"embeddable":true,"href":"https:\/\/www.invarena.cz\/index.php?rest_route=\/wp\/v2\/media\/21014"}],"wp:attachment":[{"href":"https:\/\/www.invarena.cz\/index.php?rest_route=%2Fwp%2Fv2%2Fmedia&parent=35191"}],"wp:term":[{"taxonomy":"category","embeddable":true,"href":"https:\/\/www.invarena.cz\/index.php?rest_route=%2Fwp%2Fv2%2Fcategories&post=35191"},{"taxonomy":"post_tag","embeddable":true,"href":"https:\/\/www.invarena.cz\/index.php?rest_route=%2Fwp%2Fv2%2Ftags&post=35191"}],"curies":[{"name":"wp","href":"https:\/\/api.w.org\/{rel}","templated":true}]}}