{"id":35212,"date":"2020-10-30T12:36:02","date_gmt":"2020-10-30T11:36:02","guid":{"rendered":"http:\/\/www.invarena.cz\/?p=35212"},"modified":"2020-10-30T12:36:04","modified_gmt":"2020-10-30T11:36:04","slug":"pferda-vola-o-pomoc-doufa-ze-druhou-vlnu-epidemie-prezije","status":"publish","type":"post","link":"https:\/\/www.invarena.cz\/?p=35212","title":{"rendered":"Pferda vol\u00e1 o pomoc. Douf\u00e1, \u017ee druhou vlnu epidemie p\u0159e\u017eije"},"content":{"rendered":"\n<p>ilustra\u010dn\u00ed foto<\/p>\n\n\n\n<p>Rychnovsk\u00e1 neziskov\u00e1 organizace Pferda hled\u00e1 a nab\u00edz\u00ed pr\u00e1ci posti\u017een\u00fdm lidem. Mnoha z nich zm\u011bnila \u017eivot: bez Pferdy a j\u00ed podobn\u00fdch organizac\u00ed a firem lid\u00e9 s hendikepem hledaj\u00ed uplatn\u011bn\u00ed jen t\u011b\u017eko \u2013 pokud v\u016fbec. Te\u010f se Pferda boj\u00ed o svoji dal\u0161\u00ed existenci.<\/p>\n\n\n\n<p>Honza u\u017e n\u011bkolik let pracuje v n\u00e1chodsk\u00e9 tr\u00e9ninkov\u00e9 kav\u00e1rn\u011b L\u00e1ry F\u00e1ry, v jednom ze soci\u00e1ln\u00edch podnik\u016f rychnovsk\u00e9 organizace Pferda. Pr\u00e1ce ho t\u011b\u0161\u00ed, jen mu je l\u00edto, \u017ee u\u017e nem\u00e1 tolik sm\u011bn jako d\u0159\u00edv. Nejv\u00edc ho bav\u00ed obsluha z\u00e1kazn\u00edk\u016f, jen\u017ee komunikovat s nimi nyn\u00ed mus\u00ed zam\u011bstnanci kav\u00e1rny jen p\u0159es ok\u00e9nko a jsou r\u00e1di za ka\u017ed\u00e9ho, kter\u00fd p\u0159ijde. <br> <br>P\u0158ISP\u011aJTE HONZOVI! <br> <br>&#8222;P\u0159isp\u011bjte Honzovi, aby mohl i nad\u00e1le chodit do pr\u00e1ce,&#8220; pros\u00ed te\u010f o pomoc ve\u0159ejnost rychnovsk\u00e1 neziskov\u00e1 organizace Pferda.<\/p>\n\n\n\n<p>Po\u0159\u00e1dn\u00fd pol\u00ed\u010dek j\u00ed u\u0161t\u011bd\u0159ila u\u017e prvn\u00ed vlna pandemie, kdy musela zav\u0159\u00edt sv\u00e9 soci\u00e1ln\u00ed podniky i soci\u00e1ln\u00ed slu\u017eby, k nim\u017e pat\u0159\u00ed soci\u00e1ln\u011b terapeutick\u00e9 d\u00edlny. Te\u010f se ob\u00e1v\u00e1 ka\u017ed\u00e9ho dal\u0161\u00edho zp\u0159\u00eds\u0148ov\u00e1n\u00ed opat\u0159en\u00ed, aby je druh\u00e1 vlna nespl\u00e1chla docela. Uzav\u0159en\u00ed soci\u00e1ln\u00edch slu\u017eeb by pro n\u011b mohlo m\u00edt fat\u00e1ln\u00ed n\u00e1sledky. <br> <br>HRA O DOTACE <br> <br>&#8222;Modl\u00edme se, aby soci\u00e1ln\u00ed slu\u017eby nezav\u0159eli, proto\u017ee jsou financovan\u00e9 v\u011bt\u0161inou z evropsk\u00fdch projekt\u016f a ty nepo\u010d\u00edtaj\u00ed s touto situac\u00ed. M\u016f\u017eeme m\u00edt v\u00fdpadek poskytov\u00e1n\u00ed soci\u00e1ln\u00ed slu\u017eby, ale kr\u00e1tkodob\u00fd, t\u0159eba dva dny, \u017ee nap\u0159\u00edklad nete\u010de voda, nebo t\u00fdden kv\u016fli rekonstrukci, ale ne dlouhodob\u011b. Je to pak pr\u016f\u0161vih, proto\u017ee n\u00e1m zastav\u00ed pen\u00edze a nev\u00edm, z \u010deho bychom soci\u00e1ln\u00ed slu\u017eby financovali, proto\u017ee n\u00e1klady na n\u011b jsou, i kdy\u017e nejsou poskytovan\u00e9. Ve chv\u00edli, kdy by je st\u00e1t zav\u0159el, budeme bojovat o p\u0159e\u017eit\u00ed,&#8220; upozor\u0148uje \u0159editelka Pferdy Jana K\u0159\u00ed\u017eov\u00e1.<\/p>\n\n\n\n<p>Pferda zam\u011bstn\u00e1v\u00e1 v \u00faklidov\u00e9 firm\u011b a v tr\u00e9ninkov\u00fdch kav\u00e1rn\u00e1ch a pek\u00e1rn\u00e1ch v Rychnov\u011b nad Kn\u011b\u017enou, Kvasin\u00e1ch a N\u00e1chod\u011b 52 posti\u017een\u00fdch a jej\u00ed soci\u00e1ln\u00ed slu\u017eby vyu\u017e\u00edv\u00e1 okolo 80 klient\u016f. <br> <br>DOPL\u0147KOV\u00c9 SLU\u017dBY <br> <br>&#8222;Rozhodli jsme se sou\u010dasn\u00e9 situaci aktivn\u011b \u010delit. Co se t\u00fd\u010de soci\u00e1ln\u00edch podnik\u016f, sna\u017eili jsme se v na\u0161ich kav\u00e1rn\u00e1ch zachovat v\u00fddejn\u00ed ok\u00e9nka, proto\u017ee to n\u00e1m zaji\u0161\u0165uje pr\u00e1ci i pro ob\u011b pek\u00e1rny. Za\u010dali jsme nab\u00edzet tak\u00e9 dopl\u0148kov\u00e9 slu\u017eby typu, \u017ee pek\u00e1rny rozv\u00e1\u017eej\u00ed pe\u010divo a\u017e dom\u016f,&#8220; \u0159\u00edk\u00e1 Jana K\u0159\u00ed\u017eov\u00e1.<\/p>\n\n\n\n<p>Zak\u00e1zky jsou mnohem men\u0161\u00ed ne\u017e za b\u011b\u017en\u00e9ho provozu.<\/p>\n\n\n\n<p>&#8222;Ale lid\u00ed s posti\u017een\u00edm i bez posti\u017een\u00ed zam\u011bstn\u00e1v\u00e1me kolem 90 a na lidi s posti\u017een\u00edm nem\u00e1 v\u016fbec pozitivn\u00ed dopad z\u016fstat doma. Pro n\u00e1s je proto d\u016fle\u017eit\u00e9, i kdy\u017e tolik nevyd\u011bl\u00e1v\u00e1me, udr\u017eet organizaci v chodu,&#8220; vysv\u011btluje.<\/p>\n\n\n\n<p>Organizace sice \u010derp\u00e1 dotace od \u00fa\u0159adu pr\u00e1ce, ov\u0161em tr\u017eby j\u00ed chyb\u00ed. S \u017e\u00e1dost\u00ed o pomoc se prost\u0159ednictv\u00edm webu i soci\u00e1ln\u00edch s\u00edt\u00ed obr\u00e1tila na ve\u0159ejnost. Podpo\u0159it ji m\u016f\u017ee p\u0159es platformu Darujme.cz. Ale pomoc p\u0159ich\u00e1z\u00ed i z N\u00e1choda, z m\u00edsta, kde Pferda provozuje jednu ze sv\u00fdch tr\u00e9ninkov\u00fdch kav\u00e1ren. <br> <br>LIDSK\u00dd \u0158ET\u011aZ <br> <br>&#8222;Jedna zn\u00e1m\u00e1 v N\u00e1chod\u011b napsala v\u0161em sv\u00fdm kamar\u00e1d\u016fm, \u017ee kdo p\u0159ijde k na\u0161emu v\u00fddejn\u00edmu ok\u00e9nku, vyfot\u00ed se tam a po\u0161le j\u00ed fotku, \u017ee mu zaplat\u00ed kafe. Rozjela se neuv\u011b\u0159iteln\u00e1 akce, \u017ee si od n\u00ed m\u00e1lokdo nechal to kafe zaplatit, ale oslovil zase sv\u00e9 zn\u00e1m\u00e9 a ti zase p\u0159i\u0161li a napsali dal\u0161\u00edm lidem, tak\u017ee d\u00edky tomuto n\u00e1padu se poda\u0159ilo o\u017eivit n\u00e1v\u0161t\u011bvnost na\u0161\u00ed kav\u00e1rny v N\u00e1chod\u011b a z\u00e1rove\u0148 udr\u017eet i pek\u00e1rny v chodu t\u00edm, \u017ee maj\u00ed v\u011bt\u0161\u00ed odb\u011bry na\u0161eho pe\u010diva,&#8220; l\u00ed\u010d\u00ed \u0159editelka Pferdy Jana K\u0159\u00ed\u017eov\u00e1.<\/p>\n\n\n\n<p>JANA KOTALOV\u00c1<\/p>\n\n\n\n<p>Hradeck\u00fd den\u00edk<\/p>\n\n\n\n<p><a rel=\"noreferrer noopener\" aria-label=\" (otev\u0159e se na nov\u00e9 z\u00e1lo\u017ece)\" href=\"http:\/\/hradecky.denik.cz\/\" target=\"_blank\">http:\/\/hradecky.denik.cz\/<\/a><\/p>\n","protected":false},"excerpt":{"rendered":"<div class=\"mh-excerpt\"><p>ilustra\u010dn\u00ed foto Rychnovsk\u00e1 neziskov\u00e1 organizace Pferda hled\u00e1 a nab\u00edz\u00ed pr\u00e1ci posti\u017een\u00fdm lidem. Mnoha z nich zm\u011bnila \u017eivot: bez Pferdy a j\u00ed podobn\u00fdch organizac\u00ed a firem <a class=\"mh-excerpt-more\" href=\"https:\/\/www.invarena.cz\/?p=35212\" title=\"Pferda vol\u00e1 o pomoc. Douf\u00e1, \u017ee druhou vlnu epidemie p\u0159e\u017eije\">[&#8230;]<\/a><\/p>\n<\/div>","protected":false},"author":1,"featured_media":18163,"comment_status":"open","ping_status":"closed","sticky":false,"template":"","format":"standard","meta":{"footnotes":""},"categories":[9],"tags":[],"class_list":["post-35212","post","type-post","status-publish","format-standard","has-post-thumbnail","hentry","category-zpravy"],"_links":{"self":[{"href":"https:\/\/www.invarena.cz\/index.php?rest_route=\/wp\/v2\/posts\/35212","targetHints":{"allow":["GET"]}}],"collection":[{"href":"https:\/\/www.invarena.cz\/index.php?rest_route=\/wp\/v2\/posts"}],"about":[{"href":"https:\/\/www.invarena.cz\/index.php?rest_route=\/wp\/v2\/types\/post"}],"author":[{"embeddable":true,"href":"https:\/\/www.invarena.cz\/index.php?rest_route=\/wp\/v2\/users\/1"}],"replies":[{"embeddable":true,"href":"https:\/\/www.invarena.cz\/index.php?rest_route=%2Fwp%2Fv2%2Fcomments&post=35212"}],"version-history":[{"count":0,"href":"https:\/\/www.invarena.cz\/index.php?rest_route=\/wp\/v2\/posts\/35212\/revisions"}],"wp:featuredmedia":[{"embeddable":true,"href":"https:\/\/www.invarena.cz\/index.php?rest_route=\/wp\/v2\/media\/18163"}],"wp:attachment":[{"href":"https:\/\/www.invarena.cz\/index.php?rest_route=%2Fwp%2Fv2%2Fmedia&parent=35212"}],"wp:term":[{"taxonomy":"category","embeddable":true,"href":"https:\/\/www.invarena.cz\/index.php?rest_route=%2Fwp%2Fv2%2Fcategories&post=35212"},{"taxonomy":"post_tag","embeddable":true,"href":"https:\/\/www.invarena.cz\/index.php?rest_route=%2Fwp%2Fv2%2Ftags&post=35212"}],"curies":[{"name":"wp","href":"https:\/\/api.w.org\/{rel}","templated":true}]}}