{"id":35331,"date":"2020-11-24T11:18:00","date_gmt":"2020-11-24T10:18:00","guid":{"rendered":"http:\/\/www.invarena.cz\/?p=35331"},"modified":"2020-11-24T11:18:02","modified_gmt":"2020-11-24T10:18:02","slug":"spd-navrhuje-zmenu-u-vyse-duchodu-mely-by-rust-ale-ne-neprizpusobivym","status":"publish","type":"post","link":"https:\/\/www.invarena.cz\/?p=35331","title":{"rendered":"SPD navrhuje zm\u011bnu u v\u00fd\u0161e d\u016fchod\u016f. M\u011bly by r\u016fst, ale ne nep\u0159izp\u016fsobiv\u00fdm"},"content":{"rendered":"\n<p>Programem hnut\u00ed SPD je nezvy\u0161ovat \u010desk\u00fdm ob\u010dan\u016fm a \u010desk\u00fdm firm\u00e1m dan\u011b a sna\u017eit se, aby lidem z\u016fst\u00e1valy pen\u00edze, a st\u00e1t jim je zbyte\u010dn\u011b nebral, pokud si je vyd\u011blaj\u00ed. &#8222;Z\u00e1rove\u0148 tak\u00e9 dlouhodob\u011b chceme garantovat d\u016fstojn\u00fd d\u016fchod pro lidi, kte\u0159\u00ed cel\u00fd \u017eivot pracovali a nyn\u00ed maj\u00ed n\u00e1rok na d\u016fstojn\u00fd \u017eivot ve vy\u0161\u0161\u00edm v\u011bku. Z\u00e1rove\u0148, a to podtrhuji, nechceme \u017e\u00e1dn\u00e9 dal\u0161\u00ed zv\u00fd\u0161en\u00ed v\u011bku odchodu do penze. Na\u0161i odp\u016frci \u0159\u00edkaj\u00ed: Je to populismus a nejde to. Jde, a \u0159eknu, kde vz\u00edt pen\u00edze,&#8220; informuje p\u0159edseda hnut\u00ed SPD Tomio Okamura na sv\u00e9m facebooku. <br><br>Cel\u00fd \u010dl\u00e1nek naleznete v Parlamentn\u00edch Listech: <a href=\"http:\/\/www.parlamentnilisty.cz\/zpravy\/ekonomika\/SPD-navrhuje-zmenu-u-vyse-duchodu-Mely-by-rust-ale-ne-neprizpusobivym-644933\" target=\"_blank\" rel=\"noreferrer noopener\" aria-label=\" (otev\u0159e se na nov\u00e9 z\u00e1lo\u017ece)\">http:\/\/www.parlamentnilisty.cz\/zpravy\/ekonomika\/SPD-navrhuje-zmenu-u-vyse-duchodu-Mely-by-rust-ale-ne-neprizpusobivym-644933<\/a><\/p>\n","protected":false},"excerpt":{"rendered":"<div class=\"mh-excerpt\"><p>Programem hnut\u00ed SPD je nezvy\u0161ovat \u010desk\u00fdm ob\u010dan\u016fm a \u010desk\u00fdm firm\u00e1m dan\u011b a sna\u017eit se, aby lidem z\u016fst\u00e1valy pen\u00edze, a st\u00e1t jim je zbyte\u010dn\u011b nebral, pokud <a class=\"mh-excerpt-more\" href=\"https:\/\/www.invarena.cz\/?p=35331\" title=\"SPD navrhuje zm\u011bnu u v\u00fd\u0161e d\u016fchod\u016f. M\u011bly by r\u016fst, ale ne nep\u0159izp\u016fsobiv\u00fdm\">[&#8230;]<\/a><\/p>\n<\/div>","protected":false},"author":1,"featured_media":19375,"comment_status":"open","ping_status":"closed","sticky":false,"template":"","format":"standard","meta":{"footnotes":""},"categories":[9],"tags":[],"class_list":["post-35331","post","type-post","status-publish","format-standard","has-post-thumbnail","hentry","category-zpravy"],"_links":{"self":[{"href":"https:\/\/www.invarena.cz\/index.php?rest_route=\/wp\/v2\/posts\/35331","targetHints":{"allow":["GET"]}}],"collection":[{"href":"https:\/\/www.invarena.cz\/index.php?rest_route=\/wp\/v2\/posts"}],"about":[{"href":"https:\/\/www.invarena.cz\/index.php?rest_route=\/wp\/v2\/types\/post"}],"author":[{"embeddable":true,"href":"https:\/\/www.invarena.cz\/index.php?rest_route=\/wp\/v2\/users\/1"}],"replies":[{"embeddable":true,"href":"https:\/\/www.invarena.cz\/index.php?rest_route=%2Fwp%2Fv2%2Fcomments&post=35331"}],"version-history":[{"count":0,"href":"https:\/\/www.invarena.cz\/index.php?rest_route=\/wp\/v2\/posts\/35331\/revisions"}],"wp:featuredmedia":[{"embeddable":true,"href":"https:\/\/www.invarena.cz\/index.php?rest_route=\/wp\/v2\/media\/19375"}],"wp:attachment":[{"href":"https:\/\/www.invarena.cz\/index.php?rest_route=%2Fwp%2Fv2%2Fmedia&parent=35331"}],"wp:term":[{"taxonomy":"category","embeddable":true,"href":"https:\/\/www.invarena.cz\/index.php?rest_route=%2Fwp%2Fv2%2Fcategories&post=35331"},{"taxonomy":"post_tag","embeddable":true,"href":"https:\/\/www.invarena.cz\/index.php?rest_route=%2Fwp%2Fv2%2Ftags&post=35331"}],"curies":[{"name":"wp","href":"https:\/\/api.w.org\/{rel}","templated":true}]}}