{"id":35340,"date":"2020-11-24T11:36:54","date_gmt":"2020-11-24T10:36:54","guid":{"rendered":"http:\/\/www.invarena.cz\/?p=35340"},"modified":"2020-11-24T11:36:56","modified_gmt":"2020-11-24T10:36:56","slug":"kresadlo-2019-ma-sveho-drzitele-i-v-regionu-havlickuv-brod-i-chotebor","status":"publish","type":"post","link":"https:\/\/www.invarena.cz\/?p=35340","title":{"rendered":"K\u0159esadlo 2019 m\u00e1 sv\u00e9ho dr\u017eitele i v regionu Havl\u00ed\u010dk\u016fv Brod i Chot\u011bbo\u0159"},"content":{"rendered":"\n<p>Leto\u0161n\u00ed p\u0159ed\u00e1v\u00e1n\u00ed ceny oby\u010dejn\u00fdm lidem, kte\u0159\u00ed d\u011blaj\u00ed\nneoby\u010dejn\u00e9 v\u011bci, se konalo koncem \u0159\u00edjna 2020&nbsp;v&nbsp;Havl\u00ed\u010dkov\u011b Brod\u011b.\nPandemick\u00e1 doba toti\u017e v&nbsp;pr\u016fb\u011bhu roku k&nbsp;d\u0159\u00edv\u011bj\u0161\u00edmu po\u0159\u00e1d\u00e1n\u00ed akce\np\u0159\u00edli\u0161 nep\u0159\u00e1la. Ocen\u011bn\u00ed prob\u011bhlo v&nbsp;prostor\u00e1ch FOKUSu Vyso\u010dina, uskute\u010dnilo\nse sp\u00ed\u0161e neform\u00e1ln\u011b a za dodr\u017eov\u00e1n\u00ed v\u0161ech hygienick\u00fdch na\u0159\u00edzen\u00ed. I&nbsp;tak\njsme velmi r\u00e1di p\u0159edali cenu dv\u011bma nad\u0161en\u00fdm dobrovoln\u00edk\u016fm.<\/p>\n\n\n\n<p>Na ocen\u011bn\u00ed byli nominov\u00e1ni \u010dty\u0159i dobrovoln\u00edci, kte\u0159\u00ed se v\npr\u016fb\u011bhu roku 2019 nezi\u0161tn\u011b v\u011bnovali senior\u016fm, d\u011btem, du\u0161evn\u011b nemocn\u00fdm \u010di\nzdravotn\u011b posti\u017een\u00fdm. Cena K\u0159esadlo byla letos ud\u011blena dv\u011bma dobrovoln\u00edk\u016fm.<\/p>\n\n\n\n<p>Prvn\u00ed ocen\u011bnou se stala Jaroslava Kabelkov\u00e1 z Havl\u00ed\u010dkova Brodu, kter\u00e1 dostala hned t\u0159i nominace. Pom\u00e1h\u00e1 v Havl\u00ed\u010dkov\u011b Brod\u011b ve v\u00edce organizac\u00edch a s celou \u0159adou v\u011bc\u00ed. Je toho opravdu hodn\u011b. Nap\u0159\u00edklad vede cvi\u010den\u00ed nordic walking nebo petangue, d\u00edlni\u010dky pro seniory, p\u0159ed\u010d\u00edt\u00e1 d\u011btem ve \u0161kolce, \u00fa\u010dastn\u00ed se r\u016fzn\u00fdch jednor\u00e1zov\u00fdch akc\u00ed nebo t\u0159eba vede cvi\u010den\u00ed s klienty FOKUSu Vyso\u010dina. Pom\u00e1h\u00e1 v domovech pro seniory a v senior pointu, v krajsk\u00e9 knihovn\u011b Vyso\u010dina. <\/p>\n\n\n\n<p>Dal\u0161\u00edm ocen\u011bn\u00fdm se stal Tom\u00e1\u0161 Mrtka z Chot\u011bbo\u0159e, kter\u00fd obdr\u017eel nominaci z FOKUSu Vyso\u010dina Chot\u011bbo\u0159. Ten pro zm\u011bnu doch\u00e1z\u00ed za imobiln\u00edm klientem. Sch\u00e1z\u00ed se spolu \u010dasto, Tom\u00e1\u0161 s klientem tr\u00e1v\u00ed voln\u00fd \u010das a \u0159e\u0161\u00ed r\u016fzn\u00e9 radosti i starosti. S\u00e1m ani nevn\u00edm\u00e1, \u017ee n\u011bkomu snad n\u011bjak zvl\u00e1\u0161tn\u011b pom\u00e1h\u00e1. Jednodu\u0161e to postupem \u010dasu za\u010dal br\u00e1t tak, \u017ee chod\u00edm za sv\u00fdm kamar\u00e1dem.<\/p>\n\n\n\n<p>D\u011bkujeme v\u0161em nominovan\u00fdm dobrovoln\u00edk\u016fm, d\u011bkujeme i ocen\u011bn\u00fdm dobrovoln\u00edk\u016fm. D\u011bkujeme v\u0161em, kte\u0159\u00ed se na po\u0159\u00e1d\u00e1n\u00ed komorn\u00ed akce pod\u00edleli. D\u011bkujeme tak\u00e9 za vytvo\u0159en\u00e9 d\u00e1rky, kter\u00e9 ocen\u011bn\u00ed dobrovoln\u00edci obdr\u017eeli. V\u011b\u0159\u00edme, \u017ee leto\u0161n\u00ed ceny K\u0159esadlo v regionech jsou ve spr\u00e1vn\u00fdch rukou. <\/p>\n\n\n\n<p>JANA VALOV\u00c1<\/p>\n\n\n\n<p>Havl\u00ed\u010dkobrodsk\u00fd den\u00edk<\/p>\n\n\n\n<p><a rel=\"noreferrer noopener\" aria-label=\" (otev\u0159e se na nov\u00e9 z\u00e1lo\u017ece)\" href=\"https:\/\/havlickobrodsky.denik.cz\/\" target=\"_blank\">https:\/\/havlickobrodsky.denik.cz\/<\/a><br><\/p>\n","protected":false},"excerpt":{"rendered":"<div class=\"mh-excerpt\"><p>Leto\u0161n\u00ed p\u0159ed\u00e1v\u00e1n\u00ed ceny oby\u010dejn\u00fdm lidem, kte\u0159\u00ed d\u011blaj\u00ed neoby\u010dejn\u00e9 v\u011bci, se konalo koncem \u0159\u00edjna 2020&nbsp;v&nbsp;Havl\u00ed\u010dkov\u011b Brod\u011b. Pandemick\u00e1 doba toti\u017e v&nbsp;pr\u016fb\u011bhu roku k&nbsp;d\u0159\u00edv\u011bj\u0161\u00edmu po\u0159\u00e1d\u00e1n\u00ed akce p\u0159\u00edli\u0161 nep\u0159\u00e1la. <a class=\"mh-excerpt-more\" href=\"https:\/\/www.invarena.cz\/?p=35340\" title=\"K\u0159esadlo 2019 m\u00e1 sv\u00e9ho dr\u017eitele i v regionu Havl\u00ed\u010dk\u016fv Brod i Chot\u011bbo\u0159\">[&#8230;]<\/a><\/p>\n<\/div>","protected":false},"author":1,"featured_media":21030,"comment_status":"open","ping_status":"closed","sticky":false,"template":"","format":"standard","meta":{"footnotes":""},"categories":[9],"tags":[],"class_list":["post-35340","post","type-post","status-publish","format-standard","has-post-thumbnail","hentry","category-zpravy"],"_links":{"self":[{"href":"https:\/\/www.invarena.cz\/index.php?rest_route=\/wp\/v2\/posts\/35340","targetHints":{"allow":["GET"]}}],"collection":[{"href":"https:\/\/www.invarena.cz\/index.php?rest_route=\/wp\/v2\/posts"}],"about":[{"href":"https:\/\/www.invarena.cz\/index.php?rest_route=\/wp\/v2\/types\/post"}],"author":[{"embeddable":true,"href":"https:\/\/www.invarena.cz\/index.php?rest_route=\/wp\/v2\/users\/1"}],"replies":[{"embeddable":true,"href":"https:\/\/www.invarena.cz\/index.php?rest_route=%2Fwp%2Fv2%2Fcomments&post=35340"}],"version-history":[{"count":0,"href":"https:\/\/www.invarena.cz\/index.php?rest_route=\/wp\/v2\/posts\/35340\/revisions"}],"wp:featuredmedia":[{"embeddable":true,"href":"https:\/\/www.invarena.cz\/index.php?rest_route=\/wp\/v2\/media\/21030"}],"wp:attachment":[{"href":"https:\/\/www.invarena.cz\/index.php?rest_route=%2Fwp%2Fv2%2Fmedia&parent=35340"}],"wp:term":[{"taxonomy":"category","embeddable":true,"href":"https:\/\/www.invarena.cz\/index.php?rest_route=%2Fwp%2Fv2%2Fcategories&post=35340"},{"taxonomy":"post_tag","embeddable":true,"href":"https:\/\/www.invarena.cz\/index.php?rest_route=%2Fwp%2Fv2%2Ftags&post=35340"}],"curies":[{"name":"wp","href":"https:\/\/api.w.org\/{rel}","templated":true}]}}