{"id":35356,"date":"2020-11-25T17:39:34","date_gmt":"2020-11-25T16:39:34","guid":{"rendered":"http:\/\/www.invarena.cz\/?p=35356"},"modified":"2020-11-25T17:39:37","modified_gmt":"2020-11-25T16:39:37","slug":"gol-pro-charitu-fotbaliste-obdarovali-bystricky-denni-stacionar-rosa","status":"publish","type":"post","link":"https:\/\/www.invarena.cz\/?p=35356","title":{"rendered":"G\u00f3l pro charitu: Fotbalist\u00e9 obdarovali byst\u0159ick\u00fd denn\u00ed stacion\u00e1\u0159 Rosa"},"content":{"rendered":"\n<p>V&nbsp;denn\u00edm stacion\u00e1\u0159i Rosa v&nbsp;Byst\u0159ici nad\nPern\u0161tejnem zmodernizuj\u00ed koupelnu, kter\u00e1 bude slou\u017eit u\u017eivatel\u016fm\ns&nbsp;nejt\u011b\u017e\u0161\u00edm typem posti\u017een\u00ed. Pen\u00edze na rekonstrukci poskytli nedv\u011bdi\u010dt\u00ed\nfotbalist\u00e9. Ti uspo\u0159\u00e1dali sb\u00edrku nazvanou G\u00f3ly pro Rosu.<\/p>\n\n\n\n<p>Ka\u017edou vst\u0159elenou brankou p\u0159isp\u011bli fotbalist\u00e9 do ve\u0159ejn\u00e9 sb\u00edrky \u010d\u00e1stkou\npades\u00e1t korun. Kone\u010dn\u00e1 suma, kterou fotbalist\u00e9 p\u0159edali Rose, se vy\u0161plhala na\n21&nbsp;765&nbsp;korun.<\/p>\n\n\n\n<p>\u201eCht\u011bla bych nedv\u011bdick\u00fdm fotbalist\u016fm mnohokr\u00e1t pod\u011bkovat. Moc si jejich\npomoci a snahy n\u00e1s podpo\u0159it v\u00e1\u017e\u00edme. Na\u0161i u\u017eivatel\u00e9 se celou sezonu p\u0159ipravovali\nna setk\u00e1n\u00ed s&nbsp;nedv\u011bdick\u00fdmi fotbalisty, p\u0159ipravili pro n\u011b kroniku se\nzaznamenan\u00fdmi z\u00e1pasy, berou sledov\u00e1n\u00ed fotbalov\u00e9ho d\u011bn\u00ed v&nbsp;na\u0161em regionu\nopravdu v\u00e1\u017en\u011b. Moc nedv\u011bdick\u00fdm fand\u00ed a t\u011b\u0161\u00ed se z&nbsp;jejich \u00fasp\u011bch\u016f,\u201c sd\u011blila\nPetra K\u00f6nigov\u00e1, vedouc\u00ed denn\u00edho stacion\u00e1\u0159e Rosa.<\/p>\n\n\n\n<p>Spole\u010dn\u00e9 setk\u00e1n\u00ed klient\u016f denn\u00edho stacion\u00e1\u0159e a fotbalist\u016f se zat\u00edm uskute\u010dnit\nnemohlo. Pomoc sportovc\u016f bude v&nbsp;Rose ale jasn\u011b viditeln\u00e1.<\/p>\n\n\n\n<p>\u201eNov\u00e1 koupelna bude p\u0159izp\u016fsobena k\u00a0celkov\u00e9 koupeli a pom\u016f\u017ee n\u00e1m tak zkvalitnit n\u00e1mi poskytovan\u00e9 slu\u017eby. Nedv\u011bdick\u00fdm fotbalist\u016fm p\u0159ejeme a\u0165 jim to i\u00a0nad\u00e1le tak v\u00fdborn\u011b \u201ekope\u201c a t\u011b\u0161\u00edme se na dal\u0161\u00ed spolupr\u00e1ci,\u201c vzk\u00e1zala Petra K\u00f6nigov\u00e1. <\/p>\n\n\n\n<p>Helena Zelen\u00e1 K\u0159\u00ed\u017eov\u00e1<\/p>\n\n\n\n<p>\u017d\u010f\u00e1rsk\u00fd den\u00edk<\/p>\n\n\n\n<p><a rel=\"noreferrer noopener\" aria-label=\" (otev\u0159e se na nov\u00e9 z\u00e1lo\u017ece)\" href=\"https:\/\/zdarsky.denik.cz\/\" target=\"_blank\">https:\/\/zdarsky.denik.cz\/<\/a><br><\/p>\n","protected":false},"excerpt":{"rendered":"<div class=\"mh-excerpt\"><p>V&nbsp;denn\u00edm stacion\u00e1\u0159i Rosa v&nbsp;Byst\u0159ici nad Pern\u0161tejnem zmodernizuj\u00ed koupelnu, kter\u00e1 bude slou\u017eit u\u017eivatel\u016fm s&nbsp;nejt\u011b\u017e\u0161\u00edm typem posti\u017een\u00ed. Pen\u00edze na rekonstrukci poskytli nedv\u011bdi\u010dt\u00ed fotbalist\u00e9. Ti uspo\u0159\u00e1dali sb\u00edrku nazvanou <a class=\"mh-excerpt-more\" href=\"https:\/\/www.invarena.cz\/?p=35356\" title=\"G\u00f3l pro charitu: Fotbalist\u00e9 obdarovali byst\u0159ick\u00fd denn\u00ed stacion\u00e1\u0159 Rosa\">[&#8230;]<\/a><\/p>\n<\/div>","protected":false},"author":1,"featured_media":21907,"comment_status":"open","ping_status":"closed","sticky":false,"template":"","format":"standard","meta":{"footnotes":""},"categories":[9],"tags":[],"class_list":["post-35356","post","type-post","status-publish","format-standard","has-post-thumbnail","hentry","category-zpravy"],"_links":{"self":[{"href":"https:\/\/www.invarena.cz\/index.php?rest_route=\/wp\/v2\/posts\/35356","targetHints":{"allow":["GET"]}}],"collection":[{"href":"https:\/\/www.invarena.cz\/index.php?rest_route=\/wp\/v2\/posts"}],"about":[{"href":"https:\/\/www.invarena.cz\/index.php?rest_route=\/wp\/v2\/types\/post"}],"author":[{"embeddable":true,"href":"https:\/\/www.invarena.cz\/index.php?rest_route=\/wp\/v2\/users\/1"}],"replies":[{"embeddable":true,"href":"https:\/\/www.invarena.cz\/index.php?rest_route=%2Fwp%2Fv2%2Fcomments&post=35356"}],"version-history":[{"count":0,"href":"https:\/\/www.invarena.cz\/index.php?rest_route=\/wp\/v2\/posts\/35356\/revisions"}],"wp:featuredmedia":[{"embeddable":true,"href":"https:\/\/www.invarena.cz\/index.php?rest_route=\/wp\/v2\/media\/21907"}],"wp:attachment":[{"href":"https:\/\/www.invarena.cz\/index.php?rest_route=%2Fwp%2Fv2%2Fmedia&parent=35356"}],"wp:term":[{"taxonomy":"category","embeddable":true,"href":"https:\/\/www.invarena.cz\/index.php?rest_route=%2Fwp%2Fv2%2Fcategories&post=35356"},{"taxonomy":"post_tag","embeddable":true,"href":"https:\/\/www.invarena.cz\/index.php?rest_route=%2Fwp%2Fv2%2Ftags&post=35356"}],"curies":[{"name":"wp","href":"https:\/\/api.w.org\/{rel}","templated":true}]}}